{"id":54999,"date":"2025-08-18T05:05:16","date_gmt":"2025-08-18T05:05:16","guid":{"rendered":"https:\/\/www.europesays.com\/es\/54999\/"},"modified":"2025-08-18T05:05:16","modified_gmt":"2025-08-18T05:05:16","slug":"eres-fuego-risa-y-drama","status":"publish","type":"post","link":"https:\/\/www.europesays.com\/es\/54999\/","title":{"rendered":"Eres fuego, risa y drama"},"content":{"rendered":"<p>Hace 10 d\u00edas, <strong>Paula Echevarr\u00eda celebr\u00f3 su cumplea\u00f1os en Marbella de la mano de Sandra Garc\u00eda-Sanju\u00e1n<\/strong>, la empresaria que est\u00e1 detr\u00e1s del exitoso Starlite. La actriz organiz\u00f3 una fiesta a la que invit\u00f3 a sus amigos m\u00e1s cercanos y por all\u00ed se dej\u00f3 ver su hija Daniella, fruto de su medi\u00e1tico matrimonio con David Bustamante. Ahora le ha llegado el turno de la joven, quien acaba de cumplir un a\u00f1o m\u00e1s. Por este motivo, Echevarr\u00eda le ha lanzado un mensaje a trav\u00e9s de sus redes sociales que dice: \u00ab<strong>Eres fuego, risa, drama, sensibilidad, coraz\u00f3n gigante<\/strong>, fuerza, coraje y car\u00e1cter\u00bb.<\/p>\n<p>Paula Echevarr\u00eda le ha dejado claro a Daniella Bustamante que es <strong>su \u00ableona favorita\u00bb<\/strong> y que est\u00e1 profundamente satisfecha por todo lo que ha conseguido. Hay que tener en cuenta que todav\u00eda es menor de edad, as\u00ed que su papel en los medios es bastante discreto, pero poco a poco va demostrando<strong> su capacidad para atraer la atenci\u00f3n del p\u00fablico<\/strong>. Tanto es as\u00ed que Paula se la llev\u00f3 a un evento y posaron juntas en un photocall, consolidando as\u00ed su puesto en la cr\u00f3nica social.<\/p>\n<p>El mensaje de Paula Echevarr\u00eda<\/p>\n<p><strong>La ex mujer de David Bustamante acumula 3.7 millones de seguidores en su cuenta de Instagram<\/strong> y ha aprovechado su influencia en esta plataforma para publicar una foto junto a su hija. En la imagen aparecen las dos, perfectamente vestidas, dando un paseo por la playa y debajo de la instant\u00e1nea pone: \u00ab<strong>Me enorgullece ver la maravillosa mujer en la que te est\u00e1s convirtiendo<\/strong> y c\u00f3mo descubres tu camino con tanta pasi\u00f3n. \u00a1Qu\u00e9 suerte tenerte!\u00bb.<\/p>\n<p>\n<img decoding=\"async\" loading=\"lazy\" class=\"size-medium wp-image-2358040\" alt=\"\" width=\"620\" height=\"469\"  src=\"https:\/\/www.europesays.com\/es\/wp-content\/uploads\/2025\/08\/1754781369_613_placeholder.jpg\"  bad-src=\"https:\/\/www.europesays.com\/es\/wp-content\/uploads\/2025\/08\/1754781369_613_placeholder.jpg\"\/><\/p>\n<p><img decoding=\"async\" loading=\"lazy\" class=\"size-medium wp-image-2358040\" src=\"https:\/\/www.europesays.com\/es\/wp-content\/uploads\/2025\/08\/publicacion-de-paula-echevarria-620x469.jpg\" alt=\"\" width=\"620\" height=\"469\"  \/><\/p>\n<p> Publicaci\u00f3n de Paula Echevarr\u00eda. (Foto: Instagram)\n<\/p>\n<p>Para terminar su comunicado, la actriz apunta: \u00ab<strong>Que tu rugido te haga seguir brillando siempre mi amor<\/strong>. Te quiero m\u00e1s que a mi vida!\u00bb. Por estas palabras, podemos intuir que<strong> Daniella Bustamante<\/strong> ha heredado el talento y la fortaleza de sus padres. En LOOK hemos comprobado que la iniciativa de Paula ha tenido una acogida fant\u00e1stica, pues su post cuenta con casi 500 comentarios y m\u00e1s de 39.000 personas han apretado el bot\u00f3n de \u00abme gusta\u00bb.<\/p>\n<p>Algunos rostros conocidos, como Chenoa o Poty Castillo, se han puesto en contacto con <a href=\"https:\/\/okdiario.com\/look\/actualidad\/paula-echevarria-pronuncia-sobre-estilo-leonor-sofia-estan-edad-muy-complicada-2354859\" rel=\"nofollow noopener\" target=\"_blank\">Paula Echevarr\u00eda<\/a> a trav\u00e9s de la \u00faltima foto que han compartido. Han aprovechado para felicitar a Daniella y para demostrar que la joven ya se ha hecho con el cari\u00f1o y el respeto de todos.<\/p>\n<p>Una relaci\u00f3n ejemplar<\/p>\n<p>\n<img decoding=\"async\" loading=\"lazy\" class=\"size-medium wp-image-2308699\" alt=\"Paula Echevarr\u00eda, David Bustamante, Daniella Bustamante, hija paula echevarr\u00eda, hija david bustamante\" width=\"620\" height=\"620\"  src=\"https:\/\/www.europesays.com\/es\/wp-content\/uploads\/2025\/08\/1754781369_613_placeholder.jpg\"  bad-src=\"https:\/\/www.europesays.com\/es\/wp-content\/uploads\/2025\/08\/1754781369_613_placeholder.jpg\"\/><\/p>\n<p><img decoding=\"async\" loading=\"lazy\" class=\"size-medium wp-image-2308699\" src=\"https:\/\/www.europesays.com\/es\/wp-content\/uploads\/2025\/08\/dani-620x620.jpg\" alt=\"Paula Echevarr\u00eda, David Bustamante, Daniella Bustamante, hija paula echevarr\u00eda, hija david bustamante\" width=\"620\" height=\"620\"  \/><\/p>\n<p> Paula Echevarr\u00eda y Daniella Bustamante en los ELLE Style Awards 2025. (Foto: Gtres)\n<\/p>\n<p>Teniendo en cuenta los problemas familiares que hay en las grandes sagas del mundo del coraz\u00f3n, como por ejemplo las diferencias que existen en el<strong> clan Pantoja<\/strong> o los ataques que se han lanzado<strong> los Mohedano<\/strong>, hay que poner en valor la estupenda relaci\u00f3n que Paula Echevarr\u00eda mantiene con su hija Daniella. La actriz la present\u00f3 en sociedad en una entrega de premios organizada por ELLE y dijo: \u00ab<a href=\"https:\/\/okdiario.com\/look\/actualidad\/opinion-david-bustamante-sobre-debut-hija-alfombra-roja-junto-paula-echevarria-2308491\" rel=\"nofollow noopener\" target=\"_blank\">Ha querido venir y es ella quien decide cuando s\u00ed y cuando no<\/a>. Ha sido muy especial y muy bonito\u00bb.<\/p>\n<p>Paula conoce perfectamente c\u00f3mo funciona el mundo del espect\u00e1culo y ha querido que la conexi\u00f3n de su hija con los medios se produzca de manera natural. <strong>Ha evitado que, el d\u00eda que cumpla 18 a\u00f1os, el p\u00fablico se le eche encima para conocerla<\/strong>. De esta forma, cuando llegue el momento, todos sabr\u00e1n qui\u00e9n es y habr\u00e1 menos expectaci\u00f3n. Sin duda, una postura muy inteligente que dar\u00e1 buenos resultados.<\/p>\n","protected":false},"excerpt":{"rendered":"Hace 10 d\u00edas, Paula Echevarr\u00eda celebr\u00f3 su cumplea\u00f1os en Marbella de la mano de Sandra Garc\u00eda-Sanju\u00e1n, la empresaria&hellip;\n","protected":false},"author":2,"featured_media":55000,"comment_status":"","ping_status":"","sticky":false,"template":"","format":"standard","meta":{"footnotes":""},"categories":[91],"tags":[146,147,25,24,15640,23],"class_list":{"0":"post-54999","1":"post","2":"type-post","3":"status-publish","4":"format-standard","5":"has-post-thumbnail","7":"category-entretenimiento","8":"tag-entertainment","9":"tag-entretenimiento","10":"tag-es","11":"tag-espana","12":"tag-paula-echevarria","13":"tag-spain"},"share_on_mastodon":{"url":"","error":""},"_links":{"self":[{"href":"https:\/\/www.europesays.com\/es\/wp-json\/wp\/v2\/posts\/54999","targetHints":{"allow":["GET"]}}],"collection":[{"href":"https:\/\/www.europesays.com\/es\/wp-json\/wp\/v2\/posts"}],"about":[{"href":"https:\/\/www.europesays.com\/es\/wp-json\/wp\/v2\/types\/post"}],"author":[{"embeddable":true,"href":"https:\/\/www.europesays.com\/es\/wp-json\/wp\/v2\/users\/2"}],"replies":[{"embeddable":true,"href":"https:\/\/www.europesays.com\/es\/wp-json\/wp\/v2\/comments?post=54999"}],"version-history":[{"count":0,"href":"https:\/\/www.europesays.com\/es\/wp-json\/wp\/v2\/posts\/54999\/revisions"}],"wp:featuredmedia":[{"embeddable":true,"href":"https:\/\/www.europesays.com\/es\/wp-json\/wp\/v2\/media\/55000"}],"wp:attachment":[{"href":"https:\/\/www.europesays.com\/es\/wp-json\/wp\/v2\/media?parent=54999"}],"wp:term":[{"taxonomy":"category","embeddable":true,"href":"https:\/\/www.europesays.com\/es\/wp-json\/wp\/v2\/categories?post=54999"},{"taxonomy":"post_tag","embeddable":true,"href":"https:\/\/www.europesays.com\/es\/wp-json\/wp\/v2\/tags?post=54999"}],"curies":[{"name":"wp","href":"https:\/\/api.w.org\/{rel}","templated":true}]}}