{"id":55001,"date":"2025-08-18T05:08:07","date_gmt":"2025-08-18T05:08:07","guid":{"rendered":"https:\/\/www.europesays.com\/es\/55001\/"},"modified":"2025-08-18T05:08:07","modified_gmt":"2025-08-18T05:08:07","slug":"trump-ni-recuperar-crimea-ni-entrada-en-la-otan-para-ucrania-internacional","status":"publish","type":"post","link":"https:\/\/www.europesays.com\/es\/55001\/","title":{"rendered":"Trump: ni \u201crecuperar Crimea\u201d ni entrada en la OTAN para Ucrania | Internacional"},"content":{"rendered":"<p class=\"\">Apenas horas antes de su reuni\u00f3n en la Casa Blanca este lunes, clave para el futuro de <a href=\"https:\/\/elpais.com\/noticias\/ofensiva-rusia-ucrania\/\" target=\"_self\" rel=\"nofollow noopener\" title=\"https:\/\/elpais.com\/noticias\/ofensiva-rusia-ucrania\/\">Ucrania<\/a>, el presidente de Estados Unidos, Donald Trump, ha incrementado la presi\u00f3n sobre el l\u00edder ucranio, Volod\u00edmir Zelenski. En un mensaje en su red social, Truth, el republicano ha instado a su hom\u00f3logo a aceptar la paz con Rusia. Tambi\u00e9n ha precisado que Kiev no puede aspirar a \u201crecuperar Crimea\u201d, la pen\u00ednsula que Rusia ocup\u00f3 en 2014, ni tampoco \u201cunirse a la OTAN\u201d.<\/p>\n<p class=\"\">Seg\u00fan la agenda p\u00fablica que ha distribuido la Casa Blanca a \u00faltima hora del domingo, Zelenski y <a href=\"https:\/\/elpais.com\/internacional\/2025-08-17\/los-lideres-de-la-ue-y-la-otan-acompanaran-a-zelenski-a-washington-para-verse-con-trump.html\" target=\"_self\" rel=\"nofollow noopener\" title=\"https:\/\/elpais.com\/internacional\/2025-08-17\/los-lideres-de-la-ue-y-la-otan-acompanaran-a-zelenski-a-washington-para-verse-con-trump.html\">los aliados europeos que le acompa\u00f1an<\/a> llegar\u00e1n a la residencia del presidente estadounidense a mediod\u00eda, hora de Washington (18.00 hora peninsular espa\u00f1ola). Trump celebrar\u00e1 una reuni\u00f3n bilateral de una hora con el ucranio a las 13.15 en el Despacho Oval. Despu\u00e9s habr\u00e1 una foto de familia, y un encuentro con los l\u00edderes visitantes a las 15.00. Esta \u00faltima cita tendr\u00e1 lugar en la sala Este, la mayor de la zona residencial de la Casa Blanca: en toda el ala oeste, donde se desarrollan las funciones ejecutivas, no hay una habitaci\u00f3n lo suficientemente grande como para acogerlos a todos.<\/p>\n<p class=\"\">En su mensaje en redes, Trump viene a dejar la pelota del lado de Zelenski en la responsabilidad de acabar la guerra. El l\u00edder del pa\u00eds ocupado \u201cpuede acabar la guerra con Rusia casi inmediatamente si quiere, o puede seguir peleando\u201d, escribe, repitiendo una idea que ya hab\u00eda formulado tras su cumbre con Vlad\u00edmir Putin en Alaska el viernes. Entonces, hab\u00eda asegurado que \u201cahora depende del presidente Zelenski lograrlo [el acuerdo de paz]\u201d.<\/p>\n<p class=\"\">\u201cRecuerden c\u00f3mo empez\u00f3. No recuperar la Crimea regalada por Obama hace doce a\u00f1os y no entrada en la OTAN para Ucrania. \u00a1Algunas cosas no cambian nunca!\u201d, agrega el presidente estadounidense en su mensaje del domingo. <\/p>\n<p class=\"\">La reuni\u00f3n con <a href=\"https:\/\/elpais.com\/internacional\/2025-08-16\/zelenski-mantiene-la-fe-en-trump-pero-su-pais-cree-que-ee-uu-los-ha-vuelto-a-dejar-en-la-estacada.html\" target=\"_self\" rel=\"nofollow noopener\" title=\"https:\/\/elpais.com\/internacional\/2025-08-16\/zelenski-mantiene-la-fe-en-trump-pero-su-pais-cree-que-ee-uu-los-ha-vuelto-a-dejar-en-la-estacada.html\">Zelenski <\/a>llega tres d\u00edas despu\u00e9s de la que mantuvo con el l\u00edder ruso, Vlad\u00edmir Putin, en Alaska, sobre el futuro del conflicto y tras la que el estadounidense parece haber vuelto a aceptar las exigencias de Mosc\u00fa. Trump anunciaba que deja de exigir un alto el fuego como paso previo a las negociaciones, como reclamaban Ucrania y los europeos y algo que el ruso esquivaba aceptar. <\/p>\n<p class=\"\">M\u00e1s tarde trascend\u00eda que el plan que el aut\u00f3crata ruso \u2014agasajado por Trump en Alaska como un igual\u2014 present\u00f3 al estadounidense, y este traslad\u00f3 a los aliados occidentales, <a href=\"https:\/\/elpais.com\/internacional\/2025-08-16\/putin-reclama-ante-trump-el-control-total-de-la-region-de-donbas-para-detener-la-guerra.html\" target=\"_self\" rel=\"nofollow noopener\" title=\"https:\/\/elpais.com\/internacional\/2025-08-16\/putin-reclama-ante-trump-el-control-total-de-la-region-de-donbas-para-detener-la-guerra.html\">propone hacerse con el control completo del Donb\u00e1s<\/a> (las provincias de Luhansk y Donetsk), incluidas las zonas bajo control de las fuerzas ucranias, a cambio de congelar la l\u00ednea de frente. Putin tambi\u00e9n insist\u00eda en su declaraci\u00f3n tras el encuentro en que para poner fin al conflicto es necesario atajar \u201clas causas de la guerra\u201d. Con esa expresi\u00f3n, Mosc\u00fa exige el bloqueo definitivo a la entrada de Ucrania en la OTAN y la dr\u00e1stica limitaci\u00f3n del suministro de armamento occidental al pa\u00eds ocupado.<\/p>\n<p class=\"\">Zelenski llegaba en la noche del domingo para una <a href=\"https:\/\/elpais.com\/internacional\/2025-08-10\/trump-devuelve-a-ucrania-a-la-casilla-de-salida-pese-a-las-concesiones-europeas.html\" target=\"_self\" rel=\"nofollow noopener\" title=\"https:\/\/elpais.com\/internacional\/2025-08-10\/trump-devuelve-a-ucrania-a-la-casilla-de-salida-pese-a-las-concesiones-europeas.html\">reuni\u00f3n clave<\/a> para el futuro de su pa\u00eds, en la que \u00e9l y los europeos quieren poner el \u00e9nfasis en la necesidad de que Ucrania reciba garant\u00edas cre\u00edbles de seguridad en cualquier tipo de acuerdo de paz. En un mensaje en la red social X declaraba que la paz \u201cdebe ser duradera. No como hace a\u00f1os, cuando Ucrania se vio obligada a ceder Crimea y parte del Donb\u00e1s, y Putin lo utiliz\u00f3 simplemente como plataforma para su siguiente invasi\u00f3n\u201d. \u201cRusia tiene que ser quien ponga fin a la guerra que empez\u00f3\u201d, declaraba el l\u00edder ucranio.<\/p>\n<p class=\"\">El l\u00edder ucranio comparece en Washington acompa\u00f1ado por una larga lista de l\u00edderes europeos para respaldarle: la presidenta de la Comisi\u00f3n Europea, Ursula Von der Leyen; el canciller alem\u00e1n, Friedrich Merz; los presidentes de Francia, Emmanuel Macron; de Finlandia, Alexander Stubb, as\u00ed como la jefa del Gobierno italiano, Giorgia Meloni; el primer ministro brit\u00e1nico, Keir Stamer, y el secretario general de la OTAN, Mark Rutte.<\/p>\n<p class=\"\">En un segundo mensaje en sus redes, Trump ha hecho referencia a la visita de los l\u00edderes europeos: \u201cgran d\u00eda en la Casa Blanca ma\u00f1ana. Nunca hemos tenido tantos L\u00edderes Europeos a la vez. \u00a1Es un gran honor recibirles!\u201d.<\/p>\n<p class=\"\">Los europeos quieren asegurarse de que el ucranio no recibe el mismo trato que hace seis meses, en su \u00faltima visita al Despacho Oval, cuando Trump y el vicepresidente J.D. Vance le abroncaron muy p\u00fablicamente por pedir ayuda contra Rusia. Tambi\u00e9n quieren dejar clara ante al estadounidense sobre su posici\u00f3n de solidaridad con Ucrania y su rechazo al plan de Putin, y demostrar su unidad para que el final de la invasi\u00f3n no sea algo decidido entre Washington y Mosc\u00fa y que Ucrania no tiene m\u00e1s remedio que aceptar. Casi todos los pa\u00edses europeos \u2014especialmente los m\u00e1s pr\u00f3ximos a la frontera con Rusia\u2014 entienden que la seguridad del continente pasa por el futuro de Ucrania.<\/p>\n","protected":false},"excerpt":{"rendered":"Apenas horas antes de su reuni\u00f3n en la Casa Blanca este lunes, clave para el futuro de Ucrania,&hellip;\n","protected":false},"author":2,"featured_media":55002,"comment_status":"","ping_status":"","sticky":false,"template":"","format":"standard","meta":{"footnotes":""},"categories":[42],"tags":[8738,17,18,4329,70,71,72,352,629,700,13,14,69,7082,11,61,62,63,64,19,20,9,10,15,16,1613,1614,12,7081,21,22,1617,7083,14181,65,66,67],"class_list":{"0":"post-55001","1":"post","2":"type-post","3":"status-publish","4":"format-standard","5":"has-post-thumbnail","7":"category-internacional","8":"tag-ataques-militares","9":"tag-breaking-news","10":"tag-breakingnews","11":"tag-casa-blanca","12":"tag-conflictos","13":"tag-conflictos-armados","14":"tag-conflictos-internacionales","15":"tag-donald-trump","16":"tag-estados-unidos","17":"tag-europa","18":"tag-featured-news","19":"tag-featurednews","20":"tag-guerra","21":"tag-guerra-de-rusia-en-ucrania","22":"tag-headlines","23":"tag-internacional","24":"tag-international","25":"tag-international-news","26":"tag-internationalnews","27":"tag-latest-news","28":"tag-latestnews","29":"tag-news","30":"tag-noticias","31":"tag-noticias-destacadas","32":"tag-noticiasdestacadas","33":"tag-otan","34":"tag-rusia","35":"tag-titulares","36":"tag-ucrania","37":"tag-ultimas-noticias","38":"tag-ultimasnoticias","39":"tag-union-europea","40":"tag-vladimir-putin","41":"tag-volodimir-zelenski","42":"tag-world","43":"tag-world-news","44":"tag-worldnews"},"share_on_mastodon":{"url":"","error":""},"_links":{"self":[{"href":"https:\/\/www.europesays.com\/es\/wp-json\/wp\/v2\/posts\/55001","targetHints":{"allow":["GET"]}}],"collection":[{"href":"https:\/\/www.europesays.com\/es\/wp-json\/wp\/v2\/posts"}],"about":[{"href":"https:\/\/www.europesays.com\/es\/wp-json\/wp\/v2\/types\/post"}],"author":[{"embeddable":true,"href":"https:\/\/www.europesays.com\/es\/wp-json\/wp\/v2\/users\/2"}],"replies":[{"embeddable":true,"href":"https:\/\/www.europesays.com\/es\/wp-json\/wp\/v2\/comments?post=55001"}],"version-history":[{"count":0,"href":"https:\/\/www.europesays.com\/es\/wp-json\/wp\/v2\/posts\/55001\/revisions"}],"wp:featuredmedia":[{"embeddable":true,"href":"https:\/\/www.europesays.com\/es\/wp-json\/wp\/v2\/media\/55002"}],"wp:attachment":[{"href":"https:\/\/www.europesays.com\/es\/wp-json\/wp\/v2\/media?parent=55001"}],"wp:term":[{"taxonomy":"category","embeddable":true,"href":"https:\/\/www.europesays.com\/es\/wp-json\/wp\/v2\/categories?post=55001"},{"taxonomy":"post_tag","embeddable":true,"href":"https:\/\/www.europesays.com\/es\/wp-json\/wp\/v2\/tags?post=55001"}],"curies":[{"name":"wp","href":"https:\/\/api.w.org\/{rel}","templated":true}]}}