{"id":550044,"date":"2026-05-14T04:02:13","date_gmt":"2026-05-14T04:02:13","guid":{"rendered":"https:\/\/www.europesays.com\/es\/550044\/"},"modified":"2026-05-14T04:02:13","modified_gmt":"2026-05-14T04:02:13","slug":"en-directo-alaves-barca-narracion-en-vivo-de-la-jornada-36-de-liga","status":"publish","type":"post","link":"https:\/\/www.europesays.com\/es\/550044\/","title":{"rendered":"En directo, Alav\u00e9s-Bar\u00e7a: Narraci\u00f3n en vivo de la jornada 36 de Liga"},"content":{"rendered":"<p class=\"v-d-p\">Una victoria que vale m\u00e1s que tres puntos. Que partidazo del Deportivo Alav\u00e9s que deja la porter\u00eda a cero en liga despu\u00e9s de cinco meses sin hacerlo. El Alav\u00e9s ha sabido sufrir lo que no ha sabido sufrir en toda la temporada, y ha sido gracias a jugadores como Koski que no hab\u00eda sido titular nunca con el Alav\u00e9s y ha despejado todo, Rebbach y \u00c1ngel que se han desfondado corriendo arriba y abajo, el centro del campo que no ha dejado jugar entre l\u00edneas al Barca, Toni que no ha parado de correr y pelearse con los centrales, y Diabate que ha aprovechado la \u00fanica acci\u00f3n clara del partido para meter el gol que le da m\u00e1s que tres puntos al Deportivo Alav\u00e9s. Con esta victoria se coloca decimoquinto y pase lo que pase ma\u00f1ana terminar\u00e1 la jornada 36 fuera de descenso. Una victoria que da aire al Alav\u00e9s y que le permite irse el domingo a Oviedo con mucha menos presi\u00f3n.<\/p>\n","protected":false},"excerpt":{"rendered":"Una victoria que vale m\u00e1s que tres puntos. Que partidazo del Deportivo Alav\u00e9s que deja la porter\u00eda a&hellip;\n","protected":false},"author":2,"featured_media":550045,"comment_status":"","ping_status":"","sticky":false,"template":"","format":"standard","meta":{"footnotes":""},"categories":[93],"tags":[1334,168,106820,25,24,17677,23,167],"class_list":["post-550044","post","type-post","status-publish","format-standard","has-post-thumbnail","category-deportes","tag-alaves","tag-deportes","tag-directo-partidos-del-alaves","tag-es","tag-espana","tag-liga-ea-sports","tag-spain","tag-sports"],"share_on_mastodon":{"url":"https:\/\/pubeurope.com\/@es\/116570944115679291","error":""},"_links":{"self":[{"href":"https:\/\/www.europesays.com\/es\/wp-json\/wp\/v2\/posts\/550044","targetHints":{"allow":["GET"]}}],"collection":[{"href":"https:\/\/www.europesays.com\/es\/wp-json\/wp\/v2\/posts"}],"about":[{"href":"https:\/\/www.europesays.com\/es\/wp-json\/wp\/v2\/types\/post"}],"author":[{"embeddable":true,"href":"https:\/\/www.europesays.com\/es\/wp-json\/wp\/v2\/users\/2"}],"replies":[{"embeddable":true,"href":"https:\/\/www.europesays.com\/es\/wp-json\/wp\/v2\/comments?post=550044"}],"version-history":[{"count":0,"href":"https:\/\/www.europesays.com\/es\/wp-json\/wp\/v2\/posts\/550044\/revisions"}],"wp:featuredmedia":[{"embeddable":true,"href":"https:\/\/www.europesays.com\/es\/wp-json\/wp\/v2\/media\/550045"}],"wp:attachment":[{"href":"https:\/\/www.europesays.com\/es\/wp-json\/wp\/v2\/media?parent=550044"}],"wp:term":[{"taxonomy":"category","embeddable":true,"href":"https:\/\/www.europesays.com\/es\/wp-json\/wp\/v2\/categories?post=550044"},{"taxonomy":"post_tag","embeddable":true,"href":"https:\/\/www.europesays.com\/es\/wp-json\/wp\/v2\/tags?post=550044"}],"curies":[{"name":"wp","href":"https:\/\/api.w.org\/{rel}","templated":true}]}}