{"id":551289,"date":"2026-05-14T20:10:12","date_gmt":"2026-05-14T20:10:12","guid":{"rendered":"https:\/\/www.europesays.com\/es\/551289\/"},"modified":"2026-05-14T20:10:12","modified_gmt":"2026-05-14T20:10:12","slug":"xavier-vidal-folch-sobre-la-cumbre-trump-jinping-el-lider-chino-le-ha-pegado-una-gruesa-andanada-a-su-declinante-visitante-opinion","status":"publish","type":"post","link":"https:\/\/www.europesays.com\/es\/551289\/","title":{"rendered":"Xavier Vidal-Folch, sobre la cumbre Trump-Jinping: \u00abEl l\u00edder chino le ha pegado una gruesa andanada a su declinante visitante\u00bb | Opini\u00f3n"},"content":{"rendered":"<p class=\"loc\">Barcelona<\/p>\n<p>\u00a1Qu\u00e9 desgracia para EEUU y para todo Occidente! China es muy poderosa. Y como <a href=\"https:\/\/cadenaser.com\/nacional\/2026\/05\/14\/xi-jinping-se-abre-a-la-cooperacion-con-trump-que-aboga-por-la-diplomacia-para-resolver-diferencias-cadena-ser\/\" target=\"_blank\" rel=\"nofollow noopener\" title=\"https:\/\/cadenaser.com\/nacional\/2026\/05\/14\/xi-jinping-se-abre-a-la-cooperacion-con-trump-que-aboga-por-la-diplomacia-para-resolver-diferencias-cadena-ser\/\">no se le puede ir con amenazas ni ultim\u00e1tums<\/a>, a Donald Trump no se le ha ocurrido m\u00e1s que soltar su ch\u00e1chara vac\u00eda. Ha sido hace apenas unas horas, al iniciar su visita al presidente chino, Xi Jiping. En Pek\u00edn.<\/p>\n<p>El l\u00edder chino, en fase ascendente, le ha pegado una gruesa andanada a su declinante visitante. Cuidado con Taiwan, que puede llevarnos \u00abal conflicto\u00bb, le ha advertido, con suavidad de serpiente. O sea, estate preparado, que no desistir\u00e9 de reclamar la anexi\u00f3n de la isla rebelde. Y el magnate inmobiliario, venga a decirle que su relaci\u00f3n mutua \u00abes fant\u00e1stica\u00bb y lo ser\u00e1 todav\u00eda m\u00e1s, que son buenos amigos, que se llaman cada vez que hay un problema.<\/p>\n<p>La advertencia de Xi es seria. En realidad esconde una amenaza de intervenir militarmente contra Taiwan, que es un Estado reconocido por otros muchos otros, el primero, EEUU.<\/p>\n<p>M\u00e1s informaci\u00f3n<\/p>\n<p>\u00bfPor qu\u00e9 a Trump no se le ocurre replicar que ni por esas, que eso equivaldr\u00eda a machacar el orden internacional, destruir el derecho internacional y suscitar una crisis mundial?<\/p>\n<p>    <img decoding=\"async\" src=\"https:\/\/www.europesays.com\/es\/wp-content\/uploads\/2026\/05\/app-ser-3.png\" alt=\"Nueva APP de Cadena SER\" loading=\"lazy\" width=\"109\" height=\"82\"\/><\/p>\n<p>Descubre la nueva app de Cadena\u00a0SER<br \/>\n        Te ofrecemos una mejor experiencia de audio y video\n    <\/p>\n<p>    <a href=\"https:\/\/trackingcodes.prisamedia.com\/ser.html?utm_campaign=app-include-articulo&amp;utm_source=web\" class=\"p-a-fa-b\" rel=\"nofollow noopener\" target=\"_blank\">Descargar<\/a><\/p>\n<p>Porque no puede. No puede predicar con el ejemplo, sino todo lo contrario. Apoya a Putin, que invade militarmente un pa\u00eds, en una operaci\u00f3n que ya dura m\u00e1s de cuatro a\u00f1os, violando el principio de la integridad territorial de los Estados, que es un elemento clave del derecho internacional. Secuestra a un presidente, el venezolano, atentando contra el principio de la soberan\u00eda nacional, otro principio b\u00e1sico del derecho internacional. Y bombardea Ir\u00e1n, violando la prohibici\u00f3n de las guerras de agresi\u00f3n que figura en la Carta fundacional de la ONU, el fundamento del derecho internacional. Adem\u00e1s, claro, de armar a su c\u00f3mplice genocida de Israel.<\/p>\n<p>Es una invitaci\u00f3n permanente a que los dem\u00e1s, China en cabeza, no hagan lo que \u00e9l dice que dice, sino lo que \u00e9l en realidad hace: el falso pacifismo de sangre y fuego.<\/p>\n","protected":false},"excerpt":{"rendered":"Barcelona \u00a1Qu\u00e9 desgracia para EEUU y para todo Occidente! China es muy poderosa. Y como no se le&hellip;\n","protected":false},"author":2,"featured_media":551290,"comment_status":"","ping_status":"","sticky":false,"template":"","format":"standard","meta":{"footnotes":""},"categories":[42],"tags":[17,18,30343,352,13,14,11,61,62,63,64,19,20,9,10,15,16,5915,12,21,22,106991,65,66,67,13847],"class_list":["post-551289","post","type-post","status-publish","format-standard","has-post-thumbnail","category-internacional","tag-breaking-news","tag-breakingnews","tag-children","tag-donald-trump","tag-featured-news","tag-featurednews","tag-headlines","tag-internacional","tag-international","tag-international-news","tag-internationalnews","tag-latest-news","tag-latestnews","tag-news","tag-noticias","tag-noticias-destacadas","tag-noticiasdestacadas","tag-summit","tag-titulares","tag-ultimas-noticias","tag-ultimasnoticias","tag-welcome-ceremony","tag-world","tag-world-news","tag-worldnews","tag-xi-jinping"],"share_on_mastodon":{"url":"","error":"Validation failed: Text character limit of 500 exceeded"},"_links":{"self":[{"href":"https:\/\/www.europesays.com\/es\/wp-json\/wp\/v2\/posts\/551289","targetHints":{"allow":["GET"]}}],"collection":[{"href":"https:\/\/www.europesays.com\/es\/wp-json\/wp\/v2\/posts"}],"about":[{"href":"https:\/\/www.europesays.com\/es\/wp-json\/wp\/v2\/types\/post"}],"author":[{"embeddable":true,"href":"https:\/\/www.europesays.com\/es\/wp-json\/wp\/v2\/users\/2"}],"replies":[{"embeddable":true,"href":"https:\/\/www.europesays.com\/es\/wp-json\/wp\/v2\/comments?post=551289"}],"version-history":[{"count":0,"href":"https:\/\/www.europesays.com\/es\/wp-json\/wp\/v2\/posts\/551289\/revisions"}],"wp:featuredmedia":[{"embeddable":true,"href":"https:\/\/www.europesays.com\/es\/wp-json\/wp\/v2\/media\/551290"}],"wp:attachment":[{"href":"https:\/\/www.europesays.com\/es\/wp-json\/wp\/v2\/media?parent=551289"}],"wp:term":[{"taxonomy":"category","embeddable":true,"href":"https:\/\/www.europesays.com\/es\/wp-json\/wp\/v2\/categories?post=551289"},{"taxonomy":"post_tag","embeddable":true,"href":"https:\/\/www.europesays.com\/es\/wp-json\/wp\/v2\/tags?post=551289"}],"curies":[{"name":"wp","href":"https:\/\/api.w.org\/{rel}","templated":true}]}}