{"id":55139,"date":"2025-08-18T06:39:09","date_gmt":"2025-08-18T06:39:09","guid":{"rendered":"https:\/\/www.europesays.com\/es\/55139\/"},"modified":"2025-08-18T06:39:09","modified_gmt":"2025-08-18T06:39:09","slug":"las-grandes-promotoras-se-lanzan-a-por-una-de-las-ultimas-bolsas-de-suelo-del-centro-de-madrid","status":"publish","type":"post","link":"https:\/\/www.europesays.com\/es\/55139\/","title":{"rendered":"Las grandes promotoras se lanzan a por una de las \u00faltimas bolsas de suelo del centro de Madrid"},"content":{"rendered":"<p>El nuevo<b> desarrollo urban\u00edstico de la Ermita del Santo, <\/b>en Madrid, avanza hacia su fase definitiva con un movimiento estrat\u00e9gico que est\u00e1 despertando el inter\u00e9s de algunos de los principales actores del sector. Seg\u00fan ha confirmado a elEconomista.es Francisco Sacchini, representante del grupo inversor SAF SON Group y gestor del proyecto, <b>\u00abestamos en conversaciones con grandes promotoras espa\u00f1olas para venderles parte de los suelos<\/b> finalistas, mientras que otra parte ser\u00e1 desarrollada directamente por nuestro grupo\u00bb.<\/p>\n<p>La operaci\u00f3n, que todav\u00eda se encuentra en fase de negociaci\u00f3n, contempla que <b>los actuales propietarios del suelo mantengan en torno al 60% de la edificabilidad para su propio desarrollo y que el 40% restante se asocie con un socio promotor <\/b>\u00abde primer nivel\u00bb. Aunque Sacchini no revela nombres, recalca que \u00abse trata de importantes promotores espa\u00f1oles que conocen muy bien el mercado y que ya han mostrado su inter\u00e9s en este proyecto\u00bb.<\/p>\n<p><b>El proyecto, situado en el barrio de Los C\u00e1rmenes, es una de las pocas bolsas de suelo listas para construir dentro de la M-30 <\/b>y prev\u00e9 la construcci\u00f3n de alrededor de<b> 550 viviendas, <\/b>de las que 150 ser\u00e1n de <a href=\"https:\/\/www.eleconomista.es\/vivienda-inmobiliario\/noticias\/13216066\/02\/25\/madrid-lidera-la-construccion-de-vivienda-protegida-en-espana-con-casi-11000-pisos-el-doble-que-cataluna.html\" title=\"Madrid lidera la construcci\u00f3n de vivienda protegida en Espa\u00f1a con casi 11.000 pisos, el doble que Catalu\u00f1a\" rel=\"nofollow noopener\" target=\"_blank\">protecci\u00f3n oficial<\/a>, esto es el 28% del aprovechamiento urban\u00edstico, superando as\u00ed las obligaciones de cesi\u00f3n al Ayuntamiento. El resto se dividir\u00e1 entre un gran edificio destinado a<a href=\"https:\/\/www.eleconomista.es\/vivienda-inmobiliario\/noticias\/13376266\/05\/25\/que-es-el-flex-living-y-por-que-malaga-y-sevilla-se-posicionan-como-nuevas-favoritas-de-los-inversores-residenciales.html\" title=\"Qu\u00e9 es el flex living y por qu\u00e9 M\u00e1laga y Sevilla se posicionan como nuevas favoritas de los inversores residenciales\" rel=\"nofollow noopener\" target=\"_blank\"> flex living<\/a> (vivienda en alquiler adaptable a distintos perfiles de usuarios) y cuatro parcelas residenciales libres con locales comerciales en planta baja para atender las necesidades de los nuevos vecinos.<\/p>\n<p><b>\u00abLas obras de urbanizaci\u00f3n cuentan ya con financiaci\u00f3n asegurada\u00bb<\/b>, explica el directivo. Hace tres meses se cerr\u00f3 un acuerdo con el fondo privado Maslow Capital, por 30 millones de euros, que garantiza la ejecuci\u00f3n completa de esta fase. \u00abLa banca tradicional no financia proyectos en esta etapa, por lo que recurrimos a financiaci\u00f3n alternativa. Con esta operaci\u00f3n, tenemos los recursos necesarios para completar las obras de urbanizaci\u00f3n\u00bb, detalla Sacchini.<\/p>\n<p>                            <img decoding=\"async\" src=\"https:\/\/www.europesays.com\/es\/wp-content\/uploads\/2025\/08\/770x_parque.jpg\" loading=\"lazy\"\/><\/p>\n<p>Si se cumplen los plazos previstos, el Ayuntamiento podr\u00eda dar luz verde definitiva en 2026, a\u00f1o en el que comenzar\u00edan tanto las obras de urbanizaci\u00f3n como las primeras edificaciones, con<b> entrega estimada de viviendas a partir del a\u00f1o 2028.<\/b> El plan de SAF SON Group combina la venta de parte de los suelos a un gran promotor y el desarrollo directo del resto.<\/p>\n<p><b>\u00abNuestro modelo contempla que seamos dos actores los que llevemos a cabo el barrio: nosotros y un socio estrat\u00e9gico<\/b>. Las conversaciones est\u00e1n muy avanzadas y esperamos cerrar el acuerdo en un plazo razonable\u00bb, avanza Sacchini.<\/p>\n<p>La historia del proyecto<\/p>\n<p>Este nuevo desarrollo se promover\u00e1 sobre los terrenos ocupados en el pasado por el centro comercial Ermita, de titularidad privada. La historia reciente del suelo se remonta a la compra que, en plena crisis financiera de 2010-2011, que realiz\u00f3<b> un grupo venezolano liderado por el empresario Alberto Finol Gal\u00e9.<\/b><\/p>\n<p>\u00abEn aquel momento pocos se atrev\u00edan a invertir en inmobiliario, pero <b>Finol tuvo la visi\u00f3n de que este activo, a futuro, podr\u00eda convertirse en una oportunidad de negocio atractiva\u00bb,<\/b> explica Sacchini. El grupo adquiri\u00f3 entonces el 85% de la propiedad a varios bancos que se hab\u00edan quedado con los activos tras la insolvencia de sus anteriores due\u00f1os.<\/p>\n<p>Con el tiempo, y tras diversas operaciones de compra a minoritarios, el control de los suelos se concentra hoy en un 99,2% en manos de ambos accionistas (el 80% es de la familia Finol) quedando apenas un 0,8% en manos de dos propietarios minoritarios.<\/p>\n<p><b>En 2016 comenz\u00f3 el proceso para modificar el Plan General de Ordenaci\u00f3n Urbana <\/b>(PGOU) y <b>cambiar el uso original del suelo,<\/b> calificado como deportivo privada, a uso residencial y comercial. El nuevo planeamiento reserva aproximadamente un 80% de la edificabilidad a vivienda y un 20% a uso comercial<b>. \u00abQuer\u00edamos adaptar el proyecto a la demanda real de la ciudad y crear un entorno que aportara valor<\/b>, no solo a los futuros residentes sino tambi\u00e9n a la comunidad\u00bb, se\u00f1ala Sacchini.<\/p>\n<p>La tramitaci\u00f3n urban\u00edstica ha pasado por diferentes fases y equipos de gobierno municipal, con una primera aprobaci\u00f3n inicial en 2021. Durante el proceso de alegaciones, se acord\u00f3 reducir la edificabilidad en un 7% y rebajar la altura de las torres -una en seis plantas y otra en cuatro-, adem\u00e1s de concentrar la edificaci\u00f3n en una zona concreta para liberar un gran corredor verde que conectar\u00e1 dos parques.<b> \u00abPr\u00e1cticamente el 70% de lo que hoy es un espacio privado se transformar\u00e1 en espacio p\u00fablico\u00bb,<\/b> subraya Sacchini. El directivo apunta que con una inversi\u00f3n hasta la fecha de 70 millones, este proyecto es uno de los pocos que inyectar\u00e1 vivienda nueva en gran escala dentro de la M30.<\/p>\n<p>WhatsApp<a href=\"https:\/\/api.whatsapp.com\/send?text=https:\/\/www.eleconomista.es\/vivienda-inmobiliario\/noticias\/13507895\/08\/25\/las-grandes-promotoras-se-lanzan-a-por-una-de-las-ultimas-bolsas-de-suelo-del-centro-de-madrid.html?utm_source%3Dwhatsapp%26utm_medium%3Dshare_button&amp;id=1648118629957_whatsapp\" target=\"_blank\" data-action=\"share\/whatsapp\/share\" aria-label=\"Compartir en Whatsapp\" rel=\"nofollow noopener\"><\/a>Facebook<a id=\"fb-share\" href=\"#\" target=\"_blank\" rel=\"noopener noreferrer\" aria-label=\"Compartir en Facebook\"><\/a>Twitter<a href=\"https:\/\/twitter.com\/share?text=Las+grandes+promotoras+se+lanzan+a+por+una+de+las+%C3%BAltimas+bolsas+de+suelo+del+centro+de+Madrid&amp;url=https:\/\/www.eleconomista.es\/vivienda-inmobiliario\/noticias\/13507895\/08\/25\/las-grandes-promotoras-se-lanzan-a-por-una-de-las-ultimas-bolsas-de-suelo-del-centro-de-madrid.html&amp;via=elEconomistaes&amp;id=1648118839245_twitter\" target=\"_blank\" aria-label=\"Compartir en Twitter\" rel=\"nofollow noopener\"><\/a>Linkedin<a href=\"https:\/\/linkedin.com\/share?text=https:\/\/www.eleconomista.es\/vivienda-inmobiliario\/noticias\/13507895\/08\/25\/las-grandes-promotoras-se-lanzan-a-por-una-de-las-ultimas-bolsas-de-suelo-del-centro-de-madrid.html&amp;via=elEconomistaes\" target=\"_blank\" aria-label=\"Compartir en linkedin\" rel=\"nofollow noopener\"><\/a>Beloud<a href=\"https:\/\/beloud.com\/share?text=Las+grandes+promotoras+se+lanzan+a+por+una+de+las+%C3%BAltimas+bolsas+de+suelo+del+centro+de+Madrid&amp;url=https:\/\/www.eleconomista.es\/vivienda-inmobiliario\/noticias\/13507895\/08\/25\/las-grandes-promotoras-se-lanzan-a-por-una-de-las-ultimas-bolsas-de-suelo-del-centro-de-madrid.html&amp;via=elEconomistaes&amp;id=1648118839245_beloud\" target=\"_blank\" aria-label=\"Compartir en beloud\" rel=\"nofollow noopener\"><\/a>Bluesky<a href=\"https:\/\/bsky.app\/intent\/compose?text=https:\/\/bsky.app\/intent\/compose?text=https:\/\/www.eleconomista.es\/vivienda-inmobiliario\/noticias\/13507895\/08\/25\/las-grandes-promotoras-se-lanzan-a-por-una-de-las-ultimas-bolsas-de-suelo-del-centro-de-madrid.html&amp;url=https:\/\/www.eleconomista.es\/vivienda-inmobiliario\/noticias\/13507895\/08\/25\/las-grandes-promotoras-se-lanzan-a-por-una-de-las-ultimas-bolsas-de-suelo-del-centro-de-madrid.html&amp;via=elEconomistaes&amp;id=1648118839245_bluesky\" target=\"_blank\" aria-label=\"Compartir en bluesky\" rel=\"nofollow noopener\"><\/a><\/p>\n<p><script async src=\"https:\/\/platform.twitter.com\/widgets.js\" charset=\"utf-8\"><\/script><\/p>\n","protected":false},"excerpt":{"rendered":"El nuevo desarrollo urban\u00edstico de la Ermita del Santo, en Madrid, avanza hacia su fase definitiva con un&hellip;\n","protected":false},"author":2,"featured_media":55140,"comment_status":"","ping_status":"","sticky":false,"template":"","format":"standard","meta":{"footnotes":""},"categories":[80],"tags":[82,95,94,25,24,23,6218],"class_list":{"0":"post-55139","1":"post","2":"type-post","3":"status-publish","4":"format-standard","5":"has-post-thumbnail","7":"category-economia","8":"tag-business","9":"tag-economia","10":"tag-economy","11":"tag-es","12":"tag-espana","13":"tag-spain","14":"tag-vivienda-inmobiliario"},"share_on_mastodon":{"url":"","error":""},"_links":{"self":[{"href":"https:\/\/www.europesays.com\/es\/wp-json\/wp\/v2\/posts\/55139","targetHints":{"allow":["GET"]}}],"collection":[{"href":"https:\/\/www.europesays.com\/es\/wp-json\/wp\/v2\/posts"}],"about":[{"href":"https:\/\/www.europesays.com\/es\/wp-json\/wp\/v2\/types\/post"}],"author":[{"embeddable":true,"href":"https:\/\/www.europesays.com\/es\/wp-json\/wp\/v2\/users\/2"}],"replies":[{"embeddable":true,"href":"https:\/\/www.europesays.com\/es\/wp-json\/wp\/v2\/comments?post=55139"}],"version-history":[{"count":0,"href":"https:\/\/www.europesays.com\/es\/wp-json\/wp\/v2\/posts\/55139\/revisions"}],"wp:featuredmedia":[{"embeddable":true,"href":"https:\/\/www.europesays.com\/es\/wp-json\/wp\/v2\/media\/55140"}],"wp:attachment":[{"href":"https:\/\/www.europesays.com\/es\/wp-json\/wp\/v2\/media?parent=55139"}],"wp:term":[{"taxonomy":"category","embeddable":true,"href":"https:\/\/www.europesays.com\/es\/wp-json\/wp\/v2\/categories?post=55139"},{"taxonomy":"post_tag","embeddable":true,"href":"https:\/\/www.europesays.com\/es\/wp-json\/wp\/v2\/tags?post=55139"}],"curies":[{"name":"wp","href":"https:\/\/api.w.org\/{rel}","templated":true}]}}