{"id":551443,"date":"2026-05-14T22:10:11","date_gmt":"2026-05-14T22:10:11","guid":{"rendered":"https:\/\/www.europesays.com\/es\/551443\/"},"modified":"2026-05-14T22:10:11","modified_gmt":"2026-05-14T22:10:11","slug":"cuba-dice-que-el-director-de-la-cia-john-ratcliffe-se-reunio-con-el-ministro-del-interior-en-la-habana","status":"publish","type":"post","link":"https:\/\/www.europesays.com\/es\/551443\/","title":{"rendered":"Cuba dice que el director de la CIA, John Ratcliffe, se reuni\u00f3 con el ministro del Interior en La Habana"},"content":{"rendered":"<p>      La Habana, CubaCNN\u00a0\u2014\u00a0\n    <\/p>\n<p class=\"paragraph inline-placeholder vossi-paragraph\" data-uri=\"es.cms.cnn.com\/_components\/paragraph\/instances\/cmp5yzwmd000r27ma56gj251h@published\" data-editable=\"text\" data-component-name=\"paragraph\" data-article-gutter=\"true\">\n            El director de la CIA, John Ratcliffe, encabez\u00f3 este jueves una delegaci\u00f3n de Estados Unidos a La Habana para reunirse con funcionarios del Gobierno de Cuba, mientras la isla enfrenta el colapso de su sector energ\u00e9tico en medio de crecientes tensiones con Estados Unidos, seg\u00fan inform\u00f3 el Gobierno de Cuba.\n    <\/p>\n<p class=\"paragraph inline-placeholder vossi-paragraph\" data-uri=\"es.cms.cnn.com\/_components\/paragraph\/instances\/cmp5z35df00043j6s2k4rpwz7@published\" data-editable=\"text\" data-component-name=\"paragraph\" data-article-gutter=\"true\">\n            \u201cTras la solicitud presentada por el Gobierno de Estados Unidos para que una delegaci\u00f3n presidida por el director de la CIA, John Ratcliffe, fuera recibida en La Habana, la Direcci\u00f3n Revolucionaria aprob\u00f3 la realizaci\u00f3n de esta visita y la reuni\u00f3n con su contraparte del Ministerio del Interior\u201d, indic\u00f3 el comunicado.\n    <\/p>\n<p class=\"paragraph inline-placeholder vossi-paragraph\" data-uri=\"es.cms.cnn.com\/_components\/paragraph\/instances\/cmp5z35df00053j6s2drnkkah@published\" data-editable=\"text\" data-component-name=\"paragraph\" data-article-gutter=\"true\">\n            La Habana dijo que sus funcionarios enfatizaron durante la reuni\u00f3n que Cuba \u201cno constituye una amenaza para la seguridad nacional de Estados Unidos\u201d y que no existen \u201crazones leg\u00edtimas\u201d para incluirla en la <a href=\"https:\/\/cnnespanol.cnn.com\/video\/trump-cuba-estado-patrocinador-terrorismo-lista-rafael-romo-conclusiones-cnne\" rel=\"nofollow noopener\" target=\"_blank\">lista de Estados patrocinadores del terrorismo de Estados Unidos<\/a>, en la que permanece bajo el Gobierno de Trump. Tambi\u00e9n insistieron en que el pa\u00eds no alberga, apoya ni financia terroristas \u2014algo de lo que Estados Unidos lo ha acusado durante a\u00f1os\u2014 y negaron alojar bases militares o de inteligencia extranjeras.\n    <\/p>\n<p class=\"paragraph inline-placeholder vossi-paragraph\" data-uri=\"es.cms.cnn.com\/_components\/paragraph\/instances\/cmp60i6h900003j6s536z389f@published\" data-editable=\"text\" data-component-name=\"paragraph\" data-article-gutter=\"true\">\n            CNN se comunic\u00f3 con la CIA para solicitar comentarios.\n    <\/p>\n<p class=\"paragraph inline-placeholder vossi-paragraph\" data-uri=\"es.cms.cnn.com\/_components\/paragraph\/instances\/cmp60i6h900013j6sgcey3otu@published\" data-editable=\"text\" data-component-name=\"paragraph\" data-article-gutter=\"true\">\n            La noticia de la reuni\u00f3n se conoce apenas dos d\u00edas despu\u00e9s de que el presidente de Estados Unidos, Donald Trump, sugiriera que su Gobierno se preparaba para conversar con Cuba, al afirmar que la isla era un \u201cpa\u00eds fallido\u201d que ped\u00eda ayuda en medio de una profundizaci\u00f3n de la crisis econ\u00f3mica.\n    <\/p>\n<p>       <img decoding=\"async\" src=\"https:\/\/www.europesays.com\/es\/wp-content\/uploads\/2026\/05\/screenshot-2026-05-14-153418.png\" alt=\"Varias personas se encuentran frente a la puerta de embarque de un avi\u00f3n del Gobierno de EE. UU. en la pista, antes de la salida, en el Aeropuerto Internacional Jos\u00e9 Mart\u00ed de La Habana, Cuba, el 14 de mayo.\" class=\"image__dam-img image__dam-img--loading\" onload=\"this.classList.remove('image__dam-img--loading')\" onerror=\"imageLoadError(this)\" height=\"529\" width=\"780\" loading=\"lazy\"\/><\/p>\n<p class=\"paragraph inline-placeholder vossi-paragraph\" data-uri=\"es.cms.cnn.com\/_components\/paragraph\/instances\/cmp60i6h900023j6sn2xwgg36@published\" data-editable=\"text\" data-component-name=\"paragraph\" data-article-gutter=\"true\">\n            \u201cCuba est\u00e1 pidiendo ayuda, \u00a1\u00a1\u00a1y vamos a hablar!!! Mientras tanto, \u00a1me voy a China!\u201d, escribi\u00f3 Trump en una publicaci\u00f3n en Truth Social.\n    <\/p>\n<p class=\"paragraph inline-placeholder vossi-paragraph\" data-uri=\"es.cms.cnn.com\/_components\/paragraph\/instances\/cmp60i6h900033j6ss93542oi@published\" data-editable=\"text\" data-component-name=\"paragraph\" data-article-gutter=\"true\">\n            Los comentarios del presidente se producen despu\u00e9s de que su Gobierno intensificara recientemente las sanciones contra Cuba y meses despu\u00e9s de que impusiera de hecho un <a href=\"https:\/\/www.cnn.com\/2026\/03\/18\/americas\/cuba-us-pressure-blackout-latam-intl\" rel=\"nofollow noopener\" target=\"_blank\">bloqueo petrolero<\/a> al pa\u00eds.\n    <\/p>\n<p class=\"paragraph inline-placeholder vossi-paragraph\" data-uri=\"es.cms.cnn.com\/_components\/paragraph\/instances\/cmp60i6h900043j6s5bu5rsxa@published\" data-editable=\"text\" data-component-name=\"paragraph\" data-article-gutter=\"true\">\n            A excepci\u00f3n de un cargamento de petr\u00f3leo ruso donado, funcionarios cubanos afirman que Estados Unidos les ha impedido recibir env\u00edos de petr\u00f3leo durante m\u00e1s de cuatro meses.\n    <\/p>\n<p class=\"paragraph inline-placeholder vossi-paragraph\" data-uri=\"es.cms.cnn.com\/_components\/paragraph\/instances\/cmp60i6h900053j6ssycfud1g@published\" data-editable=\"text\" data-component-name=\"paragraph\" data-article-gutter=\"true\">\n            La donaci\u00f3n rusa de finales de marzo ya se agot\u00f3 y las reservas de combustible que alimentan la deteriorada red el\u00e9ctrica de la isla <a href=\"https:\/\/cnnespanol.cnn.com\/2026\/05\/13\/latinoamerica\/crisis-energetica-cuba-agotar-petroleo-ruso-trax\" rel=\"nofollow noopener\" target=\"_blank\">est\u00e1n pr\u00e1cticamente consumidas<\/a>, dijo el ministro de Energ\u00eda y Minas de Cuba, Vicente de la O Levy, durante una aparici\u00f3n televisada la noche del mi\u00e9rcoles.\n    <\/p>\n<p class=\"paragraph inline-placeholder vossi-paragraph\" data-uri=\"es.cms.cnn.com\/_components\/paragraph\/instances\/cmp60i6h900063j6stueku2zh@published\" data-editable=\"text\" data-component-name=\"paragraph\" data-article-gutter=\"true\">\n            Los comentarios del ministro se produjeron apenas horas despu\u00e9s de que el Departamento de Estado dijera que Estados Unidos ofrec\u00eda a la isla US$ 100 millones en ayuda para llevar a cabo \u201creformas significativas al sistema comunista de Cuba\u201d.\n    <\/p>\n<p class=\"paragraph inline-placeholder vossi-paragraph\" data-uri=\"es.cms.cnn.com\/_components\/paragraph\/instances\/cmp60i6h900073j6s9s806eln@published\" data-editable=\"text\" data-component-name=\"paragraph\" data-article-gutter=\"true\">\n            Al d\u00eda siguiente, el presidente de Cuba, Miguel D\u00edaz-Canel, sugiri\u00f3 en X que Cuba estar\u00eda dispuesta a recibir ayuda de Estados Unidos, aunque se\u00f1al\u00f3 que ser\u00eda preferible \u201clevantar o aliviar el bloqueo\u201d.\n    <\/p>\n<p class=\"paragraph inline-placeholder vossi-paragraph\" data-uri=\"es.cms.cnn.com\/_components\/paragraph\/instances\/cmp60i6h900083j6s9eaaoghm@published\" data-editable=\"text\" data-component-name=\"paragraph\" data-article-gutter=\"true\">\n            \u201cSi realmente existe voluntad por parte del Gobierno de Estados Unidos de brindar ayuda\u2026 no encontrar\u00e1 obst\u00e1culos ni ingratitud por parte de Cuba\u201d, public\u00f3 el presidente en X.\n    <\/p>\n<p class=\"paragraph inline-placeholder vossi-paragraph\" data-uri=\"es.cms.cnn.com\/_components\/paragraph\/instances\/cmp60i6h900093j6sraii3438@published\" data-editable=\"text\" data-component-name=\"paragraph\" data-article-gutter=\"true\">\n            \u201cPor cierto, el da\u00f1o podr\u00eda aliviarse de una manera mucho m\u00e1s f\u00e1cil y expedita levantando o flexibilizando el bloqueo, ya que es bien sabido que la situaci\u00f3n humanitaria ha sido calculada e inducida fr\u00edamente\u201d.\n    <\/p>\n<p class=\"paragraph inline-placeholder vossi-paragraph\" data-uri=\"es.cms.cnn.com\/_components\/paragraph\/instances\/cmp60i6h9000a3j6suqf250uu@published\" data-editable=\"text\" data-component-name=\"paragraph\" data-article-gutter=\"true\">\n            El mes pasado, una delegaci\u00f3n de alto nivel de Estados Unidos se reuni\u00f3 con funcionarios del Gobierno cubano en Cuba, mientras el Gobierno de Trump intensificaba sus esfuerzos para presionar a La Habana a alcanzar un acuerdo.\n    <\/p>\n<p class=\"paragraph inline-placeholder vossi-paragraph\" data-uri=\"es.cms.cnn.com\/_components\/paragraph\/instances\/cmp60i6h9000b3j6syn4a1f6b@published\" data-editable=\"text\" data-component-name=\"paragraph\" data-article-gutter=\"true\">\n            La delegaci\u00f3n del Departamento de Estado subray\u00f3 que se estaba agotando el tiempo para que La Habana \u201cimplemente reformas clave respaldadas por Estados Unidos antes de que las circunstancias empeoren de manera irreversible\u201d, dijo a CNN un funcionario del Departamento de Estado.\n    <\/p>\n<p class=\"paragraph inline-placeholder vossi-paragraph\" data-uri=\"es.cms.cnn.com\/_components\/paragraph\/instances\/cmp60i6h9000c3j6scm6w35tp@published\" data-editable=\"text\" data-component-name=\"paragraph\" data-article-gutter=\"true\">\n            La delegaci\u00f3n estadounidense destac\u00f3 \u201cla necesidad de que Cuba implemente importantes reformas econ\u00f3micas y de gobernanza para mejorar la competitividad, atraer inversi\u00f3n extranjera y permitir un crecimiento liderado por el sector privado\u201d, seg\u00fan el funcionario.\n    <\/p>\n<p class=\"paragraph inline-placeholder vossi-paragraph\" data-uri=\"es.cms.cnn.com\/_components\/paragraph\/instances\/cmp60i6h9000d3j6s1zf9qn2k@published\" data-editable=\"text\" data-component-name=\"paragraph\" data-article-gutter=\"true\">\n            La delegaci\u00f3n tambi\u00e9n exigi\u00f3 que el Gobierno cubano libere a los presos pol\u00edticos y ampl\u00ede las \u201clibertades pol\u00edticas\u201d, dijo el funcionario, adem\u00e1s de expresar preocupaci\u00f3n \u201cpor grupos extranjeros de inteligencia, militares y terroristas que operan con permiso del Gobierno cubano a menos de 100 millas del territorio continental estadounidense\u201d.\n    <\/p>\n<p class=\"paragraph inline-placeholder vossi-paragraph\" data-uri=\"es.cms.cnn.com\/_components\/paragraph\/instances\/cmp60i6h9000e3j6s50dqznn0@published\" data-editable=\"text\" data-component-name=\"paragraph\" data-article-gutter=\"true\">\n            Fue la primera vez que una aeronave del Gobierno de Estados Unidos aterriz\u00f3 en Cuba \u2014fuera de la base estadounidense en la bah\u00eda de Guant\u00e1namo\u2014 desde 2016, cuando el expresidente Barack Obama visit\u00f3 la isla en medio de un esfuerzo por ampliar las relaciones con La Habana.\n    <\/p>\n<p class=\"paragraph inline-placeholder vossi-paragraph\" data-uri=\"es.cms.cnn.com\/_components\/paragraph\/instances\/cmp60i6h9000f3j6sewqux8u4@published\" data-editable=\"text\" data-component-name=\"paragraph\" data-article-gutter=\"true\">\n            Esta es una noticia en desarrollo y ser\u00e1 actualizada.\n    <\/p>\n","protected":false},"excerpt":{"rendered":"La Habana, CubaCNN\u00a0\u2014\u00a0 El director de la CIA, John Ratcliffe, encabez\u00f3 este jueves una delegaci\u00f3n de Estados Unidos&hellip;\n","protected":false},"author":2,"featured_media":551444,"comment_status":"","ping_status":"","sticky":false,"template":"","format":"standard","meta":{"footnotes":""},"categories":[42],"tags":[17,18,1164,629,13,14,11,61,62,63,64,107013,39673,19,20,9,10,15,16,12,21,22,65,66,67],"class_list":["post-551443","post","type-post","status-publish","format-standard","has-post-thumbnail","category-internacional","tag-breaking-news","tag-breakingnews","tag-cuba","tag-estados-unidos","tag-featured-news","tag-featurednews","tag-headlines","tag-internacional","tag-international","tag-international-news","tag-internationalnews","tag-john-ratcliffe","tag-la-habana","tag-latest-news","tag-latestnews","tag-news","tag-noticias","tag-noticias-destacadas","tag-noticiasdestacadas","tag-titulares","tag-ultimas-noticias","tag-ultimasnoticias","tag-world","tag-world-news","tag-worldnews"],"share_on_mastodon":{"url":"https:\/\/pubeurope.com\/@es\/116575222531670041","error":""},"_links":{"self":[{"href":"https:\/\/www.europesays.com\/es\/wp-json\/wp\/v2\/posts\/551443","targetHints":{"allow":["GET"]}}],"collection":[{"href":"https:\/\/www.europesays.com\/es\/wp-json\/wp\/v2\/posts"}],"about":[{"href":"https:\/\/www.europesays.com\/es\/wp-json\/wp\/v2\/types\/post"}],"author":[{"embeddable":true,"href":"https:\/\/www.europesays.com\/es\/wp-json\/wp\/v2\/users\/2"}],"replies":[{"embeddable":true,"href":"https:\/\/www.europesays.com\/es\/wp-json\/wp\/v2\/comments?post=551443"}],"version-history":[{"count":0,"href":"https:\/\/www.europesays.com\/es\/wp-json\/wp\/v2\/posts\/551443\/revisions"}],"wp:featuredmedia":[{"embeddable":true,"href":"https:\/\/www.europesays.com\/es\/wp-json\/wp\/v2\/media\/551444"}],"wp:attachment":[{"href":"https:\/\/www.europesays.com\/es\/wp-json\/wp\/v2\/media?parent=551443"}],"wp:term":[{"taxonomy":"category","embeddable":true,"href":"https:\/\/www.europesays.com\/es\/wp-json\/wp\/v2\/categories?post=551443"},{"taxonomy":"post_tag","embeddable":true,"href":"https:\/\/www.europesays.com\/es\/wp-json\/wp\/v2\/tags?post=551443"}],"curies":[{"name":"wp","href":"https:\/\/api.w.org\/{rel}","templated":true}]}}