{"id":55179,"date":"2025-08-18T07:03:09","date_gmt":"2025-08-18T07:03:09","guid":{"rendered":"https:\/\/www.europesays.com\/es\/55179\/"},"modified":"2025-08-18T07:03:09","modified_gmt":"2025-08-18T07:03:09","slug":"rodrigo-paz-lidera-la-votacion-y-perfila-una-segunda-vuelta-con-tuto-quiroga","status":"publish","type":"post","link":"https:\/\/www.europesays.com\/es\/55179\/","title":{"rendered":"Rodrigo Paz lidera la votaci\u00f3n y perfila una segunda vuelta con Tuto Quiroga"},"content":{"rendered":"<p style=\"\">Las elecciones del 17 de agosto en <a href=\"https:\/\/www.abc.es\/internacional\/bolivia-alerta-ante-oea-movilizaciones-promovidas-evo-20250627204003-nt.html\" title=\"www.abc.es\" data-voc-vtm-id=\"in-text-traffic\" data-mrf-link=\"www.abc.es\" rel=\"nofollow noopener\" target=\"_blank\">Bolivia<\/a> dejaron una sorpresa may\u00fascula. Rodrigo Paz Pereira, del Partido Dem\u00f3crata Cristiano (PDC), encabeza la votaci\u00f3n preliminar en torno al 32%, por delante de Jorge Tuto Quiroga (Alianza Libre), que roza el 27%. Con el 91,45%  &#8230; de las actas verificadas por el Sistema de Transmisi\u00f3n de Resultados Preliminares (Sirepre) del Tribunal Supremo Electoral (TSE), el pa\u00eds queda a las puertas de una segunda vuelta.<\/p>\n<p class=\"voc-p\" style=\"\"><strong>Los resultados preliminares tienen dimensi\u00f3n hist\u00f3rica:<\/strong> el Movimiento al Socialismo (MAS), expartido de Evo Morales, y fuerza dominante de los \u00faltimos veinte a\u00f1os, queda fuera de la disputa por el primer lugar. Adem\u00e1s, se reordena el tablero de alianzas: Samuel Doria Medina, de Alianza Unidad, tercero en resultado previo, acept\u00f3 su derrota y anunci\u00f3 su apoyo a Paz para la segunda vuelta.<\/p>\n<p class=\"voc-p\" style=\"\">El TSE sit\u00faa a Andr\u00f3nico Rodr\u00edguez, exaliado de Morales, en cuarto lugar, mientras que Eduardo del Castillo, candidato del MAS, ocupa el sexto. Son datos no vinculantes y pueden moverse a medida que avance la carga de actas.<\/p>\n<p class=\"voc-p\" style=\"\">L<strong>a ventaja de Paz sobre Quiroga <\/strong>no alcanza para resolver la contienda en primera vuelta. La normativa exige m\u00e1s del 50 % de los votos v\u00e1lidos o al menos el 40 % con 10 puntos de distancia sobre el segundo. No se cumple ninguna de las dos condiciones.<\/p>\n<p class=\"voc-p\" style=\"\">De sostenerse esta tendencia, Bolivia ir\u00e1 a balotaje el 19 de octubre, fecha prevista en el calendario electoral. La papeleta enfrentar\u00eda a dos opositores con perfiles distintos: Paz, que lleg\u00f3 a la campa\u00f1a con visibilidad modesta y un discurso de austeridad; y Quiroga, un expresidente que propone un giro liberal, con privatizaciones y reducci\u00f3n del tama\u00f1o del Estado.<\/p>\n<p class=\"voc-p\" style=\"\">Lo de Paz es, por donde se mire, la gran sorpresa, coinciden analistas bolivianos. A lo largo de la campa\u00f1a, los sondeos publicados mostraron una curva ascendente del PDC, pero en buena parte de ellos daban como favorito a Quiroga.<\/p>\n<p class=\"voc-p\" style=\"\">El candidato a <strong>la Vicepresidencia por el PDC, Edman Lara, <\/strong>agradeci\u00f3 el respaldo de sus seguidores y pidi\u00f3 prudencia de cara al balotaje: \u00abNo hemos ganado nada todav\u00eda, pero estamos en la gran final\u00bb, dijo la noche de este domingo.<\/p>\n<p class=\"voc-p\" style=\"\">Seg\u00fan <strong>las primeras lecturas, el electorado premi\u00f3 una alternativa de renovaci\u00f3n<\/strong> en un escenario marcado por la crisis econ\u00f3mica, el agotamiento del ciclo masista y la fragmentaci\u00f3n de la izquierda. Es el peor desempe\u00f1o del oficialismo en veinte a\u00f1os y la izquierda llega fracturada: Del Castillo fue la apuesta del MAS; Rodr\u00edguez, desde Alianza Popular, intent\u00f3 aglutinar al electorado que dej\u00f3 el masismo, pero se qued\u00f3 cuarto, lejos del podio y sin opciones de segunda vuelta.<\/p>\n<p class=\"voc-p\" style=\"\">Poco despu\u00e9s de conocerse los primeros resultados, Doria Medina reconoci\u00f3 el tercer puesto, acept\u00f3 el desenlace y respald\u00f3 a Rodrigo Paz: \u00abSi yo no entraba a la segunda vuelta, iba a apoyar a quien llegara primero y mantengo mi palabra\u00bb, declar\u00f3. Por su parte, el candidato de Alianza Libre, Jorge \u00abTuto\u00bb Quiroga felicit\u00f3 a Paz, dio por hecha la segunda vuelta y anticip\u00f3 ocho semanas de campa\u00f1a.<\/p>\n<p class=\"voc-p\" style=\"\">Pese a que <strong>Evo Morales llam\u00f3 a anular el sufragio <\/strong>como protesta por su inhabilitaci\u00f3n, el voto nulo solo alcanz\u00f3 el 19,06 % con el 91,04 % de actas computadas, frente a un 2,39 % de blancos; los votos v\u00e1lidos quedaron en 78,55 %.<\/p>\n<p class=\"voc-p\" style=\"\">El c\u00f3mputo oficial avanza departamento por departamento hasta la consolidaci\u00f3n. La meta del TSE es cerrar en 72 horas, aunque el plazo legal se extiende hasta siete d\u00edas.<\/p>\n","protected":false},"excerpt":{"rendered":"Las elecciones del 17 de agosto en Bolivia dejaron una sorpresa may\u00fascula. Rodrigo Paz Pereira, del Partido Dem\u00f3crata&hellip;\n","protected":false},"author":2,"featured_media":55180,"comment_status":"","ping_status":"","sticky":false,"template":"","format":"standard","meta":{"footnotes":""},"categories":[42],"tags":[8997,17,18,13,14,11,61,62,63,64,19,20,2289,9,10,15,16,11506,1042,23921,7106,3745,5785,12,23920,21,22,20964,1357,65,66,67],"class_list":{"0":"post-55179","1":"post","2":"type-post","3":"status-publish","4":"format-standard","5":"has-post-thumbnail","7":"category-internacional","8":"tag-bolivia","9":"tag-breaking-news","10":"tag-breakingnews","11":"tag-featured-news","12":"tag-featurednews","13":"tag-headlines","14":"tag-internacional","15":"tag-international","16":"tag-international-news","17":"tag-internationalnews","18":"tag-latest-news","19":"tag-latestnews","20":"tag-lidera","21":"tag-news","22":"tag-noticias","23":"tag-noticias-destacadas","24":"tag-noticiasdestacadas","25":"tag-paz","26":"tag-perfila","27":"tag-quiroga","28":"tag-rodrigo","29":"tag-segunda","30":"tag-sorpresa","31":"tag-titulares","32":"tag-tuto","33":"tag-ultimas-noticias","34":"tag-ultimasnoticias","35":"tag-votacion","36":"tag-vuelta","37":"tag-world","38":"tag-world-news","39":"tag-worldnews"},"share_on_mastodon":{"url":"","error":""},"_links":{"self":[{"href":"https:\/\/www.europesays.com\/es\/wp-json\/wp\/v2\/posts\/55179","targetHints":{"allow":["GET"]}}],"collection":[{"href":"https:\/\/www.europesays.com\/es\/wp-json\/wp\/v2\/posts"}],"about":[{"href":"https:\/\/www.europesays.com\/es\/wp-json\/wp\/v2\/types\/post"}],"author":[{"embeddable":true,"href":"https:\/\/www.europesays.com\/es\/wp-json\/wp\/v2\/users\/2"}],"replies":[{"embeddable":true,"href":"https:\/\/www.europesays.com\/es\/wp-json\/wp\/v2\/comments?post=55179"}],"version-history":[{"count":0,"href":"https:\/\/www.europesays.com\/es\/wp-json\/wp\/v2\/posts\/55179\/revisions"}],"wp:featuredmedia":[{"embeddable":true,"href":"https:\/\/www.europesays.com\/es\/wp-json\/wp\/v2\/media\/55180"}],"wp:attachment":[{"href":"https:\/\/www.europesays.com\/es\/wp-json\/wp\/v2\/media?parent=55179"}],"wp:term":[{"taxonomy":"category","embeddable":true,"href":"https:\/\/www.europesays.com\/es\/wp-json\/wp\/v2\/categories?post=55179"},{"taxonomy":"post_tag","embeddable":true,"href":"https:\/\/www.europesays.com\/es\/wp-json\/wp\/v2\/tags?post=55179"}],"curies":[{"name":"wp","href":"https:\/\/api.w.org\/{rel}","templated":true}]}}