{"id":55187,"date":"2025-08-18T07:09:09","date_gmt":"2025-08-18T07:09:09","guid":{"rendered":"https:\/\/www.europesays.com\/es\/55187\/"},"modified":"2025-08-18T07:09:09","modified_gmt":"2025-08-18T07:09:09","slug":"el-ingles-penge-se-lleva-el-titulo-en-copenhague-con-birdie-final-en-el-18","status":"publish","type":"post","link":"https:\/\/www.europesays.com\/es\/55187\/","title":{"rendered":"El ingl\u00e9s Penge se lleva el t\u00edtulo en Copenhague con birdie final en el 18"},"content":{"rendered":"<p data-gtm-element-container=\"modulo-texto-link\" class=\"paragraph\">El ingl\u00e9s Marco Penge se apunt\u00f3 la victoria en el Campeonato de Dinamarca, torneo del DP World Tour disputado en el Furese Klub de Copenhague, al superar, con un &#8216;birdie&#8217; en el \u00faltimo hoyo al local Rasmus Hojgaard, que le presion\u00f3 al m\u00e1ximo.<\/p>\n<p data-gtm-element-container=\"modulo-texto-link\" class=\"paragraph\">Penge, que logra as\u00ed su segundo triunfo en el circuito, no se dej\u00f3 amilanar por la ventaja con la que comenz\u00f3 el d\u00eda el n\u00f3rdico y por el &#8216;eagle&#8217; de este en ese definitivo hoyo 18 y con un juego sobrio y ese acierto final se coron\u00f3 brillante vencedor.<\/p>\n<p>        Lee tambi\u00e9n<\/p>\n<p>    EFE<\/p>\n<p>             <img loading=\"lazy\" decoding=\"async\" data-full-src=\"https:\/\/www.mundodeportivo.com\/uploads\/2025\/08\/16\/68a0e8f08f2a8.jpeg\" alt=\"Sebasti\u00e1n Mu\u00f1oz resiste como l\u00edder en Indianapolis, aunque con Dustin Johnson ya como col\u00edder, -16 para ambos antes de la jornada final\" width=\"334\" height=\"164\" src=\"https:\/\/www.europesays.com\/es\/wp-content\/uploads\/2025\/08\/68a0e8f08f2a8.r_d.1425-1160.jpeg\" class=\"lazy\"\/><\/p>\n<p data-gtm-element-container=\"modulo-texto-link\" class=\"paragraph\">El ingl\u00e9s complet\u00f3 la \u00faltima jornada con 67 golpes (-4) para un total de 268 (-16), con lo que super\u00f3 en uno a Hojgaard, que hizo 69 lastrado por tres &#8216;bogeys&#8217; y un &#8216;doble bogey&#8217;, mientras que complet\u00f3 el podio el tambi\u00e9n ingl\u00e9s Ben Schmidt, a cuatro impactos.<\/p>\n<p data-gtm-element-container=\"modulo-texto-link\" class=\"paragraph\">Eugenio L\u00f3pez Chacarra fue finalmente el mejor espa\u00f1ol al sellar su segundo 70 consecutivo y acumular 280 golpes (-4), lo que le dej\u00f3 en la decimosexta posici\u00f3n, mientras que Alfredo Garc\u00eda Heredia fue vig\u00e9simo cuarto con 281 y Rafa Cabrera vig\u00e9simo noveno con 282.<\/p>\n","protected":false},"excerpt":{"rendered":"El ingl\u00e9s Marco Penge se apunt\u00f3 la victoria en el Campeonato de Dinamarca, torneo del DP World Tour&hellip;\n","protected":false},"author":2,"featured_media":55188,"comment_status":"","ping_status":"","sticky":false,"template":"","format":"standard","meta":{"footnotes":""},"categories":[275],"tags":[168,25,24,329,23,167],"class_list":{"0":"post-55187","1":"post","2":"type-post","3":"status-publish","4":"format-standard","5":"has-post-thumbnail","7":"category-golf","8":"tag-deportes","9":"tag-es","10":"tag-espana","11":"tag-golf","12":"tag-spain","13":"tag-sports"},"share_on_mastodon":{"url":"","error":""},"_links":{"self":[{"href":"https:\/\/www.europesays.com\/es\/wp-json\/wp\/v2\/posts\/55187","targetHints":{"allow":["GET"]}}],"collection":[{"href":"https:\/\/www.europesays.com\/es\/wp-json\/wp\/v2\/posts"}],"about":[{"href":"https:\/\/www.europesays.com\/es\/wp-json\/wp\/v2\/types\/post"}],"author":[{"embeddable":true,"href":"https:\/\/www.europesays.com\/es\/wp-json\/wp\/v2\/users\/2"}],"replies":[{"embeddable":true,"href":"https:\/\/www.europesays.com\/es\/wp-json\/wp\/v2\/comments?post=55187"}],"version-history":[{"count":0,"href":"https:\/\/www.europesays.com\/es\/wp-json\/wp\/v2\/posts\/55187\/revisions"}],"wp:featuredmedia":[{"embeddable":true,"href":"https:\/\/www.europesays.com\/es\/wp-json\/wp\/v2\/media\/55188"}],"wp:attachment":[{"href":"https:\/\/www.europesays.com\/es\/wp-json\/wp\/v2\/media?parent=55187"}],"wp:term":[{"taxonomy":"category","embeddable":true,"href":"https:\/\/www.europesays.com\/es\/wp-json\/wp\/v2\/categories?post=55187"},{"taxonomy":"post_tag","embeddable":true,"href":"https:\/\/www.europesays.com\/es\/wp-json\/wp\/v2\/tags?post=55187"}],"curies":[{"name":"wp","href":"https:\/\/api.w.org\/{rel}","templated":true}]}}