{"id":5521,"date":"2025-07-26T21:08:08","date_gmt":"2025-07-26T21:08:08","guid":{"rendered":"https:\/\/www.europesays.com\/es\/5521\/"},"modified":"2025-07-26T21:08:08","modified_gmt":"2025-07-26T21:08:08","slug":"emergencias-de-la-generalitat-anoto-el-aviso-clave-de-la-confederacion-del-jucar-sobre-el-poyo-a-los-28-minutos-de-recibirlo","status":"publish","type":"post","link":"https:\/\/www.europesays.com\/es\/5521\/","title":{"rendered":"Emergencias de la Generalitat anot\u00f3 el aviso clave de la Confederaci\u00f3n del J\u00facar sobre el Poyo a los 28 minutos de recibirlo"},"content":{"rendered":"<p class=\"article-text\">\n        El informe de la Guardia Civil aportado a la causa de la dana sobre la cronolog\u00eda del pasado 29 de octubre <a href=\"https:\/\/www.eldiario.es\/comunitat-valenciana\/guardia-civil-cree-peor-momento-dana-confederacion-jucar-no-controlo-caudal-poyo_1_12492207.html\" target=\"_blank\" data-mrf-recirculation=\"links-noticia\" class=\"link\" rel=\"nofollow noopener\">cuestiona de plano<\/a> a la Confederaci\u00f3n Hidrogr\u00e1fica del J\u00facar (CHJ), que avis\u00f3 al departamento de Emergencias de la Generalitat a las 18.43 del bestial aumento del caudal del barranco del Poyo. El Sistema Autom\u00e1tico de Informaci\u00f3n Hidrol\u00f3gica (SAIH) de la CHJ  remiti\u00f3 el aviso a esa hora por el ascenso de caudal (con 1.686 metros c\u00fabicos por segundo), con datos correspondientes a las 18.25 (el descuadre se explica porque la medici\u00f3n requiere una validaci\u00f3n manual por parte de los t\u00e9cnicos de la Sala de Control del SAIH). El Instituto Armado considera que hubo una \u201caparente ausencia de control\u201d sobre el dispositivo de registro de la rambla del Poyo, \u201cjusto en el peor de los momentos\u201d y se pregunta por qu\u00e9 no se avis\u00f3 antes, cuando el caudal empezaba a dispararse.\n    <\/p>\n<p class=\"article-text\">\n        Sin embargo, los datos del aviso de las 18.43 ni siquiera hicieron reaccionar a Emergencias en ese momento, cuando el caudal del barranco del Poyo estaba disparado y la rambla empezaba a desbordarse en varias localidades de la comarca de l&#8217;Horta Sud, causando la mayor\u00eda de los 228 fallecimientos de la dana. Un informe remitido por el departamento de Emergencias a la jueza instructora sobre las anotaciones en el &#8216;CoordCom&#8217;, la <a href=\"https:\/\/www.eldiario.es\/comunitat-valenciana\/caja-negra-cecopi-tecnologia-sueca-columna-vertebral-gestion-emergencias-dana_1_11827960.html\" target=\"_blank\" data-mrf-recirculation=\"links-noticia\" class=\"link\" rel=\"nofollow noopener\">caja negra que registra todas las comunicaciones y decisiones operativas ante la cat\u00e1strofe<\/a>, indica que el aviso del SAIH se registr\u00f3 por parte de un operador a las 19.13, casi media hora despu\u00e9s de que llegara el correo electr\u00f3nico de la CHJ.\n    <\/p>\n","protected":false},"excerpt":{"rendered":"El informe de la Guardia Civil aportado a la causa de la dana sobre la cronolog\u00eda del pasado&hellip;\n","protected":false},"author":2,"featured_media":5522,"comment_status":"","ping_status":"","sticky":false,"template":"","format":"standard","meta":{"footnotes":""},"categories":[5],"tags":[517,2206,1705,17,18,3965,242,25,24,13,14,11,1667,19,20,9,10,15,16,1925,23,12,21,22,235],"class_list":{"0":"post-5521","1":"post","2":"type-post","3":"status-publish","4":"format-standard","5":"has-post-thumbnail","7":"category-titulares","8":"tag-actualidad","9":"tag-alicante","10":"tag-analisis","11":"tag-breaking-news","12":"tag-breakingnews","13":"tag-castellon","14":"tag-comunidad-valenciana","15":"tag-es","16":"tag-espana","17":"tag-featured-news","18":"tag-featurednews","19":"tag-headlines","20":"tag-informacion","21":"tag-latest-news","22":"tag-latestnews","23":"tag-news","24":"tag-noticias","25":"tag-noticias-destacadas","26":"tag-noticiasdestacadas","27":"tag-opinion","28":"tag-spain","29":"tag-titulares","30":"tag-ultimas-noticias","31":"tag-ultimasnoticias","32":"tag-valencia"},"share_on_mastodon":{"url":"","error":""},"_links":{"self":[{"href":"https:\/\/www.europesays.com\/es\/wp-json\/wp\/v2\/posts\/5521","targetHints":{"allow":["GET"]}}],"collection":[{"href":"https:\/\/www.europesays.com\/es\/wp-json\/wp\/v2\/posts"}],"about":[{"href":"https:\/\/www.europesays.com\/es\/wp-json\/wp\/v2\/types\/post"}],"author":[{"embeddable":true,"href":"https:\/\/www.europesays.com\/es\/wp-json\/wp\/v2\/users\/2"}],"replies":[{"embeddable":true,"href":"https:\/\/www.europesays.com\/es\/wp-json\/wp\/v2\/comments?post=5521"}],"version-history":[{"count":0,"href":"https:\/\/www.europesays.com\/es\/wp-json\/wp\/v2\/posts\/5521\/revisions"}],"wp:featuredmedia":[{"embeddable":true,"href":"https:\/\/www.europesays.com\/es\/wp-json\/wp\/v2\/media\/5522"}],"wp:attachment":[{"href":"https:\/\/www.europesays.com\/es\/wp-json\/wp\/v2\/media?parent=5521"}],"wp:term":[{"taxonomy":"category","embeddable":true,"href":"https:\/\/www.europesays.com\/es\/wp-json\/wp\/v2\/categories?post=5521"},{"taxonomy":"post_tag","embeddable":true,"href":"https:\/\/www.europesays.com\/es\/wp-json\/wp\/v2\/tags?post=5521"}],"curies":[{"name":"wp","href":"https:\/\/api.w.org\/{rel}","templated":true}]}}