{"id":552103,"date":"2026-05-15T08:06:20","date_gmt":"2026-05-15T08:06:20","guid":{"rendered":"https:\/\/www.europesays.com\/es\/552103\/"},"modified":"2026-05-15T08:06:20","modified_gmt":"2026-05-15T08:06:20","slug":"demi-moore-desafia-el-protocolo-de-decencia-de-cannes-a-sus-63-anos-con-un-vestido-transparente-y-nos-encanta","status":"publish","type":"post","link":"https:\/\/www.europesays.com\/es\/552103\/","title":{"rendered":"Demi Moore desaf\u00eda el &#8216;protocolo de decencia&#8217; de Cannes a sus 63 a\u00f1os con un vestido transparente (y nos encanta)"},"content":{"rendered":"<p class=\"c-paragraph\">El a\u00f1o pasado, el mundo de la moda se sacudi\u00f3 cuando el<b> Festival del Cine de Cannes actualiz\u00f3 su ya estricto protocolo de vestimenta, prohibiendo los vestidos transparentes<\/b> \u2014culpa, en parte, de Bianca Censori por su look de los Grammy\u2014 y aquellos que son demasiado llamativos o con una cola muy larga. Esta regla de \u00faltima hora trastoc\u00f3 los planes de muchas invitadas, que tuvieron que cambiar de estilismo en tiempo r\u00e9cord. <a href=\"https:\/\/www.20minutos.es\/mujer\/moda\/obligan-halle-berry-cambiarse-tras-prohibicion-desnudez-festival-cannes-5710509\/\" title=\"Obligan a Halle Berry a cambiarse tras la prohibici\u00f3n de la desnudez y los vestidos grandes en el Festival de Cannes\" rel=\"nofollow noopener\" target=\"_blank\">Una de ellas fue Halle Berry.<\/a><\/p>\n<p class=\"c-paragraph\">\u00ab<b><b>Ten\u00eda un vestido incre\u00edble de Gupta que no puedo usar porque tiene una cola demasiado grande<\/b><\/b>. No voy a romper las reglas\u00bb, contaba la actriz. En su lugar, se decant\u00f3 por un vestido de la colecci\u00f3n Primavera\/Verano 2025 de Jacquemus, de ratas en verticales en blanco y negro.\u00a0<\/p>\n<p class=\"c-paragraph\">Otras optaron por jugar a la cuerda floja con esta norma llev\u00e1ndola al limite, pero <b>algunas decidieron ignorarla por completo, como Heidi Klum,<\/b> acapar\u00f3 toda la atenci\u00f3n de los flashes con un impresionante vestido rosa con textura en forma de p\u00e9talos de flor. Un modelo con escote palabra de honor y bajo asim\u00e9trico, terminado en una gran cola.<\/p>\n<p>La alfombra roja como acto de resistencia<\/p>\n<p class=\"c-paragraph\">Si bien la norma sigue vigente, en esta 79\u00aa edici\u00f3n son m\u00e1s las que han decidido ignorarlas por completo. Ejemplo de ello es<b> Demi Moore <\/b>que, a sus 63 a\u00f1os y con una nueva imagen que atrae tanto halagos como cr\u00edticas, se<b> salt\u00f3 el &#8216;protocolo de decencia&#8217; con un vestido transparente.\u00a0<\/b><\/p>\n<p class=\"c-paragraph\">La actriz se transform\u00f3 en una aut\u00e9ntica ninfa del agua sobre la alfombra roja llevando un<b> vestido hecho a medida para ella por\u00a0Gucci, con un tejido iridiscente y transparente,<\/b> que deja ver parte del cuerpo de la protagonista de La Sustancia. Si bien la rigidez del escote palabra de honor con cors\u00e9 y la manga larga le dan mucho peso, la fluidez de la falda y la cola, sumado con las transparencias, de dan ese toque et\u00e9reo y on\u00edrico que ha enamorado a la redacci\u00f3n de Mujer.es.<\/p>\n<p class=\"c-paragraph\">Este efecto se ve potenciado por su peinado, dejando su melena larga m\u00e1s salvaje de lo habitual mientras apostaba por un <b>peinado efecto mojado.<\/b> Junto con la luminosidad del maquillaje, parec\u00eda que acababa de salir del mar, creando una narrativa muy interesante sobre la alfombra roja que no solo la convirti\u00f3 en la protagonista de la noche, sino tambi\u00e9n de esta edici\u00f3n del Festival de Cannes.<\/p>\n<p class=\"c-paragraph\">Si le tenemos que poner alg\u00fan pero, ser\u00eda la falta de un collar sencillo, pero con toques luminosos, ya que solo se ha decantado por unos <b>pendientes grandes de diamantes de Chopard, algo recargados<\/b> para la ligereza del dise\u00f1o de Gucci.\u00a0<\/p>\n","protected":false},"excerpt":{"rendered":"El a\u00f1o pasado, el mundo de la moda se sacudi\u00f3 cuando el Festival del Cine de Cannes actualiz\u00f3&hellip;\n","protected":false},"author":2,"featured_media":552104,"comment_status":"","ping_status":"","sticky":false,"template":"","format":"standard","meta":{"footnotes":""},"categories":[174],"tags":[22404,255,4490,146,147,25,24,256,54055,1023,23,13011],"class_list":["post-552103","post","type-post","status-publish","format-standard","has-post-thumbnail","category-famosos","tag-alfombra-roja","tag-celebrities","tag-demi-moore","tag-entertainment","tag-entretenimiento","tag-es","tag-espana","tag-famosos","tag-festival-de-cannes","tag-moda","tag-spain","tag-vestido"],"share_on_mastodon":{"url":"https:\/\/pubeurope.com\/@es\/116577566165700271","error":""},"_links":{"self":[{"href":"https:\/\/www.europesays.com\/es\/wp-json\/wp\/v2\/posts\/552103","targetHints":{"allow":["GET"]}}],"collection":[{"href":"https:\/\/www.europesays.com\/es\/wp-json\/wp\/v2\/posts"}],"about":[{"href":"https:\/\/www.europesays.com\/es\/wp-json\/wp\/v2\/types\/post"}],"author":[{"embeddable":true,"href":"https:\/\/www.europesays.com\/es\/wp-json\/wp\/v2\/users\/2"}],"replies":[{"embeddable":true,"href":"https:\/\/www.europesays.com\/es\/wp-json\/wp\/v2\/comments?post=552103"}],"version-history":[{"count":0,"href":"https:\/\/www.europesays.com\/es\/wp-json\/wp\/v2\/posts\/552103\/revisions"}],"wp:featuredmedia":[{"embeddable":true,"href":"https:\/\/www.europesays.com\/es\/wp-json\/wp\/v2\/media\/552104"}],"wp:attachment":[{"href":"https:\/\/www.europesays.com\/es\/wp-json\/wp\/v2\/media?parent=552103"}],"wp:term":[{"taxonomy":"category","embeddable":true,"href":"https:\/\/www.europesays.com\/es\/wp-json\/wp\/v2\/categories?post=552103"},{"taxonomy":"post_tag","embeddable":true,"href":"https:\/\/www.europesays.com\/es\/wp-json\/wp\/v2\/tags?post=552103"}],"curies":[{"name":"wp","href":"https:\/\/api.w.org\/{rel}","templated":true}]}}