{"id":552572,"date":"2026-05-15T14:07:38","date_gmt":"2026-05-15T14:07:38","guid":{"rendered":"https:\/\/www.europesays.com\/es\/552572\/"},"modified":"2026-05-15T14:07:38","modified_gmt":"2026-05-15T14:07:38","slug":"su-impactante-imagen-en-cannes-de-la-que-todos-hablan","status":"publish","type":"post","link":"https:\/\/www.europesays.com\/es\/552572\/","title":{"rendered":"su impactante imagen en Cannes de la que todos hablan"},"content":{"rendered":"<p id=\"paragraph_1\"><strong>Demi Moore<\/strong> (63 a\u00f1os) ha vuelto a acaparar todas las miradas en Cannes. La estrella de Hollywood aterriz\u00f3 el pasado 12 de mayo en el Boulevard de la Croisette para inaugurar oficialmente la 79\u00ba edici\u00f3n del Festival de Cine franc\u00e9s. No como invitada, sino como<strong> miembro del jurado oficial <\/strong>que decidir\u00e1 la Palma de Oro.<\/p>\n<p class=\"paragraph\" id=\"paragraph_2\">Su presencia, como no pod\u00eda ser de otra forma, no ha pasado desapercibida. Sobre todo, porque de un tiempo a esta parte <strong>parece que su vida se ha convertido en un reflejo inquietante de su propio personaje en la pel\u00edcula <\/strong><strong>La Sustancia<\/strong>. Una pel\u00edcula, que por cierto, present\u00f3 en Cannes y que le vali\u00f3 una nominaci\u00f3n al Oscar.<\/p>\n<p class=\"paragraph\" id=\"paragraph_3\">Con un aspecto m\u00e1s joven, y m\u00e1s delgada que nunca, la actriz parece querer detener el tiempo y se ha convertido en reh\u00e9n de su propia imagen. En el film, interpreta a <strong>Elisabeth Sparkle<\/strong>,<strong> <\/strong>una celebridad en declive que recurre a un <strong>tratamiento ilegal<\/strong> -una especie de elixir de la juventud- para generar una versi\u00f3n <strong>m\u00e1s joven y perfecta de s\u00ed misma<\/strong>, desatando una espiral de dependencia y autodestrucci\u00f3n.<\/p>\n<p><img loading=\"lazy\" decoding=\"async\" alt=\"2020 (70).jpg\" height=\"180\" src=\"https:\/\/www.europesays.com\/es\/wp-content\/uploads\/2026\/05\/1003744243768_262928961_320x180.jpg\" width=\"320\" data-lazy-status=\"processed\" data-lazy-info=\"remove loading item 1\"\/><\/p>\n<p><img decoding=\"async\" alt=\"Demi Moore con vestido de Jacquemus.\" data-imgm=\"true\" height=\"1152\" loading=\"lazy\"  src=\"https:\/\/www.europesays.com\/es\/wp-content\/uploads\/2026\/05\/1003744246514_262964707_960x1706.jpg\"  width=\"648\"\/><\/p>\n<p>                                                            Demi Moore con vestido de Jacquemus.<\/p>\n<p>                    Gtres<\/p>\n<p class=\"paragraph\" id=\"paragraph_4\">En Cannes, Moore encarna precisamente la tensi\u00f3n que su pel\u00edcula critica: por un lado, es <strong>jurado oficial<\/strong> -s\u00edmbolo de autoridad cinematogr\u00e1fica y madurez profesional-; por otro, su <strong>imagen rejuvenecida<\/strong> alimenta el mismo discurso de perfecci\u00f3n eterna que La sustancia denuncia.<\/p>\n<p class=\"paragraph\" id=\"paragraph_5\">En una entrevista reciente para Vogue Espa\u00f1a, la int\u00e9rprete asegur\u00f3: \u00abLa palabra <strong>antienvejecimiento<\/strong> es muy cerrada, habla de luchar contra algo que es inevitable. Eso es una p\u00e9rdida de tiempo. Envejecer es un privilegio y precisamente la idea de longevidad se centra m\u00e1s en <strong>invertir en el presente para tener calidad de vida en el futuro<\/strong>\u00ab.<\/p>\n<p class=\"paragraph\" id=\"paragraph_6\">Una buena alimentaci\u00f3n, meditar cinco minutos al d\u00eda y dormir bien son, seg\u00fan ella, las claves para mostrarse as\u00ed de estupenda a su edad. \u00abCuando so\u00f1amos es cuando tenemos nuestro gran momento de curaci\u00f3n\u00bb, asegura.<\/p>\n<p class=\"paragraph\" id=\"paragraph_7\"><strong>Nunca ha reconocido p\u00fablicamente haberse sometido a una cirug\u00eda est\u00e9tica<\/strong>. De hecho, la ha negado expl\u00edcitamente. En una entrevista para la edici\u00f3n francesa de Marie Claire, cuando circulaban rumores de que se hab\u00eda gastado una fortuna en operaciones para parecer m\u00e1s joven, Demi Moore declar\u00f3:<\/p>\n<p class=\"paragraph\" id=\"paragraph_8\">\u00ab<strong>Nunca me he retocado nada<\/strong>.<strong> <\/strong>Pero no juzgar\u00eda a aquellos que lo han hecho. Si es lo mejor para ellos, no veo el problema. Sin embargo, en mi caso, reconozco que <strong>el bistur\u00ed no me har\u00eda m\u00e1s feliz<\/strong>, puesto que s\u00f3lo es una forma de combatir la neurosis. <strong>Por el momento prefiero ser una hermosa mujer de mi edad que tratar desesperadamente de parecer una treinta\u00f1era<\/strong>\u00ab.<\/p>\n<p><img decoding=\"async\" alt=\"Primera aparici\u00f3n de la estrella de Hollywood en Cannes.\" data-imgm=\"true\" height=\"180\" loading=\"lazy\"  src=\"https:\/\/www.europesays.com\/es\/wp-content\/uploads\/2026\/05\/1003744246525_262964789_1024x576.jpg\"  width=\"320\"\/><\/p>\n<p>                                                            Primera aparici\u00f3n de la estrella de Hollywood en Cannes.<\/p>\n<p>                    Gtres<\/p>\n<p class=\"paragraph\" id=\"paragraph_9\">Moore <strong>predica la aceptaci\u00f3n del envejecimiento<\/strong> mientras <strong>aparece notablemente rejuvenecida en Cannes<\/strong> sin explicar c\u00f3mo. EL ESPA\u00d1OL ha consultado a la experta en belleza, Lola Sope\u00f1a, quien asegura que se \u00abobserva claramente c\u00f3mo se ha sometido a distintos tratamientos y <strong>peque\u00f1as cirug\u00edas destinadas tanto a perfilar y embellecer su rostro como a combatir el envejecimiento\u00bb<\/strong>.<\/p>\n<p class=\"paragraph\" id=\"paragraph_10\">\u00abEs evidente que se ha realizado un lifting quir\u00fargico de cara y cuello\u00bb, contin\u00faa Sope\u00f1a, a quien le llama la atenci\u00f3n los p\u00f3mulos tan marcados. \u00abProbablemente los defini\u00f3 en el pasado mediante productos de relleno pero parecen haberse desplazado con el tiempo, generando peso y creando un resultado poco arm\u00f3nico y natural\u00bb.<\/p>\n<p class=\"paragraph\" id=\"paragraph_11\">\u00abSi a esto le sumamos una <strong>extrema delgadez<\/strong> -una tendencia est\u00e9tica que, personalmente, no considero favorecedora- el resultado final transmite <strong>una imagen excesivamente artificial<\/strong>\u00ab, explica a este medio la experta.<\/p>\n<p><img decoding=\"async\" alt=\"Demi Moore en Cannes.\" data-imgm=\"true\" height=\"180\" loading=\"lazy\"  src=\"https:\/\/www.europesays.com\/es\/wp-content\/uploads\/2026\/05\/1003744246499_262964534_1024x576.jpg\"  width=\"320\"\/><\/p>\n<p class=\"paragraph\" id=\"paragraph_12\">Ya lo advirti\u00f3 la psic\u00f3loga Lara Ferreiro, que en una consulta anterior de este peri\u00f3dico, afirm\u00f3 que <strong>hay una moda por quedarse lo m\u00e1s delgada posible<\/strong>.<\/p>\n<p class=\"paragraph\" id=\"paragraph_13\">\u00abMuchas actrices s\u00ed sienten que su valor profesional est\u00e1 vinculado a su apariencia. La delgadez extrema puede convertirse entonces en <strong>un intento inconsciente de detener el tiempo<\/strong>. Un rostro m\u00e1s delgado marca los p\u00f3mulos y puede crear una ilusi\u00f3n visual de juventud en c\u00e1mara, lo que refuerza la presi\u00f3n por mantener estos cuerpos\u00bb, coment\u00f3 entonces Laura.<\/p>\n<p>Sus looks en Cannes<\/p>\n<p class=\"paragraph\" id=\"paragraph_14\">La primera aparici\u00f3n de Demi Moore en Cannes fue en el tradicional <strong>photocall del jurado<\/strong> en el Palais des Festivals, presidido por el director surcoreano <strong>Park Chan<\/strong>&#8211;<strong>wook<\/strong>. Luci\u00f3 un <strong>vestido de lunares multicolor Jacquemus<\/strong>, que complet\u00f3 con gafas cat-eye blancas de Morgenthal Frederics y mini bag Jacquemus.<\/p>\n<p class=\"paragraph\" id=\"paragraph_15\">Ese mismo d\u00eda, para la gala de inauguraci\u00f3n volvi\u00f3 a confiar en el dise\u00f1ador de moda franc\u00e9s. La actriz escogi\u00f3 un vestido perla con lentejuelas, cors\u00e9 ajustado, falda sirena con cola y cintura p\u00e9plum. Si impresionante era el vestido, m\u00e1s a\u00fan el collar de <strong>Chopard<\/strong> de cinco filas de diamantes ovalados enormes.<\/p>\n<p class=\"paragraph\" id=\"paragraph_16\">Pero, sin duda, uno de sus<strong> estilismos m\u00e1s aplaudidos <\/strong>durante el festival ha sido el <strong>vestido lila iridiscente de Gucci <\/strong>con el que Demi Moore desafi\u00f3 el <strong>&#8216;protocolo de decencia<\/strong>&#8216;.<\/p>\n<p><img decoding=\"async\" alt=\"Vestido lila de Gucci.\" data-imgm=\"true\" height=\"180\" loading=\"lazy\"  src=\"https:\/\/www.europesays.com\/es\/wp-content\/uploads\/2026\/05\/1003744246509_262964642_1024x576.jpg\"  width=\"320\"\/><\/p>\n<p class=\"paragraph\" id=\"paragraph_17\">El pasado a\u00f1o, el<strong> <\/strong>Festival del Cine de Cannes <strong>prohibi\u00f3 los vestidos transparentes<\/strong>, excesivamente llamativos o con una cola muy larga. Una etiqueta de vestimenta que la estrella de Hollywood ha ignorado ya que <strong>la falda de su vestido es totalmente cristalina<\/strong>.<\/p>\n<p class=\"paragraph\" id=\"paragraph_18\">Mientras los medios han elogiado sus elecciones estil\u00edsticas, la mayor\u00eda de los comentarios en las redes sociales los han originado su aspecto y su figura. Demi Moore ha encarnado en Cannes, quiz\u00e1s sin quererlo, el debate central que atraviesa la industria cinematogr\u00e1fica.<\/p>\n","protected":false},"excerpt":{"rendered":"Demi Moore (63 a\u00f1os) ha vuelto a acaparar todas las miradas en Cannes. La estrella de Hollywood aterriz\u00f3&hellip;\n","protected":false},"author":2,"featured_media":552573,"comment_status":"","ping_status":"","sticky":false,"template":"","format":"standard","meta":{"footnotes":""},"categories":[91],"tags":[255,4490,146,147,25,24,54055,753,23],"class_list":["post-552572","post","type-post","status-publish","format-standard","has-post-thumbnail","category-entretenimiento","tag-celebrities","tag-demi-moore","tag-entertainment","tag-entretenimiento","tag-es","tag-espana","tag-festival-de-cannes","tag-peliculas","tag-spain"],"share_on_mastodon":{"url":"https:\/\/pubeurope.com\/@es\/116578986235449920","error":""},"_links":{"self":[{"href":"https:\/\/www.europesays.com\/es\/wp-json\/wp\/v2\/posts\/552572","targetHints":{"allow":["GET"]}}],"collection":[{"href":"https:\/\/www.europesays.com\/es\/wp-json\/wp\/v2\/posts"}],"about":[{"href":"https:\/\/www.europesays.com\/es\/wp-json\/wp\/v2\/types\/post"}],"author":[{"embeddable":true,"href":"https:\/\/www.europesays.com\/es\/wp-json\/wp\/v2\/users\/2"}],"replies":[{"embeddable":true,"href":"https:\/\/www.europesays.com\/es\/wp-json\/wp\/v2\/comments?post=552572"}],"version-history":[{"count":0,"href":"https:\/\/www.europesays.com\/es\/wp-json\/wp\/v2\/posts\/552572\/revisions"}],"wp:featuredmedia":[{"embeddable":true,"href":"https:\/\/www.europesays.com\/es\/wp-json\/wp\/v2\/media\/552573"}],"wp:attachment":[{"href":"https:\/\/www.europesays.com\/es\/wp-json\/wp\/v2\/media?parent=552572"}],"wp:term":[{"taxonomy":"category","embeddable":true,"href":"https:\/\/www.europesays.com\/es\/wp-json\/wp\/v2\/categories?post=552572"},{"taxonomy":"post_tag","embeddable":true,"href":"https:\/\/www.europesays.com\/es\/wp-json\/wp\/v2\/tags?post=552572"}],"curies":[{"name":"wp","href":"https:\/\/api.w.org\/{rel}","templated":true}]}}