{"id":553209,"date":"2026-05-15T21:42:08","date_gmt":"2026-05-15T21:42:08","guid":{"rendered":"https:\/\/www.europesays.com\/es\/553209\/"},"modified":"2026-05-15T21:42:08","modified_gmt":"2026-05-15T21:42:08","slug":"musicologo-revela-enfrentamiento-con-alexander-abreu-por-defender-la-dictadura","status":"publish","type":"post","link":"https:\/\/www.europesays.com\/es\/553209\/","title":{"rendered":"Music\u00f3logo revela enfrentamiento con Alexander Abreu por defender la dictadura"},"content":{"rendered":"<p>El music\u00f3logo y ensayista cubano <strong>Carlos Olivares Bar\u00f3<\/strong> relat\u00f3 en una entrevista c\u00f3mo confront\u00f3 directamente al trompetista y director de orquesta <strong>Alexander Abreu<\/strong> en M\u00e9xico por ser, en sus palabras, un defensor de la dictadura cubana, lo que provoc\u00f3 que Abreu se negara a tocar en el lugar donde estaba el cr\u00edtico y pidiera al due\u00f1o del local que lo retirara.<\/p>\n<p>Olivares, exiliado en M\u00e9xico desde hace aproximadamente <strong>40 a\u00f1os<\/strong>, no se arrepiente del episodio: \u00abMe pidieron que me fuera y me fui, pero se lo di en su cara\u00bb, afirm\u00f3 en la entrevista conducida por Tania Costa.<\/p>\n<p>El music\u00f3logo describi\u00f3 a Abreu como un artista excepcional cuya posici\u00f3n pol\u00edtica le resulta dolorosa: \u00abEs una l\u00e1stima que un m\u00fasico tan importante, tan genial como el director de la orquesta Havana D&#8217;Primera, Alexander Abreu, sea sin embargo un defensor de la dictadura. Es un m\u00fasico fuera de serie\u00bb.<\/p>\n<p>Seg\u00fan relat\u00f3 Olivares, le dijo directamente: \u00abAlexander, es una l\u00e1stima que t\u00fa, siendo un m\u00fasico tan importante, tan precedental, t\u00fa defiendas [la dictadura]\u00bb. La respuesta de Abreu fue tajante: le comunic\u00f3 al due\u00f1o del local que <strong><a href=\"https:\/\/www.cibercuba.com\/noticias\/2023-12-19-u194224-e42839-s27065-alexander-abreu-voy-vivir-cuba-me-voy-morir-cuba\" rel=\"nofollow noopener\" target=\"_blank\">\u00abese se\u00f1or est\u00e1 en el lugar, yo no voy a tocar\u00bb<\/a><\/strong>.<\/p>\n<p>Abreu, l\u00edder de Havana D&#8217;Primera desde 2007, ha sido se\u00f1alado en repetidas ocasiones por sectores del exilio como figura cercana al oficialismo. En diciembre de 2023 reafirm\u00f3 su v\u00ednculo con la isla al declarar p\u00fablicamente: \u00abVoy a vivir en Cuba y me voy a morir en Cuba\u00bb.<\/p>\n<p>En 2020, el m\u00fasico <strong>Descemer Bueno<\/strong> ya lo hab\u00eda <strong><a href=\"https:\/\/www.cibercuba.com\/noticias\/2020-10-11-u185759-e185759-s27061-descemer-bueno-alexander-abreu-israel-rojas-otros-musicos\" rel=\"nofollow noopener\" target=\"_blank\">interpelado p\u00fablicamente<\/a><\/strong> pidi\u00e9ndole que se posicionara del lado del pueblo cubano. En mayo de 2022, Abreu actu\u00f3 en Miami en medio de <strong><a href=\"https:\/\/www.cibercuba.com\/noticias\/2022-05-27-u1-e199370-s27065-alexander-abreu-dedico-todos-cubanos-su-concierto-miami\" rel=\"nofollow noopener\" target=\"_blank\">protestas de exiliados<\/a><\/strong> que lo acusaban de cercan\u00eda al gobierno.<\/p>\n<p>Olivares extendi\u00f3 su cr\u00edtica a Jos\u00e9 Luis Cort\u00e9s \u00abEl Tosco\u00bb, fallecido en La Habana el 18 de abril de 2022, a quien tambi\u00e9n calific\u00f3 de defensor del r\u00e9gimen: \u00abSon dos m\u00fasicos fundamentales, fundamentales en la m\u00fasica cubana contempor\u00e1nea, que sin embargo son defensores del r\u00e9gimen cubano. Es una l\u00e1stima\u00bb.<\/p>\n<p>El <strong><a href=\"https:\/\/www.cibercuba.com\/noticias\/2022-04-19-u1-e199894-s27061-muere-musico-cubano-jose-luis-cortes-tosco\" rel=\"nofollow noopener\" target=\"_blank\">fallecimiento de El Tosco<\/a><\/strong>, fundador de NG La Banda y uno de los creadores de la timba cubana, fue lamentado por el propio D\u00edaz-Canel, lo que para muchos en el exilio confirmaba su alineaci\u00f3n con el establishment cultural del r\u00e9gimen.<\/p>\n<p>En contraste, Olivares elogi\u00f3 a <strong>Pablo Milan\u00e9s<\/strong> por su valent\u00eda en los \u00faltimos a\u00f1os de vida: \u00abPablo, en los \u00faltimos a\u00f1os de su vida, fue un cr\u00edtico de la dictadura&#8230; sus \u00faltimos a\u00f1os fueron a\u00f1os de gran valent\u00eda\u00bb. A\u00f1adi\u00f3 un dato revelador: \u00abPablo muere en Espa\u00f1a y el r\u00e9gimen nunca dio la noticia de la muerte de Pablo\u00bb.<\/p>\n<p>Milan\u00e9s, referente de la Nueva Trova, <a href=\"https:\/\/www.infobae.com\/america\/opinion\/2022\/11\/23\/el-cinismo-con-el-que-la-dictadura-cubana-intenta-recuperar-a-pablo-milanes-el-artista-que-murio-distanciado-del-regimen\/\" rel=\"nofollow noopener\" target=\"_blank\">muri\u00f3 en Madrid el 22 de noviembre de 2022<\/a> a los 79 a\u00f1os, distanciado del r\u00e9gimen que durante d\u00e9cadas lo hab\u00eda utilizado como s\u00edmbolo cultural.<\/p>\n<p>Sobre Silvio Rodr\u00edguez, Olivares fue categ\u00f3rico: \u00abA Silvio no lo menciono. Silvio siempre es un esbirro de la dictadura, con cinco o seis canciones que son fundamentales, pero es un esbirro\u00bb.<\/p>\n<p>El music\u00f3logo cerr\u00f3 su reflexi\u00f3n con una idea que resume su visi\u00f3n sobre la cultura cubana: \u00abNuestra m\u00fasica, reitero, es nuestra presencia en el mundo\u00bb, citando como verdaderos referentes a Celia Cruz, Benny Mor\u00e9, Miguelito Cun\u00ed y Pablo Milan\u00e9s, con la exclusi\u00f3n expl\u00edcita de quienes, a su juicio, han puesto su talento al servicio de la dictadura.<\/p>\n","protected":false},"excerpt":{"rendered":"El music\u00f3logo y ensayista cubano Carlos Olivares Bar\u00f3 relat\u00f3 en una entrevista c\u00f3mo confront\u00f3 directamente al trompetista y&hellip;\n","protected":false},"author":2,"featured_media":553210,"comment_status":"","ping_status":"","sticky":false,"template":"","format":"standard","meta":{"footnotes":""},"categories":[174],"tags":[107182,107183,255,10042,107184,1471,146,147,25,24,256,39673,205,107185,4360,41468,41467,23,1018],"class_list":["post-553209","post","type-post","status-publish","format-standard","has-post-thumbnail","category-famosos","tag-alexander-abreu","tag-benny-more","tag-celebrities","tag-celia-cruz","tag-descemer-bueno","tag-dictadura","tag-entertainment","tag-entretenimiento","tag-es","tag-espana","tag-famosos","tag-la-habana","tag-madrid","tag-ng-la-banda","tag-noticias-de-cuba","tag-pablo-milanes","tag-silvio-rodriguez","tag-spain","tag-videos"],"share_on_mastodon":{"url":"https:\/\/pubeurope.com\/@es\/116580774484032032","error":""},"_links":{"self":[{"href":"https:\/\/www.europesays.com\/es\/wp-json\/wp\/v2\/posts\/553209","targetHints":{"allow":["GET"]}}],"collection":[{"href":"https:\/\/www.europesays.com\/es\/wp-json\/wp\/v2\/posts"}],"about":[{"href":"https:\/\/www.europesays.com\/es\/wp-json\/wp\/v2\/types\/post"}],"author":[{"embeddable":true,"href":"https:\/\/www.europesays.com\/es\/wp-json\/wp\/v2\/users\/2"}],"replies":[{"embeddable":true,"href":"https:\/\/www.europesays.com\/es\/wp-json\/wp\/v2\/comments?post=553209"}],"version-history":[{"count":0,"href":"https:\/\/www.europesays.com\/es\/wp-json\/wp\/v2\/posts\/553209\/revisions"}],"wp:featuredmedia":[{"embeddable":true,"href":"https:\/\/www.europesays.com\/es\/wp-json\/wp\/v2\/media\/553210"}],"wp:attachment":[{"href":"https:\/\/www.europesays.com\/es\/wp-json\/wp\/v2\/media?parent=553209"}],"wp:term":[{"taxonomy":"category","embeddable":true,"href":"https:\/\/www.europesays.com\/es\/wp-json\/wp\/v2\/categories?post=553209"},{"taxonomy":"post_tag","embeddable":true,"href":"https:\/\/www.europesays.com\/es\/wp-json\/wp\/v2\/tags?post=553209"}],"curies":[{"name":"wp","href":"https:\/\/api.w.org\/{rel}","templated":true}]}}