{"id":55333,"date":"2025-08-18T08:53:07","date_gmt":"2025-08-18T08:53:07","guid":{"rendered":"https:\/\/www.europesays.com\/es\/55333\/"},"modified":"2025-08-18T08:53:07","modified_gmt":"2025-08-18T08:53:07","slug":"una-joker-trans-que-lucha-contra-un-batman-fascista-se-estrena-la-pelicula-prohibida-del-personaje-libertad-digital","status":"publish","type":"post","link":"https:\/\/www.europesays.com\/es\/55333\/","title":{"rendered":"Una Joker trans que lucha contra un Batman fascista: se estrena la pel\u00edcula prohibida del personaje &#8211; Libertad Digital"},"content":{"rendered":"<p>Una parodia \u00abtrans\u00bb y \u00abwoke\u00bb del Joker ha desembarcado en el streaming. No es que la existencia de la pel\u00edcula de Vera Drew resultase desconocida a los fans de DC, siempre tan combativos en redes sociales. El convertir en una met\u00e1fora queer el universo de Gotham City, con sus traumas y trajes de goma, llam\u00f3 la atenci\u00f3n en el Festival de Toronto, y llega ahora a la plataforma Filmin tras varias pol\u00e9micas no solo en base a su contenido, sino a los propios derechos del personaje.<\/p>\n<p>La idea de convertir al <strong>Joker en un transexual<\/strong> nace, precisamente, de unas pol\u00e9micas palabras de Todd Phillips, director de la galardonada pel\u00edcula con Joaquin Phoenix en las que el responsable de la trilog\u00eda Resac\u00f3n en Las Vegas lamentaba que los tiempos \u00abwoke\u00bb hab\u00edan perjudicado sobremanera a la comedia.<\/p>\n<p><strong>The People\u2019s Joker<\/strong>, ese es su t\u00edtulo, est\u00e1 dirigida y protagonizada por Vera Drew, monologuista que descubri\u00f3 su transexualidad con -precisamente- una entrega del hombre murci\u00e9lago, Batman Forever, donde Joel Schumacher canaliz\u00f3 la energia g\u00f3tica de Tim Burton en forma de colorida alegor\u00eda con tenues pero evidentes referencias gays.<\/p>\n<p>En la pelicula de Drew, el Joker es -como pretend\u00eda en el film de Phoenix- un monologuista que trabaja con el resto de la galer\u00eda de villanos de Gotham, trabajadores de un club que se enfrentan a un Batman retratado como un abusador sexual. El personaje que encarna tambi\u00e9n Drew entabla relacion con un chico trans inspirado en otra encarnaci\u00f3n del Joker, la de Jared Leto en Escuadr\u00f3n Suicida.<\/p>\n<p>Warner, el estudio propietario de los derechos de los personajes, escribi\u00f3 un acarta tras la proyecci\u00f3n de <strong>The People\u2019s Joker<\/strong> en Toronto, convirtiendo el sendero hacia su estreno un camino lleno de espinas.<\/p>\n<p>Era el a\u00f1o 2022, dos a\u00f1os antes de la esperada secuela Joker: Folie a Deux, y el estudio estaba con los cuchillos afilados. A un mes del estreno Warner volvi\u00f3 a contactar para pedir un cambio de t\u00edtulo y otros requerimientos.<\/p>\n<p>Pero los fans de la mitolog\u00eda del hombre murcielago en su conjunto tambi\u00e9n han renegado de la libre interpretaci\u00f3n de ese universo por parte de Drew, quien -por otro lado- manifiesta una evidente admiraci\u00f3n al mismo. Una de sus interpretaciones de m\u00e1s \u00e9xito, al fin y al cabo, fue la vivaracha y ligera serie televisiva protagonizada por Adam West en los 60, siendo la imagen m\u00e1s popular de la franquicia hasta que Tim Burton y su est\u00e9tica g\u00f3tica tomaron el control del asunto.<\/p>\n<p>La paradoja es que la secuela con Phoenix y Lady Gaga acab\u00f3 fracasando en taquilla y convirti\u00e9ndose en uno de los bluffs m\u00e1s importantes del g\u00e9nero de superh\u00e9roes\u2026 por, precisamente, alejarse del estereotipo que el p\u00fablico ten\u00eda del personaje. Qui\u00e9n sabe si ahora <strong>The People\u2019s Joker, <\/strong>estrenada este 15 de agosto en Filmin, encontrar\u00e1 ese nicho de p\u00fablico que a aquella se le resisti\u00f3.<\/p>\n","protected":false},"excerpt":{"rendered":"Una parodia \u00abtrans\u00bb y \u00abwoke\u00bb del Joker ha desembarcado en el streaming. No es que la existencia de&hellip;\n","protected":false},"author":2,"featured_media":55334,"comment_status":"","ping_status":"","sticky":false,"template":"","format":"standard","meta":{"footnotes":""},"categories":[169],"tags":[177,146,147,25,24,176,6827,21907,175,3889,23],"class_list":{"0":"post-55333","1":"post","2":"type-post","3":"status-publish","4":"format-standard","5":"has-post-thumbnail","7":"category-cine","8":"tag-cine","9":"tag-entertainment","10":"tag-entretenimiento","11":"tag-es","12":"tag-espana","13":"tag-film","14":"tag-filmin","15":"tag-joker","16":"tag-movies","17":"tag-sector-del-cine","18":"tag-spain"},"share_on_mastodon":{"url":"","error":""},"_links":{"self":[{"href":"https:\/\/www.europesays.com\/es\/wp-json\/wp\/v2\/posts\/55333","targetHints":{"allow":["GET"]}}],"collection":[{"href":"https:\/\/www.europesays.com\/es\/wp-json\/wp\/v2\/posts"}],"about":[{"href":"https:\/\/www.europesays.com\/es\/wp-json\/wp\/v2\/types\/post"}],"author":[{"embeddable":true,"href":"https:\/\/www.europesays.com\/es\/wp-json\/wp\/v2\/users\/2"}],"replies":[{"embeddable":true,"href":"https:\/\/www.europesays.com\/es\/wp-json\/wp\/v2\/comments?post=55333"}],"version-history":[{"count":0,"href":"https:\/\/www.europesays.com\/es\/wp-json\/wp\/v2\/posts\/55333\/revisions"}],"wp:featuredmedia":[{"embeddable":true,"href":"https:\/\/www.europesays.com\/es\/wp-json\/wp\/v2\/media\/55334"}],"wp:attachment":[{"href":"https:\/\/www.europesays.com\/es\/wp-json\/wp\/v2\/media?parent=55333"}],"wp:term":[{"taxonomy":"category","embeddable":true,"href":"https:\/\/www.europesays.com\/es\/wp-json\/wp\/v2\/categories?post=55333"},{"taxonomy":"post_tag","embeddable":true,"href":"https:\/\/www.europesays.com\/es\/wp-json\/wp\/v2\/tags?post=55333"}],"curies":[{"name":"wp","href":"https:\/\/api.w.org\/{rel}","templated":true}]}}