{"id":553447,"date":"2026-05-16T00:59:12","date_gmt":"2026-05-16T00:59:12","guid":{"rendered":"https:\/\/www.europesays.com\/es\/553447\/"},"modified":"2026-05-16T00:59:12","modified_gmt":"2026-05-16T00:59:12","slug":"marina-perezagua-y-javier-vicedo-premios-ciudad-de-barbastro-de-novela-y-hermanos-argensola-de-poesia-revista-digital-del-somontano-de-barbastro","status":"publish","type":"post","link":"https:\/\/www.europesays.com\/es\/553447\/","title":{"rendered":"Marina P\u00e9rezagua y Javier Vicedo, premios &#8216;Ciudad de Barbastro&#8217; de novela y &#8216;Hermanos Argensola&#8217; de poes\u00eda &#8211; Revista digital del Somontano de Barbastro"},"content":{"rendered":"<p>Hoy se ha celebrado la ceremonia de los <a href=\"https:\/\/rondasomontano.com\/barbastro-abre-el-plazo-de-sus-premios-literarios-2026\/\" rel=\"nofollow noopener\" target=\"_blank\">Premios Literarios Ciudad de Barbastro<\/a>, acto en el que se han dado a conocer los nombres de los ganadores de las distintas categor\u00edas del certamen. La ceremonia, celebrada en el Centro de Congresos de Barbastro, ha estado presidida por el alcalde de la ciudad, Fernando Torres, acompa\u00f1ado por la vicepresidenta y consejera de Presidencia, Justicia y Cultura del Gobierno de Arag\u00f3n, Mar Vaquero; el director general de Cultura del Gobierno de Arag\u00f3n, Pedro Olloqui; Carlos Samp\u00e9riz, Diputado de Cultura de la DPH; la concejal de Cultura, Pilar Abad; y la comisaria del festival, Mar\u00eda \u00c1ngeles Naval.<\/p>\n<p>De los 650 originales presentados a concurso y tras una selecci\u00f3n final de siete obras, el jurado del LVII Premio Internacional de Novela Ciudad de Barbastro, formado por Ignacio Mart\u00ednez de Pis\u00f3n, como presidente, y Lara Moreno, Juan Manuel de Prada, In\u00e9s Plana, Carlos Zan\u00f3n, Elvira Navarro y Manuel Vilas como vocales \u2014actuando Joan Tarrida con voz pero sin voto\u2014, ha decidido otorgar el galard\u00f3n a la obra titulada: \u201dEL DERECHO A NO QUEDARSE QUIETO\u00bb, bajo el lema \u00abVIOLETA AWAD\u00bb, siendo la autora de la misma MARINA SONIA CARRASCO P\u00c9REZAGUA, de M\u00e1laga. MARINA P\u00c9REZAGUA.<\/p>\n<p>La obra ganadora recibir\u00e1 una dotaci\u00f3n econ\u00f3mica de 20.000 euros y ser\u00e1 publicada por la editorial Galaxia Gutenberg. Ignacio Mart\u00ednez de Pis\u00f3n, presidente del jurado, ha se\u00f1alado que \u00abse trata de una obra muy original ambientada en el Jap\u00f3n de hace algunos a\u00f1os. Narra la historia de un superviviente de un accidente nuclear, similar al de Fukushima, y reflexiona, sobre todo, acerca de la viralidad de la informaci\u00f3n en torno a su vida. M\u00e1s que centrarse en el accidente en s\u00ed, la novela aborda c\u00f3mo las noticias pueden llegar a desvirtuar la realidad y la responsabilidad que asumen los periodistas al tratar historias como la de este hombre, que decide permanecer en el lugar donde ocurri\u00f3 la cat\u00e1strofe. Es una novela de estilo sobrio, a veces seco, pero cargada de reflexiones profundas y brillantes\u00bb. Marina Perezagua (Sevilla, 1978) es licenciada en Historia del Arte por la Universidad de Sevilla y se doctor\u00f3 en Filolog\u00eda en Estados Unidos. Ha sido profesora en la State University of New York (Stony Brook) y en la New York University y ha trabajado en el Instituto Cervantes de Lyon. Ha publicado dos libros de relatos, Criaturas abisales y Leche, y dos novelas, Yoro (Premio Sor Juana In\u00e9s de la Cruz a la mejor novela escrita en espa\u00f1ol por una mujer) y Don Quijote de Manhattan. Actualmente vive en Nueva York.<\/p>\n<p>En la categor\u00eda de poes\u00eda, tras una selecci\u00f3n final de seis poemarios entre los 700 originales presentados, el jurado del LVIII Premio Internacional de Poes\u00eda Hermanos Argensola, integrado por Aurora Luque como presidenta y Antonio Lucas, Gioconda Belli, Carlos Marzal, Benjam\u00edn Prado, Mar\u00eda \u00c1ngeles Naval y Jes\u00fas Garc\u00eda S\u00e1nchez como vocales, ha decidido conceder el premio a la obra titulada: \u201dCADA COSA AL MOVERSE\u00bb registrada con el n\u00ba 450, bajo el lema \u00abV\u00cdSTULA FRANCESCA DA RIMINI \u00ab, siendo el autor de la misma JAVIER VICEDO AL\u00d3S, de Castell\u00f3n. El poemario ganador recibir\u00e1 una dotaci\u00f3n de 10.000 euros y ser\u00e1 publicado por Visor Poes\u00eda. Aurora Luque, presidenta del jurado, ha explicado que \u00abel libro ha destacado por una tem\u00e1tica articulada en torno a la exploraci\u00f3n del lenguaje. Se trata de un libro metapo\u00e9tico, de gran capacidad afor\u00edstica, escrito con un ritmo desconcertante, en zigzag, y con una descoyuntura sint\u00e1ctica intencionada, vinculada a la fragmentaci\u00f3n del mundo contempor\u00e1neo, un mundo quebrado y astillado. La obra propone una mirada sobre las distintas posibilidades de la realidad, entendida como deseo, v\u00e9rtigo e infierno\u00bb.<\/p>\n<p>Javier Vicedo Al\u00f3s (Castell\u00f3n, 1985) es poeta y dramaturgo. Ha publicado los poemarios Ventanas a ninguna parte (Premio de Poes\u00eda Joven Radio Nacional de Espa\u00f1a, Pre-textos, 2010), La \u00faltima distancia (Puerta del Mar, 2010) Fidelidad de una sombra (Pre-textos, 2015) e Interior verano (Pre-textos, 2022). Como autor de teatro obtuvo el Premio Nacional de Teatro Calder\u00f3n de la Barca por su obra Summer evening (Centro de Documentaci\u00f3n Teatral, 2015). Su siguiente obra, Cuando caiga la nieve, le valdr\u00eda una candidatura a Mejor Autor\u00eda Revelaci\u00f3n en los XXIII Premios Max de las Artes Esc\u00e9nicas. Sus libros han sido traducidos al italiano y al franc\u00e9s.<\/p>\n<p><strong>Barbitania 2026 <\/strong><\/p>\n<p>Se trata de una edici\u00f3n que consolida el crecimiento del Certamen, cuya participaci\u00f3n ya fue un \u00e9xito en la pasada convocatoria, con la recepci\u00f3n de 1.110 obras, y que en la presente edici\u00f3n ha experimentado un incremento del 26 %, alcanzando los 1.400 originales presentados. Estas cifras refuerzan su proyecci\u00f3n internacional y lo consolidan como un certamen de referencia por la diversidad y procedencia de sus participantes. Barbastro vuelve a mostrar, a trav\u00e9s del festival Barbitania y de sus premios literarios \u2014que en \u00e9l se integran\u2014, su compromiso sostenido con la cultura, la lectura y la escritura. Unos galardones entre los m\u00e1s longevos del pa\u00eds que, junto a un festival literario plenamente consolidado como referente, re\u00fanen cada a\u00f1o a destacadas voces del panorama literario contempor\u00e1neo. En su intervenci\u00f3n, el alcalde de la ciudad, Fernando Torres, ha destacado que \u00abBarbitania se ha consolidado como una cita clave del calendario cultural aragon\u00e9s, reforzando el prestigio del Certamen Literario de Barbastro y convirtiendo durante tres d\u00edas a la ciudad en la capital del libro, con un notable impacto en el comercio y la hosteler\u00eda locales\u00bb.<\/p>\n<p>En su intervenci\u00f3n, el alcalde de la ciudad, Fernando Torres, ha destacado que \u00abBarbitania se ha consolidado como una cita clave del calendario cultural aragon\u00e9s, reforzando el prestigio del Certamen Literario de Barbastro y convirtiendo durante tres d\u00edas a la ciudad en la capital del libro, con un notable impacto en el comercio y la hosteler\u00eda locales\u00bb. El alcalde ha recordado adem\u00e1s la pr\u00f3xima inauguraci\u00f3n de la nueva Biblioteca Municipal, ubicada en los antiguos Almacenes San Pedro, como un nuevo impulso al proyecto cultural que define a Barbastro, y ha animado a vecinos y visitantes a disfrutar intensamente del festival. Asimismo, ha felicitado a Pilar Abad, concejal de Cultura, por la organizaci\u00f3n de una nueva edici\u00f3n del certamen. Para finalizar, Fernando Torres ha dedicado unas emotivas palabras en recuerdo de los libreros V\u00edctor Castill\u00f3n y Beni Ibor, recientemente fallecidos: \u00abQuiero tener un recuerdo especial para dos personas muy vinculadas al mundo del libro en nuestra ciudad, que no podr\u00e1n acompa\u00f1arnos en este Barbitania 2026. Para ellos, nuestro recuerdo, nuestro cari\u00f1o y nuestra gratitud\u00bb.<\/p>\n<p>Por su parte, Mar Vaquero, vicepresidenta del Gobierno de Arag\u00f3n, ha destacado que se siente muy feliz de que su primer acto como consejera de Cultura sea acompa\u00f1ar al Ayuntamiento en la celebraci\u00f3n de este encuentro, que supone ya una consolidaci\u00f3n: \u00abBarbastro se convierte en un punto de encuentro entre editores, escritores, lectores y ciudadanos, pues, al final, la cultura es tambi\u00e9n una clara representaci\u00f3n de la identidad de los propios pueblos. Por lo tanto, es necesario que demos apoyo desde el Gobierno de Arag\u00f3n, y lo hacemos a trav\u00e9s de numerosos actos que contribuyen a la realizaci\u00f3n de actividades en librer\u00edas. Es fundamental apoyar al sector librero y hacerlo tambi\u00e9n con los editores, presentes en much\u00edsimas ferias que se distribuyen a lo largo del territorio. La labor que se realiza desde la literatura es esencial, as\u00ed como su estrecha vinculaci\u00f3n con la cultura. La suma de esfuerzos permite proyectar, a nivel nacional e internacional, esa gran capacidad para transmitir sentimientos, creatividad e inspiraci\u00f3n, y Barbastro se convierte estos d\u00edas en una referencia de todo ello\u00bb.<\/p>\n<p>Por su parte, la directora del Festival Barbitania, Mar\u00eda \u00c1ngeles Naval, ha destacado que \u00ablos premios han reunido una excelente cosecha de originales tanto en novela como en poes\u00eda. El proceso de preselecci\u00f3n ha sido especialmente complejo por el elevado n\u00famero y la calidad de las obras presentadas, pero gracias al trabajo t\u00e9cnico del Ayuntamiento, especialmente de Javier Guirao, y del jurado de preselecci\u00f3n, se ha podido configurar una f inal muy re\u00f1ida en ambas categor\u00edas\u00bb. Adem\u00e1s del Premio de Novela y de Poes\u00eda, tambi\u00e9n se ha anunciado el fallo de las dem\u00e1s categor\u00edas que completan el Certamen Literario que promueve la ciudad de Barbastro.<\/p>\n<p>Narrativa escolar<\/p>\n<p>Reunido el jurado en el Centro de Congresos de Barbastro, integrado por D.\u00aa M.\u00aa Mercedes Pu\u00e9rtolas Salanova, D.\u00aa Montserrat Buil Vici\u00e9n y D. Jos\u00e9 Antonio Albero Serrano, actuando como secretario D. Javier Guirao Larra\u00f1aga, se acuerda:<\/p>\n<p><strong>Categor\u00eda de 12 a 14 a\u00f1os <\/strong><\/p>\n<p>Primer premio (125 \u20ac): El reflejo roto, presentada bajo el lema \u00abFernando Llanos\u00bb, de Jorge Garc\u00eda Sub\u00edas (Barbastro, Huesca). Segundo premio (90 \u20ac): El misterio de la narrativa, presentada bajo el lema \u00abEscribir es de valientes\u00bb, de Mateo Blanco Lonc\u00e1n (Barbastro, Huesca). Tercer premio (60 \u20ac): El d\u00eda que dej\u00f3 de ser invisible, presentada bajo el lema \u00abEl caballero de la armadura azul\u00bb, de Axel Carilla Sobrino (Barbastro, Huesca).<\/p>\n<p><strong>Categor\u00eda de 15 a 18 a\u00f1os <\/strong><\/p>\n<p>Primer premio (150 \u20ac): Salto al futuro, presentada bajo el lema \u00abGymbot\u00bb, de Julia Fantova Gamb\u00fas (Barbastro, Huesca). Segundo premio (100 \u20ac): En blanco y negro, presentada bajo el lema \u00abTara Bensuoir\u00bb, de Teresa Barrab\u00e9s Ruiz(Barbastro, Huesca). Tercer premio (75 \u20ac): El \u00faltimo verano, presentada bajo el lema \u00abLadec\u00e1n\u00bb, de Candela Garc\u00eda Puyuelo (Barbastro, Huesca).<\/p>\n<p><strong>FALLO DEL XIV PREMIO DE NOVELA CORTA EN ARAGON\u00c9S \u00abZIUD\u00c1 DE BALBASTRO\u00bb 2026 <\/strong><\/p>\n<p>Reunido el jurado del XIV Premio de Novela Corta en Aragon\u00e9s \u00abZiud\u00e1 de Balbastro\u00bb, integrado por Chus\u00e9 Inazio Nabarro Garc\u00eda, Antonio Andreu Sanz y Juan Carlos Marco Pueo, actuando como editor con voz pero sin voto Chus\u00e9 Arag\u00fc\u00e9s y como secretario Javier Guirao Larra\u00f1aga, el 13 de mayo en el Centro de Congresos de Barbastro, y tras las deliberaciones correspondientes, se acuerda proclamar por unanimidad ganadora la novela Vistreta antecullida, presentada bajo el lema \u00abRosada en la gabardera\u00bb, cuyo autor es Manuel S\u00e1nchez Barea, de Teruel.<\/p>\n<p><strong>RELATO DE HUMOR HIPERBREVE JOAQU\u00cdN COLL \u2013 LA MUECA DEL P\u00cdCARO 2026 <\/strong><\/p>\n<p>El jurado del Certamen Internacional de Relato de Humor Hiperbreve Joaqu\u00edn Coll \u2013 La Mueca del P\u00edcaro 2026, dotado con 500 \u20ac y formado por Lolo Sampedro, Eduardo P\u00e9rez y Mariano Gista\u00edn, ha acordado otorgar el premio, entre los 180 relatos presentados, al texto presentado bajo el seud\u00f3nimo \u00abEl Margen\u00bb, cuyo autor es Guido Simoni, de Ravenna (Italia).<\/p>\n<p>\n            Tu valoraci\u00f3n y comentario son importantes\n    <\/p>\n","protected":false},"excerpt":{"rendered":"Hoy se ha celebrado la ceremonia de los Premios Literarios Ciudad de Barbastro, acto en el que se&hellip;\n","protected":false},"author":2,"featured_media":553448,"comment_status":"","ping_status":"","sticky":false,"template":"","format":"standard","meta":{"footnotes":""},"categories":[91],"tags":[8975,107200,146,147,25,24,23],"class_list":["post-553447","post","type-post","status-publish","format-standard","has-post-thumbnail","category-entretenimiento","tag-barbitania","tag-certamen-literario-barbastro","tag-entertainment","tag-entretenimiento","tag-es","tag-espana","tag-spain"],"share_on_mastodon":{"url":"https:\/\/pubeurope.com\/@es\/116581549207502654","error":""},"_links":{"self":[{"href":"https:\/\/www.europesays.com\/es\/wp-json\/wp\/v2\/posts\/553447","targetHints":{"allow":["GET"]}}],"collection":[{"href":"https:\/\/www.europesays.com\/es\/wp-json\/wp\/v2\/posts"}],"about":[{"href":"https:\/\/www.europesays.com\/es\/wp-json\/wp\/v2\/types\/post"}],"author":[{"embeddable":true,"href":"https:\/\/www.europesays.com\/es\/wp-json\/wp\/v2\/users\/2"}],"replies":[{"embeddable":true,"href":"https:\/\/www.europesays.com\/es\/wp-json\/wp\/v2\/comments?post=553447"}],"version-history":[{"count":0,"href":"https:\/\/www.europesays.com\/es\/wp-json\/wp\/v2\/posts\/553447\/revisions"}],"wp:featuredmedia":[{"embeddable":true,"href":"https:\/\/www.europesays.com\/es\/wp-json\/wp\/v2\/media\/553448"}],"wp:attachment":[{"href":"https:\/\/www.europesays.com\/es\/wp-json\/wp\/v2\/media?parent=553447"}],"wp:term":[{"taxonomy":"category","embeddable":true,"href":"https:\/\/www.europesays.com\/es\/wp-json\/wp\/v2\/categories?post=553447"},{"taxonomy":"post_tag","embeddable":true,"href":"https:\/\/www.europesays.com\/es\/wp-json\/wp\/v2\/tags?post=553447"}],"curies":[{"name":"wp","href":"https:\/\/api.w.org\/{rel}","templated":true}]}}