{"id":553692,"date":"2026-05-16T05:45:36","date_gmt":"2026-05-16T05:45:36","guid":{"rendered":"https:\/\/www.europesays.com\/es\/553692\/"},"modified":"2026-05-16T05:45:36","modified_gmt":"2026-05-16T05:45:36","slug":"homenaje-a-gemma-cuervo-y-reaparicion-de-florentino-perez-madrid-entrega-sus-medallas-por-san-isidro","status":"publish","type":"post","link":"https:\/\/www.europesays.com\/es\/553692\/","title":{"rendered":"Homenaje a Gemma Cuervo y reaparici\u00f3n de Florentino P\u00e9rez: Madrid entrega sus medallas por San Isidro"},"content":{"rendered":"<p>Madrid ha celebrado este viernes 15 de mayo uno de los actos m\u00e1s solemnes \u2014y tambi\u00e9n m\u00e1s observados\u2014 de <strong>las fiestas de San Isidro<\/strong>: la entrega de las <strong>Medallas de Honor y Medallas de Madrid 2026<\/strong>, celebrada a las 10:00 horas en el Palacio de Cibeles y presidida por el alcalde, <strong>Jos\u00e9 Luis Mart\u00ednez-Almeida<\/strong>, junto a la presidenta regional, <strong>Isabel D\u00edaz Ayuso<\/strong>. La ceremonia, convertida cada a\u00f1o en term\u00f3metro institucional, cultural y social de la capital, ha distinguido a personalidades y entidades por su aportaci\u00f3n a la ciudad en \u00e1mbitos tan diversos como la ciencia, la cultura, el deporte o la acci\u00f3n social. Entre los asistentes m\u00e1s comentados estuvo <strong>Florentino P\u00e9rez<\/strong>, en una de sus escasas apariciones p\u00fablicas fuera del \u00e1mbito deportivo, d\u00edas despu\u00e9s de <a href=\"https:\/\/www.revistavanityfair.es\/articulos\/florentino-perez-requisitos-presidencia-real-madrid-aval-candidato\" target=\"_blank\" rel=\"nofollow noopener\">su desatada comparecencia<\/a> para convocar elecciones a la presidencia del Real Madrid.<\/p>\n<p><img decoding=\"async\" alt=\"Florentino P\u00c3\u00a9rez during the awarding of San Isidro medals at Madrid City Hall in Madrid on Friday 15 May 2026.\" loading=\"lazy\" class=\"ResponsiveImageContainer-dkeESL cQPiWi responsive-image__image\"   src=\"https:\/\/www.europesays.com\/es\/wp-content\/uploads\/2026\/05\/U609474_007.jpg\"\/><\/p>\n<p>Florentino P\u00c3\u00a9rez during the awarding of San Isidro medals at Madrid City Hall in Madrid on Friday, 15 May 2026.Jesus Briones<\/p>\n<p>La emoci\u00f3n de la ma\u00f1ana lleg\u00f3 con el recuerdo a <strong>Gemma Cuervo<\/strong>, <a href=\"https:\/\/www.revistavanityfair.es\/articulos\/la-familia-gemma-cuervo-hijos-cayetana-guillen-cuervo-nietos\" target=\"_blank\" rel=\"nofollow noopener\">fallecida el pasado marzo<\/a>, cuya familia recibi\u00f3 una de las Medallas de Honor de Madrid concedidas a la saga Guill\u00e9n Cuervo. El reconocimiento, aprobado meses antes de su muerte, puso el foco en una de las grandes familias de actores del pa\u00eds. La presencia de <strong>Cayetana Guill\u00e9n Cuervo<\/strong>, recogiendo un galard\u00f3n inevitablemente atravesado por la ausencia de su madre, dej\u00f3 una de las im\u00e1genes m\u00e1s emotivas de la ma\u00f1ana. Tras recibir la medalla, la actriz envi\u00f3 un beso al cielo en homenaje a su madre.<\/p>\n<p><img decoding=\"async\" alt=\"Fernando Guill\u00c3\u00a9n Cuervo and Cayetana Guill\u00c3\u00a9n Cuervo posing on stage holding an award during the Gold Medals of the...\" loading=\"lazy\" class=\"ResponsiveImageContainer-dkeESL cQPiWi responsive-image__image\"   src=\"https:\/\/www.europesays.com\/es\/wp-content\/uploads\/2026\/05\/U609474_190.jpg\"\/><\/p>\n<p>Fernando Guill\u00c3\u00a9n Cuervo and Cayetana Guill\u00c3\u00a9n Cuervo posing on stage holding an award during the Gold Medals of the City of Madrid 2026 in Madrid, Spain, on Friday, 15 May 2026.Jesus Briones<\/p>\n","protected":false},"excerpt":{"rendered":"Madrid ha celebrado este viernes 15 de mayo uno de los actos m\u00e1s solemnes \u2014y tambi\u00e9n m\u00e1s observados\u2014&hellip;\n","protected":false},"author":2,"featured_media":553693,"comment_status":"","ping_status":"","sticky":false,"template":"","format":"standard","meta":{"footnotes":""},"categories":[8],"tags":[17,18,25,24,13,14,11,19,20,9,10,15,16,492,23,8373,12,21,22,8374],"class_list":["post-553692","post","type-post","status-publish","format-standard","has-post-thumbnail","category-espana","tag-breaking-news","tag-breakingnews","tag-es","tag-espana","tag-featured-news","tag-featurednews","tag-headlines","tag-latest-news","tag-latestnews","tag-news","tag-noticias","tag-noticias-destacadas","tag-noticiasdestacadas","tag-sociedad","tag-spain","tag-textaboveleftsmall","tag-titulares","tag-ultimas-noticias","tag-ultimasnoticias","tag-web"],"share_on_mastodon":{"url":"https:\/\/pubeurope.com\/@es\/116582673729412269","error":""},"_links":{"self":[{"href":"https:\/\/www.europesays.com\/es\/wp-json\/wp\/v2\/posts\/553692","targetHints":{"allow":["GET"]}}],"collection":[{"href":"https:\/\/www.europesays.com\/es\/wp-json\/wp\/v2\/posts"}],"about":[{"href":"https:\/\/www.europesays.com\/es\/wp-json\/wp\/v2\/types\/post"}],"author":[{"embeddable":true,"href":"https:\/\/www.europesays.com\/es\/wp-json\/wp\/v2\/users\/2"}],"replies":[{"embeddable":true,"href":"https:\/\/www.europesays.com\/es\/wp-json\/wp\/v2\/comments?post=553692"}],"version-history":[{"count":0,"href":"https:\/\/www.europesays.com\/es\/wp-json\/wp\/v2\/posts\/553692\/revisions"}],"wp:featuredmedia":[{"embeddable":true,"href":"https:\/\/www.europesays.com\/es\/wp-json\/wp\/v2\/media\/553693"}],"wp:attachment":[{"href":"https:\/\/www.europesays.com\/es\/wp-json\/wp\/v2\/media?parent=553692"}],"wp:term":[{"taxonomy":"category","embeddable":true,"href":"https:\/\/www.europesays.com\/es\/wp-json\/wp\/v2\/categories?post=553692"},{"taxonomy":"post_tag","embeddable":true,"href":"https:\/\/www.europesays.com\/es\/wp-json\/wp\/v2\/tags?post=553692"}],"curies":[{"name":"wp","href":"https:\/\/api.w.org\/{rel}","templated":true}]}}