{"id":55389,"date":"2025-08-18T09:26:04","date_gmt":"2025-08-18T09:26:04","guid":{"rendered":"https:\/\/www.europesays.com\/es\/55389\/"},"modified":"2025-08-18T09:26:04","modified_gmt":"2025-08-18T09:26:04","slug":"un-rayo-de-luz-llamado-tomas-rufo-se-abre-paso-en-la-oscuridad-de-la-tarde","status":"publish","type":"post","link":"https:\/\/www.europesays.com\/es\/55389\/","title":{"rendered":"Un rayo de luz llamado Tom\u00e1s Rufo se abre paso en la oscuridad de la tarde"},"content":{"rendered":"<p class=\"paragraph\" id=\"paragraph_1\"><strong>Rufo ven\u00eda en sustituci\u00f3n de Morante de la Puebla y fue el rayo de luz ante la opacidad de la tarde<\/strong>, y no s\u00f3lo atmosf\u00e9ricamente hablando sino tambi\u00e9n <a href=\"https:\/\/www.elespanol.com\/eldigitalcastillalamancha\/region\/ciudad-real\/20250817\/raza-entrega-pundonor-capote-virgen-prado\/1003743889232_0.html?utm_cmp_rs=linksinline\" rel=\"nofollow noopener\" target=\"_blank\">taurinamente<\/a>. El oasis que la afici\u00f3n esperaba para salvar el festejo. Con tres orejas fue el triunfador absoluto, abriendo la tan ansiada puerta grande. Juan Ortega no pudo derrochar su arte porque se top\u00f3 con dos enemigos que no quisieron ser parte de un cap\u00edtulo nuevo en su tauromaquia particular. Roca Rey con su segundo pudo tocar pelo de no marrar con la espada.<\/p>\n<p class=\"paragraph\" id=\"paragraph_2\"><strong>La segunda de Feria promet\u00eda<\/strong>, un cartel sobre el papel que era el fuerte, de hecho as\u00ed se ha visto reflejado en el tendido con un lleno absoluto, y es que cuando las cosas se hacen bien, la gente responde, independientemente de lo que suceda en el ruedo. Bien es sabido que es el toro el que descompone todo. Y as\u00ed ha sido.<\/p>\n<p class=\"paragraph\" id=\"paragraph_3\">Qu\u00e9 gusto da ver a un toro embestir haciendo el avi\u00f3n y ofreciendo esa entrega tanto en el capote como en la muleta de su matador. Rufo se top\u00f3 con ese astado que supo cuajarlo a placer dentro del recorrido del animal. <strong>Lo salud\u00f3 con ver\u00f3nicas mecidas, que tras la tormenta que comenz\u00f3 al finalizar la faena del segundo, supieron a gloria.<\/strong><\/p>\n<p><img loading=\"lazy\" decoding=\"async\" alt=\"Corrida de toros en Ciudad Real.\" height=\"180\" src=\"https:\/\/www.europesays.com\/es\/wp-content\/uploads\/2025\/08\/1003743889249_258040796_320x180.jpg\" width=\"320\" data-lazy-status=\"processed\" data-lazy-info=\"remove loading item 1\"\/><\/p>\n<p class=\"paragraph\" id=\"paragraph_4\">Se desmonteraron Andr\u00e9s Revuelta y Fernando S\u00e1nchez tras parear al astado. De rodillas recibi\u00f3 con la muleta a su oponente, meti\u00e9ndose desde el primer pase al p\u00fablico en el bolsillo por lo bien ejecutado de la tanda, despertando la ovaci\u00f3n m\u00e1s sincera, pero cuando hay mimbres se hacen buenos cestos y eso es lo que hizo Rufo por ambos pitones hasta que el de Victoriano del R\u00edo no quiso recibir m\u00e1s muletazos. <strong>Estocada baja que produjo derrame pero no le priv\u00f3 de pasear la primera oreja de la tarde, aunque el p\u00fablico insisti\u00f3 en pedir la segunda oreja<\/strong>, que a buen criterio no otorg\u00f3 la presidencia.<\/p>\n<p class=\"paragraph\" id=\"paragraph_5\">Con los trofeos del sexto terminar\u00eda de descorrer el cerrojo de la Puerta Grande y salir por ella como claro triunfador, pero antes de ese ep\u00edlogo hubo una obra con su pr\u00f3logo. Destacar la bella media ver\u00f3nica en su saludo capotero. En banderillas volvi\u00f3 a desmonterarse Fernando S\u00e1nchez. <strong>Brindis para el empresario Nacho Lloret<\/strong>. Faena que fue ganando sobre todo cuando empez\u00f3 a torear al natural donde el diapas\u00f3n subi\u00f3 y la profundidad de su toreo fue lo mejor de dicha faena. Estocada que le sirvi\u00f3 el corte del doble trofeo.<\/p>\n<p class=\"paragraph\" id=\"paragraph_6\">En el segundo de la tarde el cielo termin\u00f3 de protestar, despu\u00e9s de los truenos y los rel\u00e1mpagos se desencaden\u00f3 la tormenta en el que las gotas gordas hicieron refugiarse a los m\u00e1s previsores y al resto campear el temporal como pudieron sin perder detalle de lo acontecido en el albero puesto que era Roca Rey quien estaba en el tercio en la parte final de la faena, la cual hizo rugir el tendido en los inicios al clavar las rodillas en tierra y citar al de Victorino para ejecutar dos pases cambiados por la espalda. Continu\u00f3 por la derecha aprovechando la embestida de su enemigo con tres tandas con la mano diestra que gustaron al respetable. Con la izquierda no fue igual. Abrevi\u00f3 cuando empez\u00f3 a llover errando con la espada con un bajonazo tras un pinchazo. <strong>Hubo leve petici\u00f3n de oreja, recibiendo ovaci\u00f3n. Con el capote lance\u00f3 a la ver\u00f3nica con suavidad. <\/strong>Ech\u00e1ndose el capote a la espalda realiz\u00f3 el quite. En banderillas salud\u00f3 Antonio Chac\u00f3n.<\/p>\n<p class=\"paragraph\" id=\"paragraph_7\">El viento que se levant\u00f3 no quer\u00eda que el respetable viera el peso anunciador de los kilos del de Vitoriano del R\u00edo, que eran 616 que si hubieran sido de bravura, otro gallo hubiera cantado. Pero no, fueron kilos sin opci\u00f3n a triunfo. <strong>Palmas fue lo que recibi\u00f3 tras el conjunto de su faena en el que la comenz\u00f3 agarrado a las tablas y poco m\u00e1s destacable cuando te topas con un animal que pierde fuerza y carece de bravura. <\/strong><\/p>\n<p class=\"paragraph\" id=\"paragraph_8\">Hab\u00eda muchas ganas de ver a Juan Ortega en Ciudad Real, ser\u00e1n para la pr\u00f3xima en el que las ganas se agudicen y se pueda vibrar con su toreo. Tuvo que pechar con el peor lote de la tarde. El primero de salida estuvo abanto sin hacer caso al capote que Ortega le ofrec\u00eda. Cuando lo recogi\u00f3 pudo lancear con pausa a su enemigo, con esa elegancia que lo caracteriza. El inicio de faena fue un pasar del toro por la muleta como si no fuera nada con \u00e9l. <strong>Hasta el cielo protestaba, tronando, ante la pasividad del burel<\/strong>. Con la izquierda lo intenta pero no hab\u00eda manera de que embistiera. Estocada desprendida. Silencio.<\/p>\n<p class=\"paragraph\" id=\"paragraph_9\">El cuarto de la tarde tuvo que ser devuelto tras entrar al caballo de picar. Antes ofreci\u00f3 Ortega unas ver\u00f3nicas con mucha expresividad. Sali\u00f3 de cuarto bis un astado del hierro de Virgen Mar\u00eda. <strong>Que tuvo nula condici\u00f3n puesto que daba dos pases y el toro se descompon\u00eda, un comportamiento que para nada tiene que ver con la bravura con la que debe acometer un toro<\/strong>. Tras una estocada casi entera el p\u00fablico lo ovacion\u00f3 y lo hizo salir al tercio a saludar.<\/p>\n<p>Ficha del festejo<\/p>\n<p class=\"paragraph\" id=\"paragraph_10\">Se lidian seis astados de la ganader\u00eda de Victoriano del R\u00edo, el 4 bis de Virgen Mar\u00eda. Destacar 2, 3 y 6. Bien presentados pero de juego desigual<\/p>\n<p class=\"paragraph\" id=\"paragraph_11\">Juan Ortega: Silencio y saludos desde el tercio<\/p>\n<p class=\"paragraph\" id=\"paragraph_12\">Roca Rey: ovaci\u00f3n con leve petici\u00f3n de oreja y palmas<\/p>\n<p class=\"paragraph\" id=\"paragraph_13\">Tom\u00e1s Rufo: oreja con petici\u00f3n y dos orejas.<\/p>\n<p class=\"paragraph\" id=\"paragraph_14\">Destacar los pares y la brega de Jorge Fuentes de la cuadrilla de Juan Ortega que fue aplaudida su actuaci\u00f3n por el respetable.<\/p>\n","protected":false},"excerpt":{"rendered":"Rufo ven\u00eda en sustituci\u00f3n de Morante de la Puebla y fue el rayo de luz ante la opacidad&hellip;\n","protected":false},"author":2,"featured_media":55390,"comment_status":"","ping_status":"","sticky":false,"template":"","format":"standard","meta":{"footnotes":""},"categories":[277],"tags":[373,4091,1940,2598,168,25,24,23,167,374],"class_list":{"0":"post-55389","1":"post","2":"type-post","3":"status-publish","4":"format-standard","5":"has-post-thumbnail","7":"category-toreo","8":"tag-bullfighting","9":"tag-castilla-la-mancha","10":"tag-ciudad-real","11":"tag-corridas-toros","12":"tag-deportes","13":"tag-es","14":"tag-espana","15":"tag-spain","16":"tag-sports","17":"tag-toreo"},"share_on_mastodon":{"url":"","error":""},"_links":{"self":[{"href":"https:\/\/www.europesays.com\/es\/wp-json\/wp\/v2\/posts\/55389","targetHints":{"allow":["GET"]}}],"collection":[{"href":"https:\/\/www.europesays.com\/es\/wp-json\/wp\/v2\/posts"}],"about":[{"href":"https:\/\/www.europesays.com\/es\/wp-json\/wp\/v2\/types\/post"}],"author":[{"embeddable":true,"href":"https:\/\/www.europesays.com\/es\/wp-json\/wp\/v2\/users\/2"}],"replies":[{"embeddable":true,"href":"https:\/\/www.europesays.com\/es\/wp-json\/wp\/v2\/comments?post=55389"}],"version-history":[{"count":0,"href":"https:\/\/www.europesays.com\/es\/wp-json\/wp\/v2\/posts\/55389\/revisions"}],"wp:featuredmedia":[{"embeddable":true,"href":"https:\/\/www.europesays.com\/es\/wp-json\/wp\/v2\/media\/55390"}],"wp:attachment":[{"href":"https:\/\/www.europesays.com\/es\/wp-json\/wp\/v2\/media?parent=55389"}],"wp:term":[{"taxonomy":"category","embeddable":true,"href":"https:\/\/www.europesays.com\/es\/wp-json\/wp\/v2\/categories?post=55389"},{"taxonomy":"post_tag","embeddable":true,"href":"https:\/\/www.europesays.com\/es\/wp-json\/wp\/v2\/tags?post=55389"}],"curies":[{"name":"wp","href":"https:\/\/api.w.org\/{rel}","templated":true}]}}