{"id":55411,"date":"2025-08-18T09:42:07","date_gmt":"2025-08-18T09:42:07","guid":{"rendered":"https:\/\/www.europesays.com\/es\/55411\/"},"modified":"2025-08-18T09:42:07","modified_gmt":"2025-08-18T09:42:07","slug":"el-hospital-universitario-la-candelaria-descubre-una-nueva-proteina-implicada-en-la-reparacion-del-adn-danado","status":"publish","type":"post","link":"https:\/\/www.europesays.com\/es\/55411\/","title":{"rendered":"El Hospital Universitario La Candelaria descubre una nueva prote\u00edna implicada en la reparaci\u00f3n del ADN da\u00f1ado"},"content":{"rendered":"<p style=\"text-align: justify;\"><strong>El trabajo, publicado en la revista cient\u00edfica Communications Biology, destaca c\u00f3mo la prote\u00edna Msc1 preserva la envoltura del n\u00facleo de las c\u00e9lulas durante el da\u00f1o y la reparaci\u00f3n del ADN<\/strong><\/p>\n<p style=\"text-align: justify;\"><strong>La falta de estas funciones reparadoras en ciertos tipos de da\u00f1os al ADN propicia la aparici\u00f3n de c\u00e1ncer y tumores<\/strong><\/p>\n<p style=\"text-align: justify;\">El grupo de Inestabilidad Gen\u00e9tica y C\u00e1ncer de la Unidad de Investigaci\u00f3n del Hospital Universitario Nuestra Se\u00f1ora de Candelaria, centro adscrito a la Consejer\u00eda de Sanidad del Gobierno de Canarias, ha realizado un descubrimiento importante en el campo de la reparaci\u00f3n del ADN. Un equipo de investigadores, liderado por el doctor F\u00e9lix Mach\u00edn, ha identificado una prote\u00edna clave localizada en la envoltura del n\u00facleo celular, que desempe\u00f1a una funci\u00f3n protectora sobre el ADN da\u00f1ado.<\/p>\n<p style=\"text-align: justify;\">La prote\u00edna denominada Msc1 ha sido identificada como un factor esencial en uno de los procesos m\u00e1s cr\u00edticos para la reparaci\u00f3n del ADN. La ausencia de Msc1 en la envoltura del n\u00facleo de las c\u00e9lulas interfiere con la capacidad de la c\u00e9lula para corregir anomal\u00edas y reparar defectos espont\u00e1neos en su envoltura nuclear.<\/p>\n<p style=\"text-align: justify;\">En ausencia de estas funciones reparadoras, las c\u00e9lulas tienen serias dificultades para restaurar ciertos tipos de da\u00f1o al ADN que son altamente cancer\u00edgenos.<\/p>\n<p style=\"text-align: justify;\">El descubrimiento de esta prote\u00edna es crucial no solo para comprender el c\u00e1ncer, sino tambi\u00e9n para explorar el envejecimiento celular, ya que los mecanismos de reparaci\u00f3n del ADN est\u00e1n \u00edntimamente relacionados con el curso natural del envejecimiento. Adem\u00e1s, abre nuevas posibilidades para el desarrollo de tratamientos m\u00e1s efectivos contra el c\u00e1ncer y la mejora de terapias antienvejecimiento.<\/p>\n<p style=\"text-align: justify;\">El trabajo realizado por la investigadora Sara Medina, como parte de su tesis doctoral, fue publicado recientemente en la revista cient\u00edfica Communications Biology. Este hallazgo se enmarca dentro de los proyectos de investigaci\u00f3n realizados en colaboraci\u00f3n con la Fundaci\u00f3n Canaria Instituto de Investigaci\u00f3n Sanitaria de Canarias (FIISC).<\/p>\n<p style=\"text-align: justify;\"><strong>Grupo de Inestabilidad Gen\u00e9tica y C\u00e1ncer<\/strong><\/p>\n<p style=\"text-align: justify;\">El grupo de Inestabilidad Gen\u00e9tica y C\u00e1ncer fue fundado en diciembre de 2005 por el doctor F\u00e9lix Mach\u00edn, quien desde su incorporaci\u00f3n al Hospital Universitario La Candelaria ha liderado las investigaciones de este equipo, centradas en entender los mecanismos moleculares y celulares que afectan la estabilidad del genoma en procesos patol\u00f3gicos como el c\u00e1ncer.<\/p>\n<p style=\"text-align: justify;\">A lo largo de sus 20 a\u00f1os de trabajo el grupo ha trabajado activamente en el desarrollo de nuevos f\u00e1rmacos para combatir el c\u00e1ncer y las infecciones bacterianas multirresistentes.<\/p>\n<p style=\"text-align: justify;\"><strong>La Unidad de Investigaci\u00f3n<\/strong><\/p>\n<p style=\"text-align: justify;\">La Unidad de Investigaci\u00f3n del Hospital Universitario La Candelaria, acreditada como Unidad de Investigaci\u00f3n Cl\u00ednico-Experimental por el Ministerio de Sanidad en 1995, es una estructura multidisciplinar dedicada a la generaci\u00f3n de conocimiento cient\u00edfico y su aplicaci\u00f3n para la promoci\u00f3n de la salud. La unidad dispone de instalaciones de vanguardia, incluyendo laboratorios de biolog\u00eda celular y molecular, cultivos celulares, microscop\u00eda \u00f3ptica y confocal, as\u00ed como una sala equipada con tecnolog\u00eda de microdisecci\u00f3n l\u00e1ser.<\/p>\n<p style=\"text-align: justify;\"><strong>Coordinaci\u00f3n con la FIISC<\/strong><\/p>\n<p style=\"text-align: justify;\">Todos los proyectos de investigaci\u00f3n realizados por el Hospital Universitario La Candelaria se desarrollan bajo la gesti\u00f3n directa de la Fundaci\u00f3n Canaria Instituto de Investigaci\u00f3n Sanitaria de Canaria (FIISC) y la direcci\u00f3n cient\u00edfica de los distintos investigadores principales. La FIISC est\u00e1 promovida por la Consejer\u00eda de Sanidad del Gobierno de Canarias y por el Servicio Canario de la Salud.<\/p>\n<p style=\"text-align: justify;\">La FIISC tiene como objetivo fomentar la investigaci\u00f3n en ciencias de la salud, con el fin de mejorar la prevenci\u00f3n, tratamiento y rehabilitaci\u00f3n de enfermedades, as\u00ed como abordar temas de salud mental, cronicidad y cuidados.<\/p>\n","protected":false},"excerpt":{"rendered":"El trabajo, publicado en la revista cient\u00edfica Communications Biology, destaca c\u00f3mo la prote\u00edna Msc1 preserva la envoltura del&hellip;\n","protected":false},"author":2,"featured_media":55412,"comment_status":"","ping_status":"","sticky":false,"template":"","format":"standard","meta":{"footnotes":""},"categories":[92],"tags":[25,24,165,23995,166,23,1370],"class_list":{"0":"post-55411","1":"post","2":"type-post","3":"status-publish","4":"format-standard","5":"has-post-thumbnail","7":"category-salud","8":"tag-es","9":"tag-espana","10":"tag-health","11":"tag-hospital-la-candelaria","12":"tag-salud","13":"tag-spain","14":"tag-tenerife"},"share_on_mastodon":{"url":"","error":""},"_links":{"self":[{"href":"https:\/\/www.europesays.com\/es\/wp-json\/wp\/v2\/posts\/55411","targetHints":{"allow":["GET"]}}],"collection":[{"href":"https:\/\/www.europesays.com\/es\/wp-json\/wp\/v2\/posts"}],"about":[{"href":"https:\/\/www.europesays.com\/es\/wp-json\/wp\/v2\/types\/post"}],"author":[{"embeddable":true,"href":"https:\/\/www.europesays.com\/es\/wp-json\/wp\/v2\/users\/2"}],"replies":[{"embeddable":true,"href":"https:\/\/www.europesays.com\/es\/wp-json\/wp\/v2\/comments?post=55411"}],"version-history":[{"count":0,"href":"https:\/\/www.europesays.com\/es\/wp-json\/wp\/v2\/posts\/55411\/revisions"}],"wp:featuredmedia":[{"embeddable":true,"href":"https:\/\/www.europesays.com\/es\/wp-json\/wp\/v2\/media\/55412"}],"wp:attachment":[{"href":"https:\/\/www.europesays.com\/es\/wp-json\/wp\/v2\/media?parent=55411"}],"wp:term":[{"taxonomy":"category","embeddable":true,"href":"https:\/\/www.europesays.com\/es\/wp-json\/wp\/v2\/categories?post=55411"},{"taxonomy":"post_tag","embeddable":true,"href":"https:\/\/www.europesays.com\/es\/wp-json\/wp\/v2\/tags?post=55411"}],"curies":[{"name":"wp","href":"https:\/\/api.w.org\/{rel}","templated":true}]}}