{"id":554123,"date":"2026-05-16T11:49:21","date_gmt":"2026-05-16T11:49:21","guid":{"rendered":"https:\/\/www.europesays.com\/es\/554123\/"},"modified":"2026-05-16T11:49:21","modified_gmt":"2026-05-16T11:49:21","slug":"que-bonito-es-ver-la-relacion-que-tienen-los-dos","status":"publish","type":"post","link":"https:\/\/www.europesays.com\/es\/554123\/","title":{"rendered":"Qu\u00e9 bonito es ver la relaci\u00f3n que tienen los dos"},"content":{"rendered":"<p id=\"eNhnNh7lYE\" data-wc=\"87\"><strong>Eva Gonz\u00e1lez ha vuelto a abrir una ventana a su vida familiar<\/strong> con una imagen que ha enternecido a sus seguidores. La presentadora de La Voz en Antena 3 ha presumido de los \u201cdos hombres\u201d m\u00e1s importantes de su vida, <a class=\"hm-link ho-link\" href=\"https:\/\/www.hola.com\/actualidad\/20260226886185\/eva-gonzalez-nacho-llanos-fotos-sevilla\/\" data-mrf-recirculation=\"article-body-link\" rel=\"nofollow noopener\" target=\"_blank\">con permiso de Nacho Llanos<\/a>, el empresario hostelero con el que mantiene una relaci\u00f3n sentimental desde hace casi un a\u00f1o. En la fotograf\u00eda, la sevillana aparece sentada junto a su hijo Cayetano y su sobrino Mart\u00edn y comenta: \u201cHoy me han preguntado si se pueden llamar hermanos\u201d.<\/p>\n<p> <img src=\"https:\/\/www.europesays.com\/es\/wp-content\/uploads\/2026\/04\/7ff0eab9468c-eva-gonzalez-ig2.jpg\"   width=\"768\" height=\"1024\" loading=\"lazy\" decoding=\"async\" alt=\"Eva Gonz\u00e1lez con su hijo Cayetano, de 8 a\u00f1os, en la feria de su pueblo\" fetchpriority=\"auto\" class=\"image ho-image\"\/>\u00a9 evagonzalezoficialEva Gonz\u00e1lez con su hijo Cayetano, de 8 a\u00f1os, en la feria de su pueblo<\/p>\n<p id=\"eUTWrFf80Y4\" data-wc=\"93\">Los ni\u00f1os, que solo se llevan un a\u00f1o y medio, pr\u00e1cticamente se est\u00e1n criando juntos. Como ninguno de los dos tiene hermanos, ellos mismos se han declarado \u201coficialmente\u201d que lo son y as\u00ed lo sienten. Eva, orgullosa de la magn\u00edfica relaci\u00f3n que mantienen, ha compartido una reflexi\u00f3n espont\u00e1nea que resume esta uni\u00f3n construida desde que nacieron: \u201cMis ni\u00f1os&#8230; qu\u00e9 bonito es ver la relaci\u00f3n que tienen los dos. Hoy me han preguntado que si se pueden llamar hermanos&#8230; y como buenos \u2018hermanos\u2019 lo mismo se aman que no se pueden soportar \ud83d\ude02\ud83d\ude02 <strong>#masqueprimos\u201d.<\/strong><\/p>\n<p> <img src=\"https:\/\/www.europesays.com\/es\/wp-content\/uploads\/2026\/05\/bdff0b37a415-saveclipapp70053070120443063564868066410376000359881838n.jpg\"   width=\"576\" height=\"1024\" loading=\"lazy\" decoding=\"async\" alt=\"Eva Gonz\u00e1lez con su hijo Cayetana y su sobrino Mart\u00edn\" fetchpriority=\"auto\" class=\"image ho-image\"\/>\u00a9 \u00a9 evagonzalezoficialEva Gonz\u00e1lez con su hijo Cayetana y su sobrino Mart\u00edn<\/p>\n<p id=\"e3a86mCfOxu\" data-wc=\"78\">La frase, tan natural como tierna, confirma lo que la sevillana (45) ha mostrado en numerosas ocasiones: que <strong>los peque\u00f1os se han convertido en compa\u00f1eros inseparables de juegos y travesuras.<\/strong> Y que esa uni\u00f3n no es casual, sino fruto de una familia muy unida en la que las dos hermanas, Eva y Mar\u00eda, \u00abla ni\u00f1a de mis ojos\u00bb, como la llama cari\u00f1osamente la presentadora, han transmitido a sus hijos el mismo v\u00ednculo que ellas han compartido desde siempre.<\/p>\n<p> <img src=\"https:\/\/www.europesays.com\/es\/wp-content\/uploads\/2026\/05\/56c0ee31dd54-eva-gonzalez-hermana1.jpg\"   width=\"1024\" height=\"576\" loading=\"lazy\" decoding=\"async\" alt=\"Eva Gonz\u00e1lez con su hermana Mar\u00eda \" fetchpriority=\"auto\" class=\"image ho-image\"\/>\u00a9 evagonzalezoficialEva Gonz\u00e1lez con su hermana Mar\u00eda<br \/>\nMart\u00edn, \u201cmi morenito\u201d: el sobrino que conquist\u00f3 a Eva desde el primer d\u00eda<\/p>\n<p id=\"eDJYhjO-GM\" data-wc=\"159\"><strong>Mart\u00edn naci\u00f3 el 25 de agosto de 2019,\u00a0<\/strong>convirti\u00e9ndose en el primer hijo de Mar\u00eda Gonz\u00e1lez, la hermana peque\u00f1a de Eva. <a class=\"hm-link ho-link\" href=\"https:\/\/www.hola.com\/actualidad\/20190828148272\/eva-gonzalez-anuncia-que-ha-sido-tia\/\" data-mrf-recirculation=\"article-body-link\" rel=\"nofollow noopener\" target=\"_blank\">La llegada del peque\u00f1o<\/a> llen\u00f3 de alegr\u00eda y emoci\u00f3n a la presentadora, que entonces escribi\u00f3 unas bonitas palabras para darle la bienvenida a su sobrino: \u201cNo s\u00e9 c\u00f3mo describir al amor que siento por ti, Mart\u00edn. Solo s\u00e9 que voy a estar siempre a tu lado y que tienes la suerte de tener a la mejor mam\u00e1 del mundo: una mujer valiente, sensible, cari\u00f1osa, buena&#8230;\u201d, dijo entonces la que fuera Miss Espa\u00f1a 2003 sobre el ni\u00f1o, al que llam\u00f3 cari\u00f1osamente <strong>\u201cmi morenito\u201d.<\/strong> En ese mismo mensaje a\u00f1ad\u00eda un gui\u00f1o a la relaci\u00f3n que ya imaginaba entre los primos: \u201cAhora a crecer, a vivir, a re\u00edr y a \u2018embarcar pelotas\u2019 con tu primo Cayetano, que ya est\u00e1 deseando que \u2018Tan\u2019 se haga mayor\u201d. Ese apodo, <strong>\u201cTan\u201d<\/strong>, es el que el hijo de Eva utiliza para referirse a su primo. \u00a0<\/p>\n<p> <img src=\"https:\/\/www.europesays.com\/es\/wp-content\/uploads\/2026\/05\/32cf45d06d3b-eva-redes-a.jpg\"   width=\"819\" height=\"1024\" loading=\"lazy\" decoding=\"async\" alt=\"eva redes\" fetchpriority=\"auto\" class=\"image ho-image\"\/>\u00a9 @evagonzalezoficialEva Gonz\u00e1lez con su sobrino reci\u00e9n nacido y su hijo<\/p>\n<p id=\"epUje6w9YQ\" data-wc=\"62\">Con el paso del tiempo, Eva ha seguido dedic\u00e1ndole mensajes llenos de cari\u00f1o a Mart\u00edn. En <a class=\"hm-link ho-link\" href=\"https:\/\/www.hola.com\/actualidad\/20210826195038\/eva-gonzalez-cumple-sobrino-martin\/\" data-mrf-recirculation=\"article-body-link\" rel=\"nofollow noopener\" target=\"_blank\">su segundo cumplea\u00f1os,<\/a> en agosto de 2021, lo describi\u00f3 como \u201cAlegre, cari\u00f1oso, un revoltillo tremendo que nos ilumina cada d\u00eda. Felicidades, morenito m\u00edo. Te quiero con el alma\u201d. Una declaraci\u00f3n que refleja la adoraci\u00f3n que siente por el peque\u00f1o, que en unos meses cumplir\u00e1 siete a\u00f1os.<\/p>\n<p id=\"e40skjGnc8k\" data-wc=\"117\">Cayetano, por su parte, <a class=\"hm-link ho-link\" href=\"https:\/\/www.hola.com\/actualidad\/20190304138409\/eva-gonzalez-cayetano-rivera-primer-cumpleanos-cayetano\/\" data-mrf-recirculation=\"article-body-link\" rel=\"nofollow noopener\" target=\"_blank\">naci\u00f3 en marzo de 2018 en Sevilla<\/a>. <strong>Ambos son hijos \u00fanicos,\u00a0<\/strong>un detalle que ha favorecido que entre ellos se cree un lazo especialmente fuerte. Desde beb\u00e9s han compartido juegos, celebraciones familiares y tardes de campo. Eva ha mostrado en numerosas ocasiones escenas de esa infancia compartida: desde los dos peque\u00f1os dando de comer a las gallinas en la finca de Cayetano Rivera \u2014cuando la presentadora y el torero a\u00fan eran pareja\u2014 hasta aquella divertida tarde en la que, con tres y dos a\u00f1os, <a class=\"hm-link ho-link\" href=\"https:\/\/www.hola.com\/actualidad\/20210501188847\/eva-gonzalez-tractor-familia\/\" data-mrf-recirculation=\"article-body-link\" rel=\"nofollow noopener\" target=\"_blank\">se convirtieron en \u201cconductores\u201d de un tractor de juguete<\/a> mientras sus madres los segu\u00edan entre risas. \u201cY as\u00ed pasamos la tarde\u201d, escribi\u00f3 entonces la presentadora junto a la imagen\u00a0<\/p>\n<p id=\"eVskt47hCZ\" data-wc=\"70\"><strong>La relaci\u00f3n entre los primos es tambi\u00e9n reflejo de la estrecha conexi\u00f3n entre sus madres.\u00a0<\/strong>Eva y Mar\u00eda mantienen una uni\u00f3n muy especial, algo que la presentadora ha expresado en m\u00e1s de una ocasi\u00f3n: \u201cEl amor de hermanas no necesita explicaciones, mir\u00e1ndonos a los ojos logramos entendernos siempre. Qu\u00e9 afortunada soy sabiendo que nunca habr\u00e1 nada que nos separe\u201d. Esa complicidad se ha trasladado de manera natural a sus hijos.\u00a0<\/p>\n<p> <img src=\"https:\/\/www.europesays.com\/es\/wp-content\/uploads\/2026\/05\/4d25d53add31-dlu255905052-1.jpg\"   width=\"611\" height=\"1024\" loading=\"lazy\" decoding=\"async\" alt=\"Eva Gonz\u00e1lez con su hermana Mar\u00eda y su madre, Encarna Fern\u00e1ndez, en la entrega de Medallas de Oro de Sevilla, el 30 de mayo de 2014\" fetchpriority=\"auto\" class=\"image ho-image\"\/>\u00a9 GTRESImagen de archivo: Eva Gonz\u00e1lez con su hermana Mar\u00eda y su madre, Encarna Fern\u00e1ndez, en la entrega de Medallas de Oro de Sevilla, el 30 de mayo de 2014<\/p>\n<p id=\"euya8Ea8-e8\" data-wc=\"52\">Y hoy, Cayetano y Mart\u00edn crecen juntos, se buscan, juegan, discuten y se reconcilian como aut\u00e9nticos hermanos. La \u00faltima imagen que ha mostrado Eva en su cuenta de Instagram no solo muestra un momento \u00edntimo, sino que resume una infancia compartida, una relaci\u00f3n que, como ella misma reconoce, los unir\u00e1 para siempre.\u00a0<\/p>\n","protected":false},"excerpt":{"rendered":"Eva Gonz\u00e1lez ha vuelto a abrir una ventana a su vida familiar con una imagen que ha enternecido&hellip;\n","protected":false},"author":2,"featured_media":510305,"comment_status":"","ping_status":"","sticky":false,"template":"","format":"standard","meta":{"footnotes":""},"categories":[174],"tags":[517,255,146,147,25,24,2764,256,23],"class_list":["post-554123","post","type-post","status-publish","format-standard","has-post-thumbnail","category-famosos","tag-actualidad","tag-celebrities","tag-entertainment","tag-entretenimiento","tag-es","tag-espana","tag-eva-gonzalez","tag-famosos","tag-spain"],"share_on_mastodon":{"url":"https:\/\/pubeurope.com\/@es\/116584105843242540","error":""},"_links":{"self":[{"href":"https:\/\/www.europesays.com\/es\/wp-json\/wp\/v2\/posts\/554123","targetHints":{"allow":["GET"]}}],"collection":[{"href":"https:\/\/www.europesays.com\/es\/wp-json\/wp\/v2\/posts"}],"about":[{"href":"https:\/\/www.europesays.com\/es\/wp-json\/wp\/v2\/types\/post"}],"author":[{"embeddable":true,"href":"https:\/\/www.europesays.com\/es\/wp-json\/wp\/v2\/users\/2"}],"replies":[{"embeddable":true,"href":"https:\/\/www.europesays.com\/es\/wp-json\/wp\/v2\/comments?post=554123"}],"version-history":[{"count":0,"href":"https:\/\/www.europesays.com\/es\/wp-json\/wp\/v2\/posts\/554123\/revisions"}],"wp:featuredmedia":[{"embeddable":true,"href":"https:\/\/www.europesays.com\/es\/wp-json\/wp\/v2\/media\/510305"}],"wp:attachment":[{"href":"https:\/\/www.europesays.com\/es\/wp-json\/wp\/v2\/media?parent=554123"}],"wp:term":[{"taxonomy":"category","embeddable":true,"href":"https:\/\/www.europesays.com\/es\/wp-json\/wp\/v2\/categories?post=554123"},{"taxonomy":"post_tag","embeddable":true,"href":"https:\/\/www.europesays.com\/es\/wp-json\/wp\/v2\/tags?post=554123"}],"curies":[{"name":"wp","href":"https:\/\/api.w.org\/{rel}","templated":true}]}}