{"id":554631,"date":"2026-05-16T18:40:22","date_gmt":"2026-05-16T18:40:22","guid":{"rendered":"https:\/\/www.europesays.com\/es\/554631\/"},"modified":"2026-05-16T18:40:22","modified_gmt":"2026-05-16T18:40:22","slug":"lleva-mas-de-20-anos-ahi-pero-no-nos-habiamos-dado-cuenta-de-uno-de-los-gazapos-mas-obvios-de-harry-potter-noticias-de-cine","status":"publish","type":"post","link":"https:\/\/www.europesays.com\/es\/554631\/","title":{"rendered":"Lleva m\u00e1s de 20 a\u00f1os ah\u00ed, pero no nos hab\u00edamos dado cuenta de uno de los gazapos m\u00e1s obvios de &#8216;Harry Potter&#8217; &#8211; Noticias de cine"},"content":{"rendered":"<p class=\"bo-p\">Rodar una pel\u00edcula no es sencillo nunca, y menos a\u00fan cuando tienes en tus manos la responsabilidad de continuar con una saga tan querida (en su momento, al menos) como Harry Potter. Por suerte, <a href=\"https:\/\/www.sensacine.com\/peliculas\/pelicula-46865\/\" class=\"bo-link\" rel=\"nofollow noopener\" target=\"_blank\">El Prisionero de Azkaban<\/a> gust\u00f3 a todo el mundo y supuso la \u00fanica entrada de <a href=\"https:\/\/www.sensacine.com\/actores\/actor-23413\/\" class=\"bo-link\" rel=\"nofollow noopener\" target=\"_blank\">Alfonso Cuar\u00f3n<\/a> en una franquicia, convirti\u00e9ndola en una rareza fabulosa. El mexicano, que ven\u00eda de <a href=\"https:\/\/www.sensacine.com\/peliculas\/pelicula-36760\/\" class=\"bo-link\" rel=\"nofollow noopener\" target=\"_blank\">Y tu mam\u00e1 tambi\u00e9n<\/a>, dio tal viraje a su carrera en 2004 que, entre la sorpresa general por la calidad que llev\u00f3 a esta tercera entrega, <b>nadie se fij\u00f3 en un error tremebundo.<\/b><\/p>\n<p>Petrificus totalus<\/p>\n<p class=\"bo-p\"><b>Este gazapo lo pod\u00e9is ver no una, \u00a1sino dos veces a lo largo de la cinta!<\/b> Y es que, como bien sab\u00e9is, para que a los actores se les escuche tienen que estar bien microfonados. Normalmente esos micros se esconden perfectamente y la bater\u00eda de los mismos se mete en los pantalones o en un falso fondo. Sin embargo, en Harry Potter y el Prisionero de Azkaban las dejaron en la espalda de Emma Watson y Daniel Radcliffe\u2026 y el resultado es este.<\/p>\n<p>                                <img loading=\"lazy\" decoding=\"async\" class=\"article-figure-img\" src=\"https:\/\/www.europesays.com\/es\/wp-content\/uploads\/2026\/05\/d46012e7210dd8577bedb926291a94a0.jpg\" width=\"640\" height=\"320\" alt=\"\"\/><\/p>\n<p>                                    Warner Bros<\/p>\n<p class=\"bo-p\">Cuando Hermione y Harry vuelven atr\u00e1s en el tiempo y se ocultan de Draco, <b>la bater\u00eda es absolutamente visible, sin ning\u00fan lugar a dudas.<\/b> Si quieres creer en la magia, puedes pensar que es un Bultus Absolutus o un hechizo similar, pero lo cierto es que hay que echarle imaginaci\u00f3n: probablemente el caos en la sala de montaje tuvo que ser \u00e9pico en cuanto se dieron cuenta.<\/p>\n<p>                                <img loading=\"lazy\" decoding=\"async\" class=\"article-figure-img\" src=\"https:\/\/www.europesays.com\/es\/wp-content\/uploads\/2026\/05\/8303838409f08b9da9742371e5228fd4.jpg\" width=\"640\" height=\"320\" alt=\"\"\/><\/p>\n<p>                                    Warner Bros<\/p>\n<p class=\"bo-p\">Este error no impidi\u00f3 que la pel\u00edcula fuera una de las mejor valoradas de la saga y <b>recaudara 797 millones de d\u00f3lares en todo el mundo<\/b>, logrando adem\u00e1s la nominaci\u00f3n para dos premios \u00d3scar. Vamos, que al final, errores mediante, supieron hacer un solo alucinante de \u00abbater\u00eda\u00bb.<\/p>\n","protected":false},"excerpt":{"rendered":"Rodar una pel\u00edcula no es sencillo nunca, y menos a\u00fan cuando tienes en tus manos la responsabilidad de&hellip;\n","protected":false},"author":2,"featured_media":554632,"comment_status":"","ping_status":"","sticky":false,"template":"","format":"standard","meta":{"footnotes":""},"categories":[169],"tags":[177,146,147,25,24,176,12964,101379,107396,175,1257,23],"class_list":["post-554631","post","type-post","status-publish","format-standard","has-post-thumbnail","category-cine","tag-cine","tag-entertainment","tag-entretenimiento","tag-es","tag-espana","tag-film","tag-gazapo","tag-harry_potter","tag-harry_potter_y_el_prisionero_de_azkaban","tag-movies","tag-pelicula","tag-spain"],"share_on_mastodon":{"url":"https:\/\/pubeurope.com\/@es\/116585721318033600","error":""},"_links":{"self":[{"href":"https:\/\/www.europesays.com\/es\/wp-json\/wp\/v2\/posts\/554631","targetHints":{"allow":["GET"]}}],"collection":[{"href":"https:\/\/www.europesays.com\/es\/wp-json\/wp\/v2\/posts"}],"about":[{"href":"https:\/\/www.europesays.com\/es\/wp-json\/wp\/v2\/types\/post"}],"author":[{"embeddable":true,"href":"https:\/\/www.europesays.com\/es\/wp-json\/wp\/v2\/users\/2"}],"replies":[{"embeddable":true,"href":"https:\/\/www.europesays.com\/es\/wp-json\/wp\/v2\/comments?post=554631"}],"version-history":[{"count":0,"href":"https:\/\/www.europesays.com\/es\/wp-json\/wp\/v2\/posts\/554631\/revisions"}],"wp:featuredmedia":[{"embeddable":true,"href":"https:\/\/www.europesays.com\/es\/wp-json\/wp\/v2\/media\/554632"}],"wp:attachment":[{"href":"https:\/\/www.europesays.com\/es\/wp-json\/wp\/v2\/media?parent=554631"}],"wp:term":[{"taxonomy":"category","embeddable":true,"href":"https:\/\/www.europesays.com\/es\/wp-json\/wp\/v2\/categories?post=554631"},{"taxonomy":"post_tag","embeddable":true,"href":"https:\/\/www.europesays.com\/es\/wp-json\/wp\/v2\/tags?post=554631"}],"curies":[{"name":"wp","href":"https:\/\/api.w.org\/{rel}","templated":true}]}}