{"id":554697,"date":"2026-05-16T19:29:22","date_gmt":"2026-05-16T19:29:22","guid":{"rendered":"https:\/\/www.europesays.com\/es\/554697\/"},"modified":"2026-05-16T19:29:22","modified_gmt":"2026-05-16T19:29:22","slug":"el-cid-diosleguarde-y-alvaro-lorenzo","status":"publish","type":"post","link":"https:\/\/www.europesays.com\/es\/554697\/","title":{"rendered":"El Cid, Diosleguarde y \u00c1lvaro Lorenzo"},"content":{"rendered":"<p class=\"c-paragraph\">Tras la Puerta Grande de Fernando Adri\u00e1n de este viernes, la acci\u00f3n contin\u00faa en la plaza de Las Ventas este s\u00e1bado 16 de mayo con una interesante corrida en la que se dar\u00e1n cita <b>dos toreros con mucha experiencia<\/b> y otro dispuesto a confirmar la alternativa. <a href=\"https:\/\/www.heraldo.es\/noticias\/ocio-y-cultura\/2026\/05\/05\/horario-donde-ver-gratis-26corridas-feria-taurina-san-isidro-televisiones-toreros-2016235.html\" title=\"Horario y d\u00f3nde ver gratis las 26 corridas de la Feria Taurina de San Isidro 2026: cuatro televisiones y 44 toreros\" rel=\"nofollow noopener\" target=\"_blank\">El festejo ser\u00e1 retransmitido por televisi\u00f3n.<\/a><\/p>\n<p class=\"c-paragraph\">Ser\u00e1 a partir de las 19.00 cuando se lidiar\u00e1n en el coso madrile\u00f1o<b> seis toros de la ganader\u00eda de La Quinta<\/b> para El Cid, \u00c1lvaro Lorenzo y Manuel Diosleguarde. Una terna que espera ofrecer un buen espect\u00e1culo a los espectadores.\u00a0<\/p>\n<p class=\"c-paragraph\">Manuel Jes\u00fas &#8216;El Cid&#8217; dio sus primeros pasos en la profesi\u00f3n en su tierra natal, en Sevilla, pero pronto se traslad\u00f3 a Madrid, y fue en la capital y en su plaza de Las Ventas donde se fragua su magn\u00edfica carrera como matador de toros. En dicho coso tom\u00f3 la alternativa el 23 de abril de 2000 de manos de David Luguillano y con Finito de C\u00f3rdoba como testigo. El toro de la ceremonia se llam\u00f3 Gracioso y llev\u00f3 el hierro de Jos\u00e9 V\u00e1zquez.<b> Ha salido por la Puerta Grande de Las Ventas en dos ocasiones <\/b>a lo largo de su trayectoria profesional, en 2005 y 2006.<\/p>\n<p class=\"c-paragraph\">\u00c1lvaro Lorenzo tom\u00f3 la alternativa el 14 de mayo de 2016 en la plaza de primera categor\u00eda de Nimes (Francia), apadrinado por El Juli y en presencia de Castella. En esta primera cita como matador de toros cort\u00f3 oreja de un astado de Garcigrande. <b>Abri\u00f3 la Puerta Grande de Las Ventas el Domingo de Resurrecci\u00f3n de 2018, <\/b>tras cortar tres orejas a un encierro de Toros de El Torero.<\/p>\n<p class=\"c-paragraph\">El diestro salmantino Manuel Diosleguarde vivir\u00e1 este s\u00e1bado un d\u00eda inolvidable ya que confirmar\u00e1 la alternativa. <b>\u00abVoy con ganas, con mucha ilusi\u00f3n<\/b> y sobre todo con mucha responsabilidad porque es una fecha que llevo esperando mucho tiempo y que le hace falta a mi carrera\u00bb, ha se\u00f1alado.<\/p>\n<p class=\"c-paragraph\">Aquellas personas que no puedan asistir al festejo, tendr\u00e1n la oportunidad de seguir la corrida gratis a trav\u00e9s de televisi\u00f3n. Lo ofrecer\u00e1 Telemadrid, el canal auton\u00f3mico madrile\u00f1o. Quienes no residan en la Comunidad de Madrid pueden sintonizarla a trav\u00e9s de otras plataformas como Movistar+ (canal 157) y Orange TV. <b>Tambi\u00e9n ser\u00e1 retransmitida en directo por Arag\u00f3n TV, \u00c0 Punt y Castilla La Mancha Media.<\/b><\/p>\n","protected":false},"excerpt":{"rendered":"Tras la Puerta Grande de Fernando Adri\u00e1n de este viernes, la acci\u00f3n contin\u00faa en la plaza de Las&hellip;\n","protected":false},"author":2,"featured_media":554698,"comment_status":"","ping_status":"","sticky":false,"template":"","format":"standard","meta":{"footnotes":""},"categories":[91],"tags":[5008,1569,146,147,25,24,83755,10834,23,807],"class_list":["post-554697","post","type-post","status-publish","format-standard","has-post-thumbnail","category-entretenimiento","tag-cid","tag-corrida","tag-entertainment","tag-entretenimiento","tag-es","tag-espana","tag-feria-de-san-isidro","tag-republicadas-seo","tag-spain","tag-television"],"share_on_mastodon":{"url":"https:\/\/pubeurope.com\/@es\/116585914007800504","error":""},"_links":{"self":[{"href":"https:\/\/www.europesays.com\/es\/wp-json\/wp\/v2\/posts\/554697","targetHints":{"allow":["GET"]}}],"collection":[{"href":"https:\/\/www.europesays.com\/es\/wp-json\/wp\/v2\/posts"}],"about":[{"href":"https:\/\/www.europesays.com\/es\/wp-json\/wp\/v2\/types\/post"}],"author":[{"embeddable":true,"href":"https:\/\/www.europesays.com\/es\/wp-json\/wp\/v2\/users\/2"}],"replies":[{"embeddable":true,"href":"https:\/\/www.europesays.com\/es\/wp-json\/wp\/v2\/comments?post=554697"}],"version-history":[{"count":0,"href":"https:\/\/www.europesays.com\/es\/wp-json\/wp\/v2\/posts\/554697\/revisions"}],"wp:featuredmedia":[{"embeddable":true,"href":"https:\/\/www.europesays.com\/es\/wp-json\/wp\/v2\/media\/554698"}],"wp:attachment":[{"href":"https:\/\/www.europesays.com\/es\/wp-json\/wp\/v2\/media?parent=554697"}],"wp:term":[{"taxonomy":"category","embeddable":true,"href":"https:\/\/www.europesays.com\/es\/wp-json\/wp\/v2\/categories?post=554697"},{"taxonomy":"post_tag","embeddable":true,"href":"https:\/\/www.europesays.com\/es\/wp-json\/wp\/v2\/tags?post=554697"}],"curies":[{"name":"wp","href":"https:\/\/api.w.org\/{rel}","templated":true}]}}