{"id":554774,"date":"2026-05-16T20:26:12","date_gmt":"2026-05-16T20:26:12","guid":{"rendered":"https:\/\/www.europesays.com\/es\/554774\/"},"modified":"2026-05-16T20:26:12","modified_gmt":"2026-05-16T20:26:12","slug":"la-federacion-galega-de-ciclismo-ira-a-concurso-de-acreedores","status":"publish","type":"post","link":"https:\/\/www.europesays.com\/es\/554774\/","title":{"rendered":"La Federaci\u00f3n Galega de Ciclismo ir\u00e1 a concurso de acreedores"},"content":{"rendered":"<p class=\"ft-text\">La <a class=\"ft-link ft-link--decoration\" href=\"https:\/\/www.elcorreogallego.es\/tags\/ciclismo\/\" target=\"_blank\" rel=\"nofollow noopener\">Federaci\u00f3n Galega de Ciclismo<\/a> atraviesa una profunda crisis econ\u00f3mica que le llevar\u00e1 a solicitar el concurso de acreedores y a reducir dr\u00e1sticamente su actividad. As\u00ed lo anunci\u00f3 la propia entidad mediante un comunicado en el que reconoce que se encuentra en una situaci\u00f3n de \u00ab<strong>insolvencia<\/strong>\u00bb derivada de dos expedientes de reintegro de subvenciones.<\/p>\n<p class=\"ft-text\">El actual presidente de la Federaci\u00f3n Galega de Ciclismo,<strong> Juan Carlos M\u00fa\u00f1iz<\/strong>, no quiso dar declaraciones al respecto despu\u00e9s de ser contactado por EL CORREO GALLEGO.<\/p>\n<p class=\"ft-text\">Tal y como detalla la federaci\u00f3n, uno de estos expedientes fue abierto por la Deputaci\u00f3n da Coru\u00f1a y ya se encuentra resuelto. Aquel procedimiento oblig\u00f3 a la instituci\u00f3n deportiva devolver una subvenci\u00f3n y abonar una sanci\u00f3n econ\u00f3mica, as\u00ed como recibir una prohibici\u00f3n de recibir nuevas ayudas p\u00fablicas.<\/p>\n<p class=\"ft-text\">A ello se suma un segundo expediente abierto por la Conseller\u00eda de Presidencia, Xustiza e Deportes, todav\u00eda pendiente de resoluci\u00f3n, pero que podr\u00eda implicar la <strong>devoluci\u00f3n de subvenciones <\/strong>correspondientes a varios a\u00f1os y la paralizaci\u00f3n de pagos previstos para 2025 y 2026. La federaci\u00f3n se\u00f1ala que esta situaci\u00f3n obliga a presentar concurso de acreedores ante el juzgado mercantil, por lo que la junta directiva ya est\u00e1 preparando la documentaci\u00f3n necesaria para formalizar dicha gesti\u00f3n.<\/p>\n<p class=\"ft-text\">Dentro de las consecuencias figura una<strong> reducci\u00f3n considerable<\/strong> de la actividad federativa. A partir del 22 de mayo, las pruebas previstas no podr\u00e1n contar con la aportaci\u00f3n que ven\u00edan percibiendo, cualquier actividad de formaci\u00f3n y tecnificaci\u00f3n queda suspendida y la actividad de gesti\u00f3n cualquier selecci\u00f3n gallega permanecer\u00e1 cancelada.<\/p>\n<p class=\"ft-text\">El comunicado a\u00f1ade que, una vez se declare formalmente la situaci\u00f3n concursal, la Administraci\u00f3n deportiva gallega deber\u00e1 asumir las funciones p\u00fablicas delegadas en la federaci\u00f3n, tal y como establece la <strong>Lei do Deporte de Galicia<\/strong>. Por ese motivo, la entidad dejar\u00e1 de desarrollar esas competencias, que pasar\u00e1n a depender de la Secretar\u00eda Xeral para o Deporte.<\/p>\n<p class=\"ft-text\">Adem\u00e1s la Federaci\u00f3n Galega de Ciclismo aprovech\u00f3 el comunicado para convocar una <strong>reuni\u00f3n de urgencia<\/strong> de cara al pr\u00f3ximo 22 de mayo, a las 20.30 horas en las instalaciones de la Federaci\u00f3n Territorial Galega de F\u00fatbol de Santiago de Compostela.<\/p>\n","protected":false},"excerpt":{"rendered":"La Federaci\u00f3n Galega de Ciclismo atraviesa una profunda crisis econ\u00f3mica que le llevar\u00e1 a solicitar el concurso de&hellip;\n","protected":false},"author":2,"featured_media":554775,"comment_status":"","ping_status":"","sticky":false,"template":"","format":"standard","meta":{"footnotes":""},"categories":[273],"tags":[46539,313,4023,9827,312,634,168,25,24,2500,107456,15902,23,167],"class_list":["post-554774","post","type-post","status-publish","format-standard","has-post-thumbnail","category-ciclismo","tag-acreedores","tag-ciclismo","tag-concurso","tag-crisis-economica","tag-cycling","tag-deporte","tag-deportes","tag-es","tag-espana","tag-federacion","tag-galega","tag-ira","tag-spain","tag-sports"],"share_on_mastodon":{"url":"https:\/\/pubeurope.com\/@es\/116586137739949025","error":""},"_links":{"self":[{"href":"https:\/\/www.europesays.com\/es\/wp-json\/wp\/v2\/posts\/554774","targetHints":{"allow":["GET"]}}],"collection":[{"href":"https:\/\/www.europesays.com\/es\/wp-json\/wp\/v2\/posts"}],"about":[{"href":"https:\/\/www.europesays.com\/es\/wp-json\/wp\/v2\/types\/post"}],"author":[{"embeddable":true,"href":"https:\/\/www.europesays.com\/es\/wp-json\/wp\/v2\/users\/2"}],"replies":[{"embeddable":true,"href":"https:\/\/www.europesays.com\/es\/wp-json\/wp\/v2\/comments?post=554774"}],"version-history":[{"count":0,"href":"https:\/\/www.europesays.com\/es\/wp-json\/wp\/v2\/posts\/554774\/revisions"}],"wp:featuredmedia":[{"embeddable":true,"href":"https:\/\/www.europesays.com\/es\/wp-json\/wp\/v2\/media\/554775"}],"wp:attachment":[{"href":"https:\/\/www.europesays.com\/es\/wp-json\/wp\/v2\/media?parent=554774"}],"wp:term":[{"taxonomy":"category","embeddable":true,"href":"https:\/\/www.europesays.com\/es\/wp-json\/wp\/v2\/categories?post=554774"},{"taxonomy":"post_tag","embeddable":true,"href":"https:\/\/www.europesays.com\/es\/wp-json\/wp\/v2\/tags?post=554774"}],"curies":[{"name":"wp","href":"https:\/\/api.w.org\/{rel}","templated":true}]}}