{"id":555040,"date":"2026-05-17T00:06:31","date_gmt":"2026-05-17T00:06:31","guid":{"rendered":"https:\/\/www.europesays.com\/es\/555040\/"},"modified":"2026-05-17T00:06:31","modified_gmt":"2026-05-17T00:06:31","slug":"dani-martin-o-cuando-el-pop-obliga-a-cerrar-a-los-ojos-de-pura-emocion-la-voz-de-galicia","status":"publish","type":"post","link":"https:\/\/www.europesays.com\/es\/555040\/","title":{"rendered":"Dani Mart\u00edn o cuando el pop obliga a cerrar a los ojos de pura emoci\u00f3n &#8211; La Voz de Galicia"},"content":{"rendered":"<ol>\n<li><a href=\"https:\/\/news.google.com\/rss\/articles\/CBMizAFBVV95cUxNUjFIVTEwbV9BOVF6S2dOcnhFWlNDQkdrY1h0MGRYTzl2U2xScXBGM0lxbmpleXhQT2xreGdSdXRBVHpYWXJaN0J5NjcwWjJaT29VdFJGeU5PYTFDeWtHc04wVXgzUzhaZnByd2hHUldtOFZtNDBJT2J6ZE9Sb3JmNkRGVlRLU0t5OUYzR2xfQzdsei02SlhPX05uUDJwbzV5cWpfa25weHVZalEyVW9jUHZULVNvUkFwVlVqaU4zWHlKdFdFUk9tUlVqb0o?oc=5\" target=\"_blank\" rel=\"nofollow noopener\">Dani Mart\u00edn o cuando el pop obliga a cerrar a los ojos de pura emoci\u00f3n<\/a>&nbsp;&nbsp;La Voz de Galicia<\/li>\n<li><a href=\"https:\/\/news.google.com\/rss\/articles\/CBMiowFBVV95cUxQMWNnUzd1Y3I4eVRpMHltQUs0dWNPTEhWQzUxZVRVSDE0MFpFaDctZFM3TklGc2UxYjNFZFNuRlN1UlRLbGY1Rmd1WFBNOEp1R2g5Znh0TDNPWHBOM3JDM1FOU250eV96SkNTT0dFSEYzb0x5R2ZZek1TVXNRdlFlVVhFanpOd3VNUXZwSWdZNDVBYlYxMFRpS2tlaFUtX3RYUnow?oc=5\" target=\"_blank\" rel=\"nofollow noopener\">Dani Mart\u00edn desata la nostalgia en el Coliseum de A Coru\u00f1a<\/a>&nbsp;&nbsp;La Opini\u00f3n A Coru\u00f1a<\/li>\n<li><a href=\"https:\/\/news.google.com\/rss\/articles\/CBMiiAFBVV95cUxPTnRXX2NjVGl2eGh2aVVyZnFJdkNaWVlNeXY0aGxjYkRxbnoxZkhsT25KUEpaVWdoWnJmak1tZzU0c3hETEdkWkdKS2Y0VWdLcF9BbDd1ZmxMQWtteEIyWV9QaWxfTkt6OWFsMWU3a1ZuNnBXd3lxY2JGLVFXV08ybTNFbVFyello?oc=5\" target=\"_blank\" rel=\"nofollow noopener\">Concierto de Dani Mart\u00edn en Son Fusteret<\/a>&nbsp;&nbsp;Ultima Hora<\/li>\n<li><a href=\"https:\/\/news.google.com\/rss\/articles\/CBMiqgFBVV95cUxOM3BMRHgtd0F3YlRFVEthSDY0eHlaWG1SREV5ZV9zeTJEaERtZGNfek1BZzk1X3ZnekkzQnAyZVFnd1VOb2dXQWE5QmRDZktBQ3Nhc0tJVjFsUlBiMVQtNUU5OXQyamVpOWVsaGNvak1qSllBaVNleGVTVURqck9Wdkc0eDVTSjB2dzVFTnU0UzJmTXJIbklmX1d0MmpsNEUwSTJ6MV9ZMklUQQ?oc=5\" target=\"_blank\" rel=\"nofollow noopener\">El secreto mejor guardado de Dani Mart\u00edn y Fernando Tejero sale a la luz ante miles de personas<\/a>&nbsp;&nbsp;HOLA<\/li>\n<li><a href=\"https:\/\/news.google.com\/rss\/articles\/CBMi1AFBVV95cUxPeHR4QXd3VXVyV0ZJM2VSM0w1UUZ3eEFMYlFDYU5YRVFHekFROVk5aDd5TV9vQjZuUzVqTFowVC16UmkwYUQwYTZOWmk5YjJaaFZyeVhGVWlVZXBGZ2dmRWNvWkczOV9ycVZhN01aUEdlQVNaOWVvcXFySzZMeUZHWjFkV1Y3U0k1SE15WEliTEZmYUZsVXVtOXhueFFQSmZlbHJ6NjlZUHpwd1ItZGYyZlpOLTg5NVNpb2JiT1JNUXY5VUJpX3VRRHVxZ1BKVEhaQ0NXeg?oc=5\" target=\"_blank\" rel=\"nofollow noopener\">Fernando Tejero, sobre su actuaci\u00f3n con Dani Mart\u00edn: \u00abSe me saltaron las l\u00e1grimas. Hay un momento en que estamos uno frente al otro, diciendo que empezamos juntos, luchando cada uno por nuestros sue\u00f1os y f\u00edjate d\u00f3nde estamos\u00bb<\/a>&nbsp;&nbsp;Semana<\/li>\n<\/ol>\n","protected":false},"excerpt":{"rendered":"Dani Mart\u00edn o cuando el pop obliga a cerrar a los ojos de pura emoci\u00f3n&nbsp;&nbsp;La Voz de Galicia&hellip;\n","protected":false},"author":2,"featured_media":555041,"comment_status":"","ping_status":"","sticky":false,"template":"","format":"standard","meta":{"footnotes":""},"categories":[91],"tags":[208,47099,98233,146,147,25,24,185,23],"class_list":["post-555040","post","type-post","status-publish","format-standard","has-post-thumbnail","category-entretenimiento","tag-conciertos","tag-dani-martin","tag-el-canto-del-loco","tag-entertainment","tag-entretenimiento","tag-es","tag-espana","tag-musica","tag-spain"],"share_on_mastodon":{"url":"https:\/\/pubeurope.com\/@es\/116587003239419148","error":""},"_links":{"self":[{"href":"https:\/\/www.europesays.com\/es\/wp-json\/wp\/v2\/posts\/555040","targetHints":{"allow":["GET"]}}],"collection":[{"href":"https:\/\/www.europesays.com\/es\/wp-json\/wp\/v2\/posts"}],"about":[{"href":"https:\/\/www.europesays.com\/es\/wp-json\/wp\/v2\/types\/post"}],"author":[{"embeddable":true,"href":"https:\/\/www.europesays.com\/es\/wp-json\/wp\/v2\/users\/2"}],"replies":[{"embeddable":true,"href":"https:\/\/www.europesays.com\/es\/wp-json\/wp\/v2\/comments?post=555040"}],"version-history":[{"count":0,"href":"https:\/\/www.europesays.com\/es\/wp-json\/wp\/v2\/posts\/555040\/revisions"}],"wp:featuredmedia":[{"embeddable":true,"href":"https:\/\/www.europesays.com\/es\/wp-json\/wp\/v2\/media\/555041"}],"wp:attachment":[{"href":"https:\/\/www.europesays.com\/es\/wp-json\/wp\/v2\/media?parent=555040"}],"wp:term":[{"taxonomy":"category","embeddable":true,"href":"https:\/\/www.europesays.com\/es\/wp-json\/wp\/v2\/categories?post=555040"},{"taxonomy":"post_tag","embeddable":true,"href":"https:\/\/www.europesays.com\/es\/wp-json\/wp\/v2\/tags?post=555040"}],"curies":[{"name":"wp","href":"https:\/\/api.w.org\/{rel}","templated":true}]}}