{"id":555325,"date":"2026-05-17T04:01:22","date_gmt":"2026-05-17T04:01:22","guid":{"rendered":"https:\/\/www.europesays.com\/es\/555325\/"},"modified":"2026-05-17T04:01:22","modified_gmt":"2026-05-17T04:01:22","slug":"trump-asegura-que-eeuu-elimino-en-nigeria-al-numero-dos-del-estado-islamico-en-el-mundo","status":"publish","type":"post","link":"https:\/\/www.europesays.com\/es\/555325\/","title":{"rendered":"Trump asegura que EEUU elimin\u00f3 en Nigeria al n\u00famero dos del Estado Isl\u00e1mico en el mundo"},"content":{"rendered":"<p>El presidente de EE.UU., <a href=\"https:\/\/theobjective.com\/etiqueta\/donald-trump\/\" type=\"post_tag\" id=\"25597\" rel=\"nofollow noopener\" target=\"_blank\">Donald Trump<\/a>, afirm\u00f3 este viernes que, <strong>en una \u00abmisi\u00f3n muy compleja y meticulosamente planificada\u00bb<\/strong> entre las Fuerzas Armadas de EE.UU. y las de Nigeria, se logr\u00f3 eliminar en ese pa\u00eds africano a Abu-Bilal al-Minuki, el \u00abterrorista m\u00e1s activo del planeta\u00bb y segundo al mando del <a href=\"https:\/\/theobjective.com\/etiqueta\/estado-islamico\/\" type=\"post_tag\" id=\"23481\" rel=\"nofollow noopener\" target=\"_blank\">Estado Isl\u00e1mico<\/a> (EI).<\/p>\n<p>El mandatario, el mismo d\u00eda en que regreso de China, escribi\u00f3 en su red Truth Social: \u00abBajo mi direcci\u00f3n, valientes fuerzas estadounidenses y las Fuerzas Armadas de <a href=\"https:\/\/theobjective.com\/etiqueta\/nigeria\/\" type=\"post_tag\" id=\"12140\" rel=\"nofollow noopener\" target=\"_blank\">Nigeria<\/a> ejecutaron impecablemente una misi\u00f3n meticulosamente planificada y muy compleja para eliminar del campo de batalla al terrorista m\u00e1s activo del mundo, Abu-Bilal al-Minuki, segundo al mando de ISIS (Estado Isl\u00e1mico)\u00bb.<\/p>\n<blockquote class=\"twitter-tweet\" data-width=\"550\" data-dnt=\"true\">\n<p lang=\"en\" dir=\"ltr\">\u201cTonight, at my direction, brave American forces and the Armed Forces of Nigeria flawlessly executed a meticulously planned and very complex mission to eliminate the most active terrorist in the world from the battlefield. Abu-Bilal al-Minuki, second in command of ISIS\u2026\u201d -\u2026 <a href=\"https:\/\/t.co\/KF8MYet9CB\" rel=\"nofollow\">pic.twitter.com\/KF8MYet9CB<\/a><\/p>\n<p>\u2014 The White House (@WhiteHouse) <a href=\"https:\/\/twitter.com\/WhiteHouse\/status\/2055492189115789463?ref_src=twsrc%5Etfw\" rel=\"nofollow noopener\" target=\"_blank\">May 16, 2026<\/a><\/p><\/blockquote>\n<p>\u00abCre\u00eda poder esconderse en \u00c1frica, pero desconoc\u00eda que cont\u00e1bamos con fuentes que nos manten\u00edan informados sobre sus actividades. <strong>Ya no aterrorizar\u00e1 al pueblo africano ni ayudar\u00e1 a planificar operaciones contra estadounidenses<\/strong>\u00bb, agreg\u00f3 el mandatario estadounidense en su publicaci\u00f3n.<\/p>\n<p>De igual forma asegur\u00f3 que, con la muerte de al-Minuki, tambi\u00e9n conocido como Abu-Bilel al-Minuto, la \u00aboperaci\u00f3n global\u00bb del Estado Isl\u00e1mico \u00abse ve considerablemente debilitada\u00bb. <strong>Agradeci\u00f3 al Gobierno de Nigeria por la colaboraci\u00f3n en la misi\u00f3n antiterrorista.<\/strong><\/p>\n<p>El pasado 16 de febrero, las Fuerzas Armadas nigerianas anunciaron la llegada de unos cien efectivos militares de Estados Unidos al aer\u00f3dromo de Bauchi, en el noroeste del pa\u00eds, como parte de un programa de cooperaci\u00f3n bilateral en materia de defensa destinado a potenciar la lucha contra amenazas terroristas.<\/p>\n<p>El noreste de Nigeria sufre ataques del grupo yihadista Boko Haram desde 2009, una violencia que empeor\u00f3 a partir de 2016 con el surgimiento de su escisi\u00f3n, el Estado Isl\u00e1mico en la Provincia de \u00c1frica Occidental (ISWAP). En el noroeste del pa\u00eds, Lakurawa, un grupo aparentemente ligado a la organizaci\u00f3n terrorista Estado Isl\u00e1mico-Provincia del Sahel (ISSP), tambi\u00e9n suele cometer atentados en los estados de Kebbi y Sokoto desde hace unos a\u00f1os.<\/p>\n<p><strong>Los combates contra esos grupos se han intensificado<\/strong> <strong>desde<\/strong> que Estados Unidos realiz\u00f3, junto con fuerzas nigerianas, una serie de ataques a\u00e9reos a <strong>finales de diciembre de 2025<\/strong> contra posiciones yihadistas en el noroeste del pa\u00eds.<\/p>\n<p>                                                    <script async src=\"https:\/\/platform.twitter.com\/widgets.js\" charset=\"utf-8\"><\/script><\/p>\n","protected":false},"excerpt":{"rendered":"El presidente de EE.UU., Donald Trump, afirm\u00f3 este viernes que, en una \u00abmisi\u00f3n muy compleja y meticulosamente planificada\u00bb&hellip;\n","protected":false},"author":2,"featured_media":555326,"comment_status":"","ping_status":"","sticky":false,"template":"","format":"standard","meta":{"footnotes":""},"categories":[42],"tags":[17,18,352,72949,629,13,14,11,61,62,63,64,19,20,9,25639,10,15,16,592,12,21,22,65,66,67],"class_list":["post-555325","post","type-post","status-publish","format-standard","has-post-thumbnail","category-internacional","tag-breaking-news","tag-breakingnews","tag-donald-trump","tag-estado-islamico","tag-estados-unidos","tag-featured-news","tag-featurednews","tag-headlines","tag-internacional","tag-international","tag-international-news","tag-internationalnews","tag-latest-news","tag-latestnews","tag-news","tag-nigeria","tag-noticias","tag-noticias-destacadas","tag-noticiasdestacadas","tag-terrorismo","tag-titulares","tag-ultimas-noticias","tag-ultimasnoticias","tag-world","tag-world-news","tag-worldnews"],"share_on_mastodon":{"url":"https:\/\/pubeurope.com\/@es\/116587927432284374","error":""},"_links":{"self":[{"href":"https:\/\/www.europesays.com\/es\/wp-json\/wp\/v2\/posts\/555325","targetHints":{"allow":["GET"]}}],"collection":[{"href":"https:\/\/www.europesays.com\/es\/wp-json\/wp\/v2\/posts"}],"about":[{"href":"https:\/\/www.europesays.com\/es\/wp-json\/wp\/v2\/types\/post"}],"author":[{"embeddable":true,"href":"https:\/\/www.europesays.com\/es\/wp-json\/wp\/v2\/users\/2"}],"replies":[{"embeddable":true,"href":"https:\/\/www.europesays.com\/es\/wp-json\/wp\/v2\/comments?post=555325"}],"version-history":[{"count":0,"href":"https:\/\/www.europesays.com\/es\/wp-json\/wp\/v2\/posts\/555325\/revisions"}],"wp:featuredmedia":[{"embeddable":true,"href":"https:\/\/www.europesays.com\/es\/wp-json\/wp\/v2\/media\/555326"}],"wp:attachment":[{"href":"https:\/\/www.europesays.com\/es\/wp-json\/wp\/v2\/media?parent=555325"}],"wp:term":[{"taxonomy":"category","embeddable":true,"href":"https:\/\/www.europesays.com\/es\/wp-json\/wp\/v2\/categories?post=555325"},{"taxonomy":"post_tag","embeddable":true,"href":"https:\/\/www.europesays.com\/es\/wp-json\/wp\/v2\/tags?post=555325"}],"curies":[{"name":"wp","href":"https:\/\/api.w.org\/{rel}","templated":true}]}}