{"id":55568,"date":"2025-08-18T11:18:08","date_gmt":"2025-08-18T11:18:08","guid":{"rendered":"https:\/\/www.europesays.com\/es\/55568\/"},"modified":"2025-08-18T11:18:08","modified_gmt":"2025-08-18T11:18:08","slug":"cientos-de-miles-de-manifestantes-israelies-piden-a-netanyahu-un-acuerdo-de-alto-el-fuego-para-liberar-a-los-rehenes","status":"publish","type":"post","link":"https:\/\/www.europesays.com\/es\/55568\/","title":{"rendered":"Cientos de miles de manifestantes israel\u00edes piden a Netanyahu un acuerdo de alto el fuego para liberar a los rehenes"},"content":{"rendered":"<p class=\"article-text\">\n        Cientos de miles de manifestantes, seg\u00fan una estimaci\u00f3n del Foro de las Familias de Rehenes, se congregaron la noche del domingo en Tel Aviv para exigir un acuerdo de alto el fuego con Ham\u00e1s que ponga en libertad al medio centenar de cautivos que permanecen en Gaza.\n    <\/p>\n<p>    <a href=\"https:\/\/www.eldiario.es\/internacional\/la-semana-internacional\/mentiras-netanyahu-hambruna-gaza_132_12526771.html\" data-mrf-recirculation=\"saber-mas\" data-dl-event=\"saber-mas\" rel=\"nofollow noopener\" target=\"_blank\"><\/p>\n<p class=\"know-more__title\">Las mentiras de Netanyahu sobre la hambruna en Gaza (y su efecto en Israel)<\/p>\n<p>            <img decoding=\"async\" class=\"lazy\" loading=\"lazy\" data-src=\"https:\/\/static.eldiario.es\/clip\/462eb91e-d80c-445e-b14b-1c2eeeb2b91a_16-9-aspect-ratio_default_0.jpg\" src=\"data:image\/svg+xml,%3Csvg xmlns=\" http:=\"\" viewbox=\"0 0 880 495\" alt=\"Las mentiras de Netanyahu sobre la hambruna en Gaza (y su efecto en Israel)\"\/><\/p>\n<p>                        <\/a><\/p>\n<p class=\"article-text\">\n        Esta organizaci\u00f3n, que representa a muchos de los familiares de los cautivos, dijo que solo en la ya denominada como Plaza de los Rehenes estaban reunidos a primera hora de la noche unas 400.000 personas, despu\u00e9s de que decenas de miles llegaran de todo el pa\u00eds en tren y marcharan hasta esta plaza de Tel Aviv acompa\u00f1ados de familiares de rehenes.\n    <\/p>\n<p class=\"article-text\">\n        Una encuesta reciente elaborada por Channel 12 revela que un <a href=\"https:\/\/www.timesofisrael.com\/breaking-with-pm-74-of-israelis-back-war-ending-deal-to-free-all-hostages-poll\/\" data-mrf-recirculation=\"links-noticia\" class=\"link\" target=\"_blank\" rel=\"nofollow noopener\">74% de los israel\u00edes apoyan un acuerdo de alto el fuego<\/a> que libere a todos los rehenes. Sus deseos, sin embargo, tienen poco que ver con el sufrimiento palestino. \u201c\u00bfEn qu\u00e9 medida le preocupan o no le preocupan personalmente las noticias sobre la hambruna y el sufrimiento de la poblaci\u00f3n palestina en Gaza?\u201d, preguntaba <a href=\"https:\/\/en.idi.org.il\/articles\/60357\" data-mrf-recirculation=\"links-noticia\" class=\"link\" target=\"_blank\" rel=\"nofollow noopener\">otra encuesta reciente<\/a> a los israel\u00edes. El 79% de la poblaci\u00f3n jud\u00eda de Israel dec\u00eda no estar muy preocupada o en absoluto preocupada. El 86% de la poblaci\u00f3n \u00e1rabe israel\u00ed s\u00ed lo est\u00e1. Divididos por orientaci\u00f3n ideol\u00f3gica, solo el 6% de la derecha se muestra afectado por las informaciones de hambruna.\n    <\/p>\n<p class=\"article-text\">\n        Algunos de los exrehenes mostraron mensajes pregrabados en una pantalla en los que urgieron al presidente de EEUU, Donald Trump, que piense en la vida de los cautivos y los \u201cdevuelva a casa\u201d antes de permitir <a href=\"https:\/\/www.eldiario.es\/internacional\/netanyahu-enfrenta-nueva-fase-genocidio-gaza_1_12522733.html\" data-mrf-recirculation=\"links-noticia\" class=\"link\" rel=\"nofollow noopener\" target=\"_blank\">la expansi\u00f3n de la ofensiva militar israel\u00ed<\/a>.\n    <\/p>\n<p class=\"article-text\">\n        Otros excautivos recordaron los d\u00edas de miedo y hambre que sufrieron en Gaza \u2014donde Israel ya ha matado a cerca de 62.000 palestinos, seg\u00fan datos del Ministerio de Sanidad local, entre ellos m\u00e1s de 18.000 ni\u00f1os\u2014, y alertaron que cualquier d\u00eda podr\u00eda ser el \u00faltimo para la veintena de cautivos que se estima siguen con vida.\n    <\/p>\n<p class=\"article-text\">\n        Familiares de los rehenes tambi\u00e9n intervinieron en el evento, algunos con discursos cr\u00edticos dirigidos al primer ministro israel\u00ed, Benjam\u00edn Netanyahu, a quien culpan de que sus seres queridos sigan cautivos 681 d\u00edas despu\u00e9s.\n    <\/p>\n<p class=\"article-text\">\n        \u201cBibi, traer de vuelta a los rehenes y a nuestros hijos no es un regalo al enemigo; es un acto moral, \u00e9tico y jud\u00edo\u201d, proclam\u00f3 sobre el estrado Ruby Chen, padre de Itay Chen, soldado israel\u00ed-estadounidense muerto el 7 de octubre y cuyo cuerpo sin vida sigue en Gaza.\n    <\/p>\n<p class=\"article-text\">\n        \u201cUsted y su gobierno llevaron dinero catar\u00ed a Gaza durante a\u00f1os. Convirtieron a Ham\u00e1s en una monstruosa m\u00e1quina de guerra. \u00a1Bajo su mando, Ham\u00e1s atac\u00f3 la frontera de Gaza y mat\u00f3 a m\u00e1s de 1.200 israel\u00edes! Y bajo su mando, se tomaron 250 rehenes y 50 siguen all\u00ed, incluido mi hijo \u00bfY despu\u00e9s de ese fracaso tiene el descaro de decir que el precio de traerlos de vuelta es demasiado alto? \u00bfD\u00f3nde est\u00e1 su verg\u00fcenza?\u201d, a\u00f1adi\u00f3 el progenitor, seg\u00fan declaraciones recogidas por Haaretz.\n    <\/p>\n<p class=\"article-text\">\n        Los manifestantes alzaron carteles con los rostros de los rehenes, as\u00ed como esl\u00f3ganes en los que pod\u00eda leerse \u201cel legado de Trump colapsa mientras contin\u00fae la guerra en Gaza\u201d o \u201cbasta\u201d.\n    <\/p>\n<p class=\"article-text\">\n        Adem\u00e1s, se vieron tambi\u00e9n banderas israel\u00edes y amarillas (el color en solidaridad por los cautivos).\n    <\/p>\n<p>    <a href=\"https:\/\/www.eldiario.es\/internacional\/devolver-alma-cifras-genocidio-gaza-necesitamos-mundo-no-vea-numeros_129_12532211.html\" data-mrf-recirculation=\"saber-mas-abajo\" data-dl-event=\"saber-mas-abajo\" rel=\"nofollow noopener\" target=\"_blank\"><\/p>\n<p class=\"know-more__title\">Devolver el alma a las cifras del genocidio en Gaza: \u201cNecesitamos que el mundo no nos vea solo como n\u00fameros\u201d\n<\/p>\n<p>            <img decoding=\"async\" class=\"lazy\" loading=\"lazy\" data-src=\"https:\/\/static.eldiario.es\/clip\/c8584d8e-f19a-4cc0-b5fd-a329b33a127b_16-9-aspect-ratio_default_0.jpg\" src=\"data:image\/svg+xml,%3Csvg xmlns=\" http:=\"\" viewbox=\"0 0 880 495\" alt=\"Devolver el alma a las cifras del genocidio en Gaza: \u201cNecesitamos que el mundo no nos vea solo como n\u00fameros\u201d\"\/><\/p>\n<p>                        <\/a><\/p>\n<p class=\"article-text\">\n        Esta manifestaci\u00f3n masiva cerr\u00f3 una jornada de protesta y huelga nacional \u2014con un segumiento casi nulo en sectores como el comercio y el transporte\u2014 en contra de la decisi\u00f3n del Gobierno de expandir la ofensiva y ocupar la capital de Gaza, donde se hallan un mill\u00f3n de palestinos, en lugar de negociar un acuerdo para el retorno de los rehenes.\n    <\/p>\n","protected":false},"excerpt":{"rendered":"Cientos de miles de manifestantes, seg\u00fan una estimaci\u00f3n del Foro de las Familias de Rehenes, se congregaron la&hellip;\n","protected":false},"author":2,"featured_media":55569,"comment_status":"","ping_status":"","sticky":false,"template":"","format":"standard","meta":{"footnotes":""},"categories":[42],"tags":[945,3196,17,18,5439,13,14,4513,11,61,62,63,64,8526,19,20,9754,16734,5559,14859,9,10,15,16,5747,12651,12,21,22,65,66,67],"class_list":{"0":"post-55568","1":"post","2":"type-post","3":"status-publish","4":"format-standard","5":"has-post-thumbnail","7":"category-internacional","8":"tag-acuerdo","9":"tag-alto","10":"tag-breaking-news","11":"tag-breakingnews","12":"tag-cientos","13":"tag-featured-news","14":"tag-featurednews","15":"tag-fuego","16":"tag-headlines","17":"tag-internacional","18":"tag-international","19":"tag-international-news","20":"tag-internationalnews","21":"tag-israelies","22":"tag-latest-news","23":"tag-latestnews","24":"tag-liberar","25":"tag-manifestantes","26":"tag-miles","27":"tag-netanyahu","28":"tag-news","29":"tag-noticias","30":"tag-noticias-destacadas","31":"tag-noticiasdestacadas","32":"tag-piden","33":"tag-rehenes","34":"tag-titulares","35":"tag-ultimas-noticias","36":"tag-ultimasnoticias","37":"tag-world","38":"tag-world-news","39":"tag-worldnews"},"share_on_mastodon":{"url":"","error":""},"_links":{"self":[{"href":"https:\/\/www.europesays.com\/es\/wp-json\/wp\/v2\/posts\/55568","targetHints":{"allow":["GET"]}}],"collection":[{"href":"https:\/\/www.europesays.com\/es\/wp-json\/wp\/v2\/posts"}],"about":[{"href":"https:\/\/www.europesays.com\/es\/wp-json\/wp\/v2\/types\/post"}],"author":[{"embeddable":true,"href":"https:\/\/www.europesays.com\/es\/wp-json\/wp\/v2\/users\/2"}],"replies":[{"embeddable":true,"href":"https:\/\/www.europesays.com\/es\/wp-json\/wp\/v2\/comments?post=55568"}],"version-history":[{"count":0,"href":"https:\/\/www.europesays.com\/es\/wp-json\/wp\/v2\/posts\/55568\/revisions"}],"wp:featuredmedia":[{"embeddable":true,"href":"https:\/\/www.europesays.com\/es\/wp-json\/wp\/v2\/media\/55569"}],"wp:attachment":[{"href":"https:\/\/www.europesays.com\/es\/wp-json\/wp\/v2\/media?parent=55568"}],"wp:term":[{"taxonomy":"category","embeddable":true,"href":"https:\/\/www.europesays.com\/es\/wp-json\/wp\/v2\/categories?post=55568"},{"taxonomy":"post_tag","embeddable":true,"href":"https:\/\/www.europesays.com\/es\/wp-json\/wp\/v2\/tags?post=55568"}],"curies":[{"name":"wp","href":"https:\/\/api.w.org\/{rel}","templated":true}]}}