{"id":55589,"date":"2025-08-18T11:30:11","date_gmt":"2025-08-18T11:30:11","guid":{"rendered":"https:\/\/www.europesays.com\/es\/55589\/"},"modified":"2025-08-18T11:30:11","modified_gmt":"2025-08-18T11:30:11","slug":"el-cantante-y-presentador-jaime-anglada-continua-en-la-uci-y-experimenta-una-sensible-mejoria","status":"publish","type":"post","link":"https:\/\/www.europesays.com\/es\/55589\/","title":{"rendered":"El cantante y presentador Jaime Anglada contin\u00faa en la UCI y experimenta una \u00absensible mejor\u00eda\u00bb"},"content":{"rendered":"<p class=\"article-body__text \">\n        De acuerdo con el \u00faltimo parte m\u00e9dico del Hospital Universitario Son Espases de Palma, el paciente <strong>ha experimentado en los \u00faltimos d\u00edas una \u00absensible mejor\u00eda\u00bb<\/strong> y permanecer\u00e1 ingresado en la UCI hasta confirmar evoluci\u00f3n favorable.\n<\/p>\n<p>            <a href=\"https:\/\/www.noticiasdenavarra.com\/sucesos\/2025\/08\/08\/jaime-anglada-cantante-herido-grave-9961752.html\" title=\"El cantante y presentador Jaime Anglada, herido grave tras ser arrollado por un coche\" class=\"new__media\" rel=\"nofollow noopener\" target=\"_blank\"><\/p>\n<p>                <img alt=\"El cantante y presentador Jaime Anglada, herido grave tras ser arrollado por un coche\" data-src=\"https:\/\/www.europesays.com\/es\/wp-content\/uploads\/2025\/08\/cbfb33f2-ebb6-4933-8afd-112c10fe933d_16-9-aspect-ratio_default_0_x2595y1166.jpg\" class=\"lozad\"\/><\/p>\n<p>        <\/a><\/p>\n<p>        <a href=\"https:\/\/www.noticiasdenavarra.com\/sucesos\/2025\/08\/08\/jaime-anglada-cantante-herido-grave-9961752.html\" title=\"El cantante y presentador Jaime Anglada, herido grave tras ser arrollado por un coche\" class=\"new__headline\" rel=\"nofollow noopener\" target=\"_blank\"><br \/>\n            El cantante y presentador Jaime Anglada, herido grave tras ser arrollado por un coche<br \/>\n        <\/a><\/p>\n<p class=\"article-body__text \">\n        El equipo m\u00e9dico del centro hospitalario de referencia en Baleares <strong>sigue pendiente de la evoluci\u00f3n cl\u00ednica del cantante mallorqu\u00edn, amigo personal del rey Felipe V<\/strong>I, que fue atropellado la madrugada del pasado 8 de agosto en la avenida Joan Mir\u00f3 cuando circulaba con su motocicleta.\n<\/p>\n<p>  El autor del atropello, en prisi\u00f3n provisional<\/p>\n<p class=\"article-body__text \">\n        El juez de Instrucci\u00f3n n\u00famero 7 de Palma, en funciones de guardia,<strong> decret\u00f3 el ingreso en prisi\u00f3n provisional del conductor de 20 a\u00f1os que atropell\u00f3 al cantautor y se dio a la fuga.<\/strong>\n<\/p>\n<p class=\"article-body__text \">\n        Varios testigos proporcionaron la matr\u00edcula a la Polic\u00eda Local, que<strong> detuvo horas despu\u00e9s al conductor fugado.<\/strong>\n<\/p>\n<p class=\"article-body__text \">\n        El presunto autor <strong>est\u00e1 acusado de los delitos de omisi\u00f3n del deber del socorro, lesiones por imprudencia grave y conducci\u00f3n bajo la influencia de las bebidas alcoh\u00f3licas.<\/strong><\/p>\n","protected":false},"excerpt":{"rendered":"De acuerdo con el \u00faltimo parte m\u00e9dico del Hospital Universitario Son Espases de Palma, el paciente ha experimentado&hellip;\n","protected":false},"author":2,"featured_media":55590,"comment_status":"","ping_status":"","sticky":false,"template":"","format":"standard","meta":{"footnotes":""},"categories":[174],"tags":[17214,4328,255,10600,146,147,25,24,256,17213,9693,23],"class_list":{"0":"post-55589","1":"post","2":"type-post","3":"status-publish","4":"format-standard","5":"has-post-thumbnail","7":"category-famosos","8":"tag-anglada","9":"tag-cantante","10":"tag-celebrities","11":"tag-continua","12":"tag-entertainment","13":"tag-entretenimiento","14":"tag-es","15":"tag-espana","16":"tag-famosos","17":"tag-jaime","18":"tag-presentador","19":"tag-spain"},"share_on_mastodon":{"url":"","error":""},"_links":{"self":[{"href":"https:\/\/www.europesays.com\/es\/wp-json\/wp\/v2\/posts\/55589","targetHints":{"allow":["GET"]}}],"collection":[{"href":"https:\/\/www.europesays.com\/es\/wp-json\/wp\/v2\/posts"}],"about":[{"href":"https:\/\/www.europesays.com\/es\/wp-json\/wp\/v2\/types\/post"}],"author":[{"embeddable":true,"href":"https:\/\/www.europesays.com\/es\/wp-json\/wp\/v2\/users\/2"}],"replies":[{"embeddable":true,"href":"https:\/\/www.europesays.com\/es\/wp-json\/wp\/v2\/comments?post=55589"}],"version-history":[{"count":0,"href":"https:\/\/www.europesays.com\/es\/wp-json\/wp\/v2\/posts\/55589\/revisions"}],"wp:featuredmedia":[{"embeddable":true,"href":"https:\/\/www.europesays.com\/es\/wp-json\/wp\/v2\/media\/55590"}],"wp:attachment":[{"href":"https:\/\/www.europesays.com\/es\/wp-json\/wp\/v2\/media?parent=55589"}],"wp:term":[{"taxonomy":"category","embeddable":true,"href":"https:\/\/www.europesays.com\/es\/wp-json\/wp\/v2\/categories?post=55589"},{"taxonomy":"post_tag","embeddable":true,"href":"https:\/\/www.europesays.com\/es\/wp-json\/wp\/v2\/tags?post=55589"}],"curies":[{"name":"wp","href":"https:\/\/api.w.org\/{rel}","templated":true}]}}