{"id":555895,"date":"2026-05-17T12:32:17","date_gmt":"2026-05-17T12:32:17","guid":{"rendered":"https:\/\/www.europesays.com\/es\/555895\/"},"modified":"2026-05-17T12:32:17","modified_gmt":"2026-05-17T12:32:17","slug":"descubre-instants-en-instagram-comparte-momentos-espontaneos-de-forma-privada","status":"publish","type":"post","link":"https:\/\/www.europesays.com\/es\/555895\/","title":{"rendered":"Descubre Instants en Instagram: Comparte Momentos Espont\u00e1neos de Forma Privada"},"content":{"rendered":"<p data-section-id=\"hjviax\" data-start=\"0\" data-end=\"93\">La propuesta encaja con una tendencia cada vez m\u00e1s clara en redes sociales: recuperar cierta espontaneidad frente al contenido demasiado editado. A diferencia de las historias, Instants no est\u00e1 pensado para crear publicaciones con filtros, stickers o edici\u00f3n elaborada, sino para capturar un momento concreto y compartirlo de forma m\u00e1s privada con contactos seleccionados.<\/p>\n<p data-start=\"870\" data-end=\"1195\">Para utilizar la funci\u00f3n, el usuario debe entrar en la bandeja de entrada de Instagram y acceder al nuevo icono de Instants, que aparece en la esquina inferior derecha como una peque\u00f1a pila de fotos. Desde ah\u00ed se abre una c\u00e1mara espec\u00edfica para esta herramienta, acompa\u00f1ada de un breve tutorial la primera vez que se utiliza.<\/p>\n<p data-start=\"1197\" data-end=\"1569\">Una de las diferencias frente a otros formatos de Instagram est\u00e1 en el texto. En Instants, el usuario puede escribir antes de hacer la foto, no despu\u00e9s. A partir de ah\u00ed, solo tiene que capturar la imagen y elegir con qui\u00e9n quiere compartirla. La aplicaci\u00f3n permite enviarla a <strong data-start=\"1473\" data-end=\"1491\">mejores amigos<\/strong> o a amigos en com\u00fan, es decir, seguidores a los que el usuario tambi\u00e9n sigue.<\/p>\n<p data-start=\"1571\" data-end=\"1852\">Una vez enviado, el Instant aparece en la bandeja de entrada de los destinatarios con el mismo formato de pila de fotos. Cuando el contacto abre la imagen, esta desaparece tras verla. En caso de que no llegue a abrirse, Instagram la elimina autom\u00e1ticamente al cabo de <strong data-start=\"1839\" data-end=\"1851\">24 horas<\/strong>.<\/p>\n<p data-start=\"1854\" data-end=\"2191\" data-is-last-node=\"\" data-is-only-node=\"\">Con este lanzamiento, Meta suma una nueva capa de comunicaci\u00f3n privada dentro de Instagram, m\u00e1s cercana al gesto r\u00e1pido de mandar \u201clo que est\u00e1 pasando ahora\u201d que a la publicaci\u00f3n pensada para quedarse. La funci\u00f3n ya est\u00e1 disponible en Espa\u00f1a, aunque conviene tener la aplicaci\u00f3n actualizada a la \u00faltima versi\u00f3n para poder acceder a ella.<\/p>\n","protected":false},"excerpt":{"rendered":"La propuesta encaja con una tendencia cada vez m\u00e1s clara en redes sociales: recuperar cierta espontaneidad frente al&hellip;\n","protected":false},"author":2,"featured_media":555896,"comment_status":"","ping_status":"","sticky":false,"template":"","format":"standard","meta":{"footnotes":""},"categories":[81],"tags":[119,123,124,18635,23066,25,24,107611,1016,14987,6526,4536,107610,795,117,121,122,23,118,120],"class_list":["post-555895","post","type-post","status-publish","format-standard","has-post-thumbnail","category-ciencia-y-tecnologia","tag-ciencia","tag-ciencia-y-tecnologia","tag-cienciaytecnologia","tag-compartir","tag-desaparecen","tag-es","tag-espana","tag-espontaneas","tag-fotos","tag-funcion","tag-funciona","tag-instagram","tag-instants","tag-nueva","tag-science","tag-science-and-technology","tag-scienceandtechnology","tag-spain","tag-technology","tag-tecnologia"],"share_on_mastodon":{"url":"https:\/\/pubeurope.com\/@es\/116589936400629984","error":""},"_links":{"self":[{"href":"https:\/\/www.europesays.com\/es\/wp-json\/wp\/v2\/posts\/555895","targetHints":{"allow":["GET"]}}],"collection":[{"href":"https:\/\/www.europesays.com\/es\/wp-json\/wp\/v2\/posts"}],"about":[{"href":"https:\/\/www.europesays.com\/es\/wp-json\/wp\/v2\/types\/post"}],"author":[{"embeddable":true,"href":"https:\/\/www.europesays.com\/es\/wp-json\/wp\/v2\/users\/2"}],"replies":[{"embeddable":true,"href":"https:\/\/www.europesays.com\/es\/wp-json\/wp\/v2\/comments?post=555895"}],"version-history":[{"count":0,"href":"https:\/\/www.europesays.com\/es\/wp-json\/wp\/v2\/posts\/555895\/revisions"}],"wp:featuredmedia":[{"embeddable":true,"href":"https:\/\/www.europesays.com\/es\/wp-json\/wp\/v2\/media\/555896"}],"wp:attachment":[{"href":"https:\/\/www.europesays.com\/es\/wp-json\/wp\/v2\/media?parent=555895"}],"wp:term":[{"taxonomy":"category","embeddable":true,"href":"https:\/\/www.europesays.com\/es\/wp-json\/wp\/v2\/categories?post=555895"},{"taxonomy":"post_tag","embeddable":true,"href":"https:\/\/www.europesays.com\/es\/wp-json\/wp\/v2\/tags?post=555895"}],"curies":[{"name":"wp","href":"https:\/\/api.w.org\/{rel}","templated":true}]}}