{"id":555999,"date":"2026-05-17T13:56:25","date_gmt":"2026-05-17T13:56:25","guid":{"rendered":"https:\/\/www.europesays.com\/es\/555999\/"},"modified":"2026-05-17T13:56:25","modified_gmt":"2026-05-17T13:56:25","slug":"el-rascacielos-mas-alto-de-espana-transformo-a-benidorm-en-una-mini-manhattan","status":"publish","type":"post","link":"https:\/\/www.europesays.com\/es\/555999\/","title":{"rendered":"El rascacielos m\u00e1s alto de Espa\u00f1a transform\u00f3 a Benidorm en una mini Manhattan"},"content":{"rendered":"\n<p id=\"p-1778869079434-18660\" data-start=\"0\" data-end=\"414\">En la costa mediterr\u00e1nea espa\u00f1ola existe una ciudad que desde hace d\u00e9cadas rompi\u00f3 con el modelo tradicional de balneario europeo. Se trata de <strong>Benidorm<\/strong>, un enclave tur\u00edstico de la provincia de Alicante que apost\u00f3 por crecer en altura y <strong>termin\u00f3 convertido en uno de los mercados inmobiliarios m\u00e1s singulares de Europa<\/strong>. All\u00ed se levanta<strong> Intempo, el edificio residencial m\u00e1s alto de <a href=\"https:\/\/www.ambito.com\/real-estate\/crecen-los-inversores-argentinos-el-mercado-inmobiliario-corporativo-espana-n6127637\" target=\"_blank\" rel=\"follow nofollow noopener\">Espa\u00f1a<\/a>.<\/strong><\/p>\n<p id=\"p-1778869079434-14471\" data-start=\"416\" data-end=\"743\">El rascacielos alcanza entre 198 y 202 metros de altura \u2014seg\u00fan distintas mediciones internacionales\u2014 y suma 47 plantas sobre el Mediterr\u00e1neo. La torre domina el skyline local y se convirti\u00f3 en s\u00edmbolo de una ciudad conocida mundialmente como <strong>\u201cBeniyork\u201d<\/strong>, un apodo asociado a la enorme concentraci\u00f3n de rascacielos frente al mar.<\/p>\n<p id=\"p-1778869079434-65394\" data-start=\"1084\" data-end=\"1389\">Ese modelo permiti\u00f3 concentrar hoteles, viviendas y alquileres temporarios sobre una superficie relativamente reducida frente al Mediterr\u00e1neo. Hoy, con cerca de 77.000 habitantes permanentes, la ciudad multiplica varias veces su poblaci\u00f3n durante el verano europeo gracias a la llegada masiva de turistas.<\/p>\n<p id=\"p-1778869708335-42576\" data-start=\"1084\" data-end=\"1389\">Benidorm est\u00e1 en la costa mediterr\u00e1nea de Espa\u00f1a, dentro de la provincia de Alicante, en la Comunidad Valenciana. Se ubica a unos 460 kil\u00f3metros de Madrid y a cerca de 140 kil\u00f3metros de Valencia capital.<\/p>\n<p>Mapa Benidorm   <\/p>\n<p>  <img decoding=\"async\" src=\"https:\/\/www.ambito.com\/css-custom\/239\/lazy.svg\" data-td-src-property=\"https:\/\/media.ambito.com\/p\/9abc38eaa704dccae8c2bb35413194a7\/adjuntos\/239\/imagenes\/043\/374\/0043374605\/730x0\/smart\/mapa-benidorm.png\" alt=\"\" title=\"\" width=\"730\" height=\"undefined\" id=\"8224900-Libre-1798269750_embed\"\/>    El edificio que domina el skyline espa\u00f1ol <\/p>\n<p id=\"p-1778869079434-11199\" data-start=\"1437\" data-end=\"1659\">En ese escenario apareci\u00f3 <strong>Intempo<\/strong>, un proyecto que resume buena parte de la historia reciente del mercado inmobiliario espa\u00f1ol: expansi\u00f3n acelerada, crisis financiera, demoras y reposicionamiento hacia el segmento premium.<\/p>\n<p id=\"p-1778869079434-27116\" data-start=\"1661\" data-end=\"1932\">La torre fue dise\u00f1ada por el <strong>estudio P\u00e9rez-Guerras<\/strong> y posee una configuraci\u00f3n arquitect\u00f3nica poco convencional. Son dos estructuras paralelas unidas en los pisos superiores mediante una pieza central en forma de diamante o letra \u201cM\u201d, ubicada a m\u00e1s de 150 metros de altura.<\/p>\n<p id=\"p-1778869079434-50371\" data-start=\"1934\" data-end=\"2196\">Ese vac\u00edo central transform\u00f3 al edificio en una de las im\u00e1genes m\u00e1s reconocibles del skyline de Benidorm. Algunos medios europeos incluso compararon la silueta del complejo con una \u201cguillotina gigante\u201d o con una construcci\u00f3n salida de una pel\u00edcula de James Bond.<\/p>\n<p id=\"p-1778869079434-84254\" data-start=\"2198\" data-end=\"2386\">La fachada combina hormig\u00f3n estructural, vidrio y terminaciones met\u00e1licas en tonos dorados. En total, el complejo alberga 256 departamentos distribuidos sobre m\u00e1s de 36.000 m2 construidos.<\/p>\n<p>Benidorm Espa\u00f1a Propiedades   <\/p>\n<p>  <img decoding=\"async\" src=\"https:\/\/www.ambito.com\/css-custom\/239\/lazy.svg\" data-td-src-property=\"https:\/\/media.ambito.com\/p\/870bdd17eecc3089ade69317d3a6cfe4\/adjuntos\/239\/imagenes\/043\/374\/0043374329\/730x0\/2267x1732:2287x1752\/benidorm-espana-propiedades.jpg\" alt=\"El perfil urbano de Benidorm combina playas, turismo y alta densidad de edificios, un modelo que explica el apodo de \u201cNueva York del Mediterr\u00e1neo\u201d\" title=\"El perfil urbano de Benidorm combina playas, turismo y alta densidad de edificios, un modelo que explica el apodo de \u201cNueva York del Mediterr\u00e1neo\u201d\" width=\"730\" height=\"undefined\" id=\"8224867-Libre-808889159_embed\"\/>    <\/p>\n<p id=\"p-1778869772592-84137\">El perfil urbano de Benidorm combina playas, turismo y alta densidad de edificios, un modelo que explica el apodo de \u201cNueva York del Mediterr\u00e1neo\u201d<\/p>\n<p>Pexels<\/p>\n<p id=\"p-1778869079434-53763\" data-start=\"2388\" data-end=\"2675\">Aunque Espa\u00f1a posee edificios m\u00e1s altos, Intempo conserva un r\u00e9cord espec\u00edfico: es el inmueble residencial m\u00e1s alto del pa\u00eds. Las <a href=\"https:\/\/www.ambito.com\/real-estate\/entre-madrid-y-buenos-aires-cuanto-vale-una-propiedad-y-que-rentabilidad-ofrece-cada-mercado-inmobiliario-n6199300\" target=\"_blank\" rel=\"follow nofollow noopener\">torres que superan esa altura en Madrid<\/a> corresponden principalmente a oficinas, hoteles y sedes corporativas dentro del complejo Cuatro Torres Business Area.<\/p>\n<p id=\"p-1778869079434-66912\" data-start=\"2677\" data-end=\"2869\">La diferencia refleja dos modelos urbanos completamente distintos. Madrid concentra altura en \u00e1reas financieras, mientras Benidorm vuelca verticalidad a vivienda, turismo y segunda residencia.<\/p>\n<p> Del boom inmobiliario a la crisis <\/p>\n<p id=\"p-1778869079434-14367\" data-start=\"2909\" data-end=\"3167\">La historia del edificio comenz\u00f3 en 2006, en pleno auge del mercado inmobiliario espa\u00f1ol. Durante esos a\u00f1os, el cr\u00e9dito hipotecario flu\u00eda con fuerza y numerosos desarrolladores impulsaban proyectos residenciales de gran escala en distintas regiones del pa\u00eds.<\/p>\n<p>Espa\u00f1a Benidorm Propiedades   <\/p>\n<p>  <img decoding=\"async\" src=\"https:\/\/www.ambito.com\/css-custom\/239\/lazy.svg\" data-td-src-property=\"https:\/\/media.ambito.com\/p\/985203b61434e3a9ba8ae02763dd542a\/adjuntos\/239\/imagenes\/043\/374\/0043374313\/730x0\/1184x882:1204x902\/espana-benidorm-propiedades.jpg\" alt=\"El frente mar\u00edtimo de Benidorm concentra algunas de las torres residenciales m\u00e1s altas de Europa, en una ciudad que apost\u00f3 al crecimiento vertical sobre la costa\" title=\"El frente mar\u00edtimo de Benidorm concentra algunas de las torres residenciales m\u00e1s altas de Europa, en una ciudad que apost\u00f3 al crecimiento vertical sobre la costa\" width=\"730\" height=\"undefined\" id=\"8224864-Libre-1250945349_embed\"\/>    <\/p>\n<p id=\"p-1778869820692-89458\">El frente mar\u00edtimo de Benidorm concentra algunas de las torres residenciales m\u00e1s altas de Europa, en una ciudad que apost\u00f3 al crecimiento vertical sobre la costa<\/p>\n<p>Pexels<\/p>\n<p id=\"p-1778869079434-33682\" data-start=\"3169\" data-end=\"3392\">La promotora Olga Urbana lanz\u00f3 Intempo como uno de los desarrollos m\u00e1s ambiciosos de la costa mediterr\u00e1nea. Las obras arrancaron en 2007, pero el contexto cambi\u00f3 abruptamente tras la crisis financiera internacional de 2008.<\/p>\n<p id=\"p-1778869079434-42074\" data-start=\"3394\" data-end=\"3592\"><strong>El cr\u00e9dito desapareci\u00f3, constructoras entraron en problemas y numerosos emprendimientos quedaron paralizados. Intempo atraves\u00f3 demoras, conflictos financieros y cambios de contratistas durante a\u00f1os.<\/strong><\/p>\n<p id=\"p-1778869079434-22928\" data-start=\"3594\" data-end=\"3917\">La estructura principal qued\u00f3 pr\u00e1cticamente terminada en 2012, aunque el edificio permaneci\u00f3 incompleto mucho tiempo m\u00e1s. La promotora termin\u00f3 en concurso de acreedores y el activo pas\u00f3 a manos de Sareb, la sociedad creada para absorber activos problem\u00e1ticos del sistema financiero espa\u00f1ol despu\u00e9s del colapso inmobiliario.<\/p>\n<p id=\"p-1778869079434-97259\" data-start=\"3919\" data-end=\"4118\">Reci\u00e9n en 2018 un fondo internacional tom\u00f3 control del proyecto, redefini\u00f3 el producto y reactiv\u00f3 las obras. <strong>La finalizaci\u00f3n definitiva lleg\u00f3 en 2021, catorce a\u00f1os despu\u00e9s del inicio de construcci\u00f3n.<\/strong><\/p>\n<p>  El mito del ascensor <\/p>\n<p id=\"p-1778869079434-58061\" data-start=\"4145\" data-end=\"4301\">Durante ese largo proceso apareci\u00f3 una historia que termin\u00f3 por volver famoso al edificio en todo el mundo: <strong>el supuesto \u201colvido\u201d del espacio para ascensores.<\/strong><\/p>\n<p> Benidorm Espa\u00f1a Propiedades   <\/p>\n<p>  <img decoding=\"async\" src=\"https:\/\/www.ambito.com\/css-custom\/239\/lazy.svg\" data-td-src-property=\"https:\/\/media.ambito.com\/p\/7c5c032e1ec1c8a819d2f439841ee2be\/adjuntos\/239\/imagenes\/043\/374\/0043374356\/730x0\/693x485:713x505\/benidorm-espana-propiedades.jpg\" alt=\"Living comedor con pisos de porcelanato, carpinter\u00edas de aluminio y balcones integrados al paisaje costero en una de las tipolog\u00edas m\u00e1s buscadas del edificio\" title=\"Living comedor con pisos de porcelanato, carpinter\u00edas de aluminio y balcones integrados al paisaje costero en una de las tipolog\u00edas m\u00e1s buscadas del edificio\" width=\"730\" height=\"undefined\" id=\"8224869-Libre-340553960_embed\"\/>    <\/p>\n<p id=\"p-1778869872833-74476\">Living comedor con pisos de porcelanato, carpinter\u00edas de aluminio y balcones integrados al paisaje costero en una de las tipolog\u00edas m\u00e1s buscadas del edificio<\/p>\n<p id=\"p-1778869079434-44359\" data-start=\"4303\" data-end=\"4621\">La noticia se viraliz\u00f3 r\u00e1pidamente en medios internacionales y convirti\u00f3 a Intempo en ejemplo de los excesos inmobiliarios espa\u00f1oles previos a la crisis. Sin embargo, con el tiempo qued\u00f3 claro que gran parte de esa versi\u00f3n surgi\u00f3 por interpretaciones incorrectas y malas traducciones de art\u00edculos publicados en Espa\u00f1a.<\/p>\n<p id=\"p-1778869079434-59990\" data-start=\"4623\" data-end=\"4885\"><strong>El problema real estuvo vinculado a modificaciones t\u00e9cnicas derivadas del aumento de altura del proyecto original. El dise\u00f1o inicial contemplaba menos pisos y la decisi\u00f3n posterior de elevar la torre oblig\u00f3 a adaptar sistemas estructurales y transporte vertical.<\/strong><\/p>\n<p> Apartamento-A2   <\/p>\n<p>  <img decoding=\"async\" src=\"https:\/\/www.ambito.com\/css-custom\/239\/lazy.svg\" data-td-src-property=\"https:\/\/media.ambito.com\/p\/aa07ec3e7a49caac824cfba0a733c3f7\/adjuntos\/239\/imagenes\/043\/374\/0043374609\/730x0\/smart\/apartamento-a2.jpg\" alt=\"Las unidades combinan madera, iluminaci\u00f3n c\u00e1lida y grandes superficies vidriadas para potenciar las vistas al mar desde los pisos altos del Intempo\" title=\"Las unidades combinan madera, iluminaci\u00f3n c\u00e1lida y grandes superficies vidriadas para potenciar las vistas al mar desde los pisos altos del Intempo\" width=\"730\" height=\"undefined\" id=\"8224904-Libre-1407748922_embed\"\/>    <\/p>\n<p id=\"p-1778870071216-52735\">Las unidades combinan madera, iluminaci\u00f3n c\u00e1lida y grandes superficies vidriadas para potenciar las vistas al mar desde los pisos altos del Intempo<\/p>\n<p id=\"p-1778869079434-34138\" data-start=\"4887\" data-end=\"5050\">Eso gener\u00f3 retrasos, redise\u00f1os y cambios de proveedores<strong>, aunque el edificio nunca qued\u00f3 sin ascensores<\/strong>, como lleg\u00f3 a afirmarse en distintos medios internacionales.<\/p>\n<p> Cu\u00e1nto cuesta vivir frente al Mediterr\u00e1neo <\/p>\n<p id=\"p-1778869079434-10393\" data-start=\"5099\" data-end=\"5231\">Con la reactivaci\u00f3n del proyecto, Intempo pas\u00f3 a competir dentro del segmento residencial premium de la costa mediterr\u00e1nea espa\u00f1ola.<\/p>\n<p id=\"p-1778869079434-33208\" data-start=\"5233\" data-end=\"5475\">Las unidades priorizan terrazas abiertas, grandes ventanales y vistas panor\u00e1micas al mar. El complejo adem\u00e1s incorpora piscinas exteriores e interiores, spa, gimnasio, coworking, sky lounge, \u00e1reas recreativas y seguridad privada las 24 horas.<\/p>\n<p>Benidorm Espa\u00f1a Propiedades   <\/p>\n<p>  <img decoding=\"async\" src=\"https:\/\/www.ambito.com\/css-custom\/239\/lazy.svg\" data-td-src-property=\"https:\/\/media.ambito.com\/p\/21b3ce5de0483954bb50a7b748053407\/adjuntos\/239\/imagenes\/043\/374\/0043374200\/730x0\/705x544:725x564\/benidorm-espana-propiedades.png\" alt=\"Ventanales de piso a techo, terminaciones claras y una vista abierta sobre el Mediterr\u00e1neo distinguen a las unidades premium del Intempo, el rascacielos residencial m\u00e1s alto de Espa\u00f1a\" title=\"Ventanales de piso a techo, terminaciones claras y una vista abierta sobre el Mediterr\u00e1neo distinguen a las unidades premium del Intempo, el rascacielos residencial m\u00e1s alto de Espa\u00f1a\" width=\"730\" height=\"undefined\" id=\"8224850-Libre-1899121653_embed\"\/>    <\/p>\n<p id=\"p-1778869926901-94658\">Ventanales de piso a techo, terminaciones claras y una vista abierta sobre el Mediterr\u00e1neo distinguen a las unidades premium del Intempo, el rascacielos residencial m\u00e1s alto de Espa\u00f1a<\/p>\n<p id=\"p-1778869079434-8444\" data-start=\"5477\" data-end=\"5683\">Actualmente, <strong>un departamento de dos dormitorios y cerca de 96 m2 puede comercializarse alrededor de los 537.000 euros<\/strong>. En las plantas superiores, <strong>los valores se acercan e incluso superan 1.000.000 de euros.<\/strong><\/p>\n<p id=\"p-1778869079434-25808\" data-start=\"5685\" data-end=\"5839\">Las unidades premium incorporan superficies mayores, dom\u00f3tica, terrazas amplias y vistas abiertas al Mediterr\u00e1neo desde pr\u00e1cticamente todos los ambientes.<\/p>\n<p id=\"p-1778869079434-61812\" data-start=\"5841\" data-end=\"6092\">El mercado adem\u00e1s combina uso residencial con fuerte presencia de alquiler tur\u00edstico. En temporada alta, departamentos dentro de la torre pueden ubicarse entre 150 y 250 euros por noche, mientras las unidades m\u00e1s exclusivas alcanzan cifras superiores.<\/p>\n<p>Benidorm Espa\u00f1a Propiedades   <\/p>\n<p>  <img decoding=\"async\" src=\"https:\/\/www.ambito.com\/css-custom\/239\/lazy.svg\" data-td-src-property=\"https:\/\/media.ambito.com\/p\/e315ab7ad768e70e4c16bd800e796818\/adjuntos\/239\/imagenes\/043\/374\/0043374366\/730x0\/2301x1624:2321x1644\/benidorm-espana-propiedades.jpg\" alt=\"La piscina exterior y las \u00e1reas comunes acompa\u00f1an el posicionamiento premium del complejo, que reactiv\u00f3 sus obras tras a\u00f1os de crisis financiera y demoras\" title=\"La piscina exterior y las \u00e1reas comunes acompa\u00f1an el posicionamiento premium del complejo, que reactiv\u00f3 sus obras tras a\u00f1os de crisis financiera y demoras\" width=\"730\" height=\"undefined\" id=\"8224871-Libre-1743403168_embed\"\/>    <\/p>\n<p id=\"p-1778869959460-19096\">La piscina exterior y las \u00e1reas comunes acompa\u00f1an el posicionamiento premium del complejo, que reactiv\u00f3 sus obras tras a\u00f1os de crisis financiera y demoras<\/p>\n<p>Pexels<\/p>\n<p id=\"p-1778869079434-66209\" data-start=\"6094\" data-end=\"6349\">La ubicaci\u00f3n tambi\u00e9n influye sobre el posicionamiento del proyecto. Intempo se encuentra frente a la playa de <strong>Poniente<\/strong>, una de las zonas m\u00e1s cotizadas de Benidorm, con menor densidad que otras \u00e1reas del municipio y fuerte presencia de desarrollos premium.<\/p>\n<p id=\"p-1778869079434-45155\" data-start=\"6351\" data-end=\"6541\" data-is-last-node=\"\" data-is-only-node=\"\">Hoy, con casi 200 metros sobre el Mediterr\u00e1neo, Intempo concentra r\u00e9cords, historia financiera, dise\u00f1o futurista y uno de los casos urbanos m\u00e1s particulares del mercado inmobiliario europeo.<\/p>\n","protected":false},"excerpt":{"rendered":"En la costa mediterr\u00e1nea espa\u00f1ola existe una ciudad que desde hace d\u00e9cadas rompi\u00f3 con el modelo tradicional de&hellip;\n","protected":false},"author":2,"featured_media":556000,"comment_status":"","ping_status":"","sticky":false,"template":"","format":"standard","meta":{"footnotes":""},"categories":[173],"tags":[229,233,231,230,232,234,146,147,25,24,26257,107622,3634,896,23],"class_list":["post-555999","post","type-post","status-publish","format-standard","has-post-thumbnail","category-arte-y-diseno","tag-arte","tag-arte-y-diseno","tag-arts","tag-arts-and-design","tag-design","tag-diseno","tag-entertainment","tag-entretenimiento","tag-es","tag-espana","tag-espau00f1a","tag-mediterru00e1neo","tag-mercado-inmobiliario","tag-nueva-york","tag-spain"],"share_on_mastodon":{"url":"https:\/\/pubeurope.com\/@es\/116590266964541585","error":""},"_links":{"self":[{"href":"https:\/\/www.europesays.com\/es\/wp-json\/wp\/v2\/posts\/555999","targetHints":{"allow":["GET"]}}],"collection":[{"href":"https:\/\/www.europesays.com\/es\/wp-json\/wp\/v2\/posts"}],"about":[{"href":"https:\/\/www.europesays.com\/es\/wp-json\/wp\/v2\/types\/post"}],"author":[{"embeddable":true,"href":"https:\/\/www.europesays.com\/es\/wp-json\/wp\/v2\/users\/2"}],"replies":[{"embeddable":true,"href":"https:\/\/www.europesays.com\/es\/wp-json\/wp\/v2\/comments?post=555999"}],"version-history":[{"count":0,"href":"https:\/\/www.europesays.com\/es\/wp-json\/wp\/v2\/posts\/555999\/revisions"}],"wp:featuredmedia":[{"embeddable":true,"href":"https:\/\/www.europesays.com\/es\/wp-json\/wp\/v2\/media\/556000"}],"wp:attachment":[{"href":"https:\/\/www.europesays.com\/es\/wp-json\/wp\/v2\/media?parent=555999"}],"wp:term":[{"taxonomy":"category","embeddable":true,"href":"https:\/\/www.europesays.com\/es\/wp-json\/wp\/v2\/categories?post=555999"},{"taxonomy":"post_tag","embeddable":true,"href":"https:\/\/www.europesays.com\/es\/wp-json\/wp\/v2\/tags?post=555999"}],"curies":[{"name":"wp","href":"https:\/\/api.w.org\/{rel}","templated":true}]}}