{"id":55613,"date":"2025-08-18T11:42:12","date_gmt":"2025-08-18T11:42:12","guid":{"rendered":"https:\/\/www.europesays.com\/es\/55613\/"},"modified":"2025-08-18T11:42:12","modified_gmt":"2025-08-18T11:42:12","slug":"fuegos-activos-y-ultima-hora","status":"publish","type":"post","link":"https:\/\/www.europesays.com\/es\/55613\/","title":{"rendered":"fuegos activos y \u00faltima hora"},"content":{"rendered":"<p style=\"\">Sigue en directo la \u00faltima hora de los <strong>incendios en Espa\u00f1a<\/strong> y \u00faltimas noticias de Castilla y Le\u00f3n, Extremadura, Galicia y Asturias y resto de Espa\u00f1a.<\/p>\n<p>13:31<\/p>\n<p>Castilla y Le\u00f3n rechaza pedir al Gobierno el nivel 3 de alerta<\/p>\n<p class=\"voc-p\">Castilla y Le\u00f3n rechaza pedir al Gobierno el nivel 3 de alerta porque \u00abno supondr\u00eda m\u00e1s medios, sino solo reportar al ministro Marlaska\u00bb, seg\u00fan el portavoz de la Junta de Castilla y Le\u00f3n, Carlos Fern\u00e1ndez Carriedo. En este sentido, ha insistido en que el Ejecutivo auton\u00f3mico no se ha planteado esta medida porque entiende que no significar\u00eda contar con m\u00e1s capacidades para extinguir los incendios, sino que \u00fanicamente cambiar\u00eda que habr\u00eda que \u00abreportar a una autoridad distinta, en este caso al ministro Marlaska, que no es la que m\u00e1s est\u00e1 sobre el terreno y la que mejor puede orientar\u00bb. Ha reiterado, no obstante, que Castilla y Le\u00f3n sigue a la espera de los medios solicitados al Gobierno, \u00absobre todo de car\u00e1cter log\u00edstico, no de extinci\u00f3n, y para labores de vigilancia y de disuasi\u00f3n\u00bb.<strong> Informa Montse Serrador.<\/strong><\/p>\n<p>13:13<\/p>\n<p>Protecci\u00f3n Civil: \u00abDesplegado el mayor contingente de ayuda\u00bb<\/p>\n<p class=\"voc-p\">\u00abTodos los efectivos del Estado de Espa\u00f1a han estado y est\u00e1n a disposici\u00f3n de las comunidades aut\u00f3nomas afectadas por estos terribles incendios. Desde el lunes, todo el sistema se puso de manera efectiva a trabajar\u00bb, se\u00f1ala Virginia Barcones, directora de Protecci\u00f3n Civil, que afirma que se ha desplegado el \u00abmayor contingente de ayuda\u00bb.<\/p>\n<p>13:07<\/p>\n<p>La Aemet anuncia que la ola de calor acaba hoy y bajar\u00e1n las temperaturas, sobre todo, en la zona noroeste<\/p>\n<p class=\"voc-p\">\u00abLa ola de calor acabar\u00e1 hoy. Con 16 d\u00edas, es la tercera de mayor duraci\u00f3n por detr\u00e1s de la de 2015 y de 2022\u00bb, informa Francisco Javier Rodr\u00edguez, de la Aemet, que agrega que se va a producir un descenso notable de temperaturas en la mitad noroeste. Asimismo, va a aumentar la humedad relativa, lo que tambi\u00e9n ayudar\u00e1 a la extinci\u00f3n de los incendios. No obstante, advierte de la presencia del viento y recuerda: \u00abNo hay que bajar la guardia\u00bb.<\/p>\n<p>13:02<\/p>\n<p>Mu\u00f1oz: \u00abNinguna comunidad aut\u00f3noma ha pedido ning\u00fan nivel\u00bb<\/p>\n<p class=\"voc-p\">Se\u00f1ala Mu\u00f1oz que ninguna comunidad aut\u00f3noma ha pedido el nivel 3, porque, dice, que eso no supondr\u00eda disponer de m\u00e1s medios. La portavoz popular detalla que tanto los dispositivos estatales como los auton\u00f3micos est\u00e1n implicados al 100% y, por eso, piden la llegada de \u00abm\u00e1s capacidades del resto de las Fuerzas Armadas\u00bb. \u00abLa situaci\u00f3n operativa tres no ayudar\u00eda porque tendr\u00edamos que tener dispositivos propios en cada una de las emergencias, que es cada uno de los incendios\u00bb.<\/p>\n<p>12:49<\/p>\n<p>Ester Mu\u00f1oz: \u00abLos pactos de Estado no acaban con las llamas\u00bb<\/p>\n<p class=\"voc-p\">\u00abLos pactos de Estado no acaban con las llamas, no sirven para acabar con las llamas. Esperaba mucho m\u00e1s que una huida hacia adelante o una cortina de humo despu\u00e9s de haber estado desaparecido durante m\u00e1s de una semana (&#8230;) Es como si en medio de un tsunami traes un pacto por los oc\u00e9anos. No sirve para nada. La gente espera medidas\u00bb, dice Ester Mu\u00f1oz, portavoz del Grupo Parlamentario Popular, que a\u00f1ade que S\u00e1nchez no se ha puesto en contacto con Alberto N\u00fa\u00f1ez Feij\u00f3o.<\/p>\n<p>12:43<\/p>\n<p>Aagesen insiste en el pacto de Estado<\/p>\n<p class=\"voc-p\">La ministra de Transici\u00f3n Ecol\u00f3gica incide en el pacto de Estado contra los incendios propuesto por S\u00e1nchez: \u00abMe parece totalmente irresponsable, impensable, en este contexto de vulnerabilidad que la oposici\u00f3n no actuase apoyando un pacto de Estado\u00bb.<\/p>\n<p>12:37<\/p>\n<p>Aagesen: \u00abHay 138.000 hect\u00e1reas quemadas\u00bb<\/p>\n<p class=\"voc-p\">La ministra de Transici\u00f3n Ecol\u00f3gica, Sara Aagesen, defiende la actuaci\u00f3n del Gobierno durante esta crisis desatado por los incendios y hace recuento de los medios desplegados. Asimismo, anuncia la llegada de ayuda internacional y hace balance del desastre: \u00abHay 138.000 hect\u00e1reas quemadas\u00bb.<\/p>\n<p>12:28<\/p>\n<p>La Diputaci\u00f3n de Vizcaya env\u00eda medios humanos y t\u00e9cnicos a Castilla y Le\u00f3n para luchar contra los incendios<\/p>\n<p class=\"voc-p\">La Diputaci\u00f3n Foral de Vizcaya ha desplazado hoy un contingente de 42 personas y recursos t\u00e9cnicos para colaborar en la extinci\u00f3n de los incendios forestales que afectan a diferentes zonas del Estado. La movilizaci\u00f3n se realiza tras la petici\u00f3n de apoyo cursada por la comunidad de Castilla y Le\u00f3n al Gobierno Vasco en el marco de la cooperaci\u00f3n interinstitucional en emergencias.<\/p>\n<p>12:14<\/p>\n<p>Bomberos de Andaluc\u00eda se desplazan para colaborar en los incendios de Orense<\/p>\n<p class=\"voc-p\">Un equipo de 15 bomberos de M\u00e1laga, compuesto por diez del Consorcio Provincial de Bomberos y cinco del parque de Fuengirola, ha partido alrededor de las nueve hacia la provincia de Orense, afectada por incendios, con seis veh\u00edculos \u2014tres camiones, una autobomba forestal pesada, dos autobombas rurales pesadas y tres veh\u00edculos ligeros\u2014. Su misi\u00f3n ser\u00e1 apoyar en la extinci\u00f3n de los incendios, proteger viviendas y relevar al personal local, quedando a disposici\u00f3n del mando \u00fanico de emergencias para cualquier intervenci\u00f3n necesaria.<\/p>\n<p>12:01<\/p>\n<p>Prohibida la caza en la provincia de Ourense mientras se mantenga el nivel 2 de alerta por los incendios<\/p>\n<p class=\"voc-p\">Prohibida la caza en la provincia de Ourense mientras se mantenga el nivel 2 de alerta o superior por los incendios, seg\u00fan publica este lunes el Diario Oficial de Galicia (DOG). La Xunta ya inform\u00f3 el pasado jueves de esta medida, en vigor desde este lunes, e instaba a la ciudadan\u00eda a actuar con la m\u00e1xima precauci\u00f3n mientras no fuese efectiva, pidiendo de este modo no correr riesgos innecesarios ante la situaci\u00f3n de emergencia que se vive en la provincia.<\/p>\n<p>11:46<\/p>\n<p>Montero pide a las comunidades que cumplan con la ley de bomberos forestales<\/p>\n<p class=\"voc-p\">La ministra de Hacienda y vicepresidenta, Mar\u00eda Jes\u00fas Montero, ha pedido a las comunidades aut\u00f3nomas que cumplan con la ley de bomberos forestales y ha recordado a los ciudadanos que son estas quienes tienen las competencias en extinci\u00f3n de incendios.<\/p>\n<p>11:35<\/p>\n<p>Riesgo excepcional por incendios forestales lunes y martes en Castilla-La Mancha<\/p>\n<p class=\"voc-p\">Castilla-La Mancha activa el riesgo excepcional por incendios forestales: estar\u00e1 en vigor lunes y martes. La resoluci\u00f3n de la Viceconsejer\u00eda de Medio Ambiente se ha publicado esta medianoche en el Diario Oficial. En estos dos d\u00edas quedar\u00e1n sin efecto las actividades que hab\u00edan sido autorizadas expresamente en zonas con \u00cdndice Potencial de Propagaci\u00f3n del fuego (IPP) muy alto y extremo.<\/p>\n<p>11:20<\/p>\n<p>El fuego avanza en Larouco y calcina 15.000 hect\u00e1reas en Valdeorras<\/p>\n<p class=\"voc-p\">El fuego ha avanzado durante la noche en Larouco y ha calcinado alrededor de 15.000 hect\u00e1reas en Valdeorras. El fuego iniciado en la parroquia de Seadur sigue siendo de los m\u00e1s virulentos de esta ola de incendios que afecta a Galicia y castiga ya a los municipios de Pet\u00edn, Quiroga, A R\u00faa, Vilamart\u00edn, Rubi\u00e1 y O Barco. En apenas dos d\u00edas han aumentando en m\u00e1s de 10.000 las hect\u00e1reas calcinadas, con lo que se sit\u00faa en el umbral de las 15.000, seg\u00fan los \u00faltimos datos compartidos por la Conseller\u00eda do Medio Rural.<\/p>\n<p>11:07<\/p>\n<p>Los vecinos de Porto vuelven a sus casas<\/p>\n<p class=\"voc-p\">Los vecinos de Porto (Zamora) alojados en un antiguo colegio de Puebla de Sanabria regresan a sus casas hoy gracias a la mejora en las condiciones en los alrededores del municipio. El alcalde de la localidad que les hab\u00eda dado cobijo, Jos\u00e9 Fern\u00e1ndez, ha dicho estar \u00abpreocupado\u00bb por la proximidad de las llamas, pero \u00abemocionado\u00bb por que los evacuados puedan volver a sus domicilios.<\/p>\n<p>10:54<\/p>\n<p>\u00cdNDICES \u00abMUY ALTOS\u00bb DE CONTAMINACI\u00d3N DEL AIRE<\/p>\n<p class=\"voc-p\">La Guardia Civil de Le\u00f3n ha advertido de \u00abmuy altos\u00bb \u00edndices de contaminaci\u00f3n del aire en la provincia debido a los incendios forestales, por lo que ha aconsejado el uso de mascarillas para personas con alg\u00fan tipo de problemas respiratorios.<\/p>\n<p>10:41<\/p>\n<p>Contin\u00faa interrumpido el tr\u00e1fico ferroviario de alta velocidad entre Galicia y Madrid<\/p>\n<p class=\"voc-p\">Contin\u00faa interrumpido el tr\u00e1fico ferroviario para trenes de alta velocidad entre Galicia y Madrid hasta que las autoridades competentes permitan la reanudaci\u00f3n, seg\u00fan ha informado Renfe a trav\u00e9s de sus redes sociales. \u00abSe mantienen los trenes especiales para el tramo Zamora-Madrid en ambos sentidos\u00bb, ha detallado.<\/p>\n<p>10:39<\/p>\n<p>Comienzan a evacuar a los municipios pr\u00f3ximos al Lago de Sanabria<\/p>\n<p class=\"voc-p\">Comienzan a evacuar a los municipios pr\u00f3ximos al Lago de Sanabria (Zamora), en el t\u00e9rmino municipal de Galende, ante el avance de las llamas. Protecci\u00f3n Civil ha lanzado un mensaje de alerta ante el \u00abgrave peligro por incendio forestal\u00bb: advierte a la poblaci\u00f3n para que est\u00e9 preparada ante un previsible desalojo y se ofrece el Centro de Transportes de Benavente como centro de cogida. Las autoridades han cortado la carretera de La Laguna de los Peces (ZA-103) y han desalojado a turistas y residentes de la zona. Solo se permite el acceso a los ganaderos \u00abbajo su responsabilidad\u00bb, seg\u00fan informa la Subdelegaci\u00f3n del Gobierno en Zamora.<\/p>\n<p>10:18<\/p>\n<p>Castilla y Le\u00f3n: 26 incendios activos<\/p>\n<p class=\"voc-p\">En Castilla y Le\u00f3n, 10 de 26 incendios activos se encuentran en \u00cdndice de Gravedad Potencial (IGR) 2 en las provincias de Zamora, Le\u00f3n y Salamanca. Preocupa la evoluci\u00f3n de fuegos como el de zona de Canaleja, entre Le\u00f3n y Palencia, que ayer alcanz\u00f3 las inmediaciones de la localidad de Guardo, donde, gracias a los \u00abintensos\u00bb trabajos realizados durante la noche, se ha conseguido contener el avance de las llamas. Las previsiones meteorol\u00f3gicas a partir de las 12 horas del mediod\u00eda son \u00abmuy desfavorables\u00bb, con vientos de entre 40 y 50 kil\u00f3metros por hora y de orientaci\u00f3n variable, lo que podr\u00eda dificultar las labores de extinci\u00f3n, seg\u00fan ha explicado director t\u00e9cnico de extinci\u00f3n de dicho incendio, \u00c1ngel S\u00e1nchez.<\/p>\n<p>10:09<\/p>\n<p>Robles acusa al PP de actuar con \u00abdemagogia pol\u00edtica\u00bb<\/p>\n<p class=\"voc-p\">La ministra de Defensa, Margarita Robles, ha acusado al PP de actuar con \u00abdemagogia pol\u00edtica\u00bb al pedir m\u00e1s medios militares para luchar contra los incendios forestales que est\u00e1n asolando gran parte del territorio espa\u00f1ol, y ha precisado que la Unidad Militar de Emergencias (UME) lleva desplegada desde el d\u00eda 2 de agosto ya que estos agentes son los \u00fanicos que pueden atacar directamente el fuego.<\/p>\n<p>09:54<\/p>\n<p>Catalu\u00f1a pone medios a disposici\u00f3n de las comunidades afectadas<\/p>\n<p class=\"voc-p\">\u00abPonemos a disposici\u00f3n de las comunidades aut\u00f3nomas afectadas por los tr\u00e1gicos incendios un nuevo avi\u00f3n de vigilancia y ataque (AVA), un bombardero, dos columnas m\u00f3viles de Bombers de Catalunya y medios a\u00e9reos del cuerpo de Mossos . Mi sentido p\u00e9same a los familiares, compa\u00f1eros y compa\u00f1eras del bombero que ha perdido la vida durante las labores de extinci\u00f3n. Toda mi solidaridad y apoyo a las personas afectadas. Continuamos muy pendientes de la situaci\u00f3n en Catalu\u00f1a\u00bb, ha anunciado el presidente de la Generalitat, Salvador Illa, a trav\u00e9s de sus redes sociales.<\/p>\n<p>09:48<\/p>\n<p>Un total de 15 v\u00edas est\u00e1n cortadas por los incendios forestales<\/p>\n<p class=\"voc-p\">Un total de 15 carreteras se encuentran cortadas en estos momentos por los incendios forestales. En Le\u00f3n: la N-621 y la LE-2703 en Portilla de la Reina, la CL-626 en Puente Almuhey, la LE-2711 en Retuerto, la LE-164 en Yebra y la LE-5228 en Salas de los Barrios. En Zamora, la ZA-102 y la ZA-103 en Villanueva de la Sierra. En Palencia, la CL-615 en Guardo. En C\u00e1ceres: la CC-218 en Casas del Monte, la CC-219 en Gargantilla, la CC-224 en Herv\u00e1s y la CC-234 en Valdastillas. En Ourense, la OU-121 en Vales. Y en Asturias, la CO-4 en Covadonga.<\/p>\n<p>09:47<\/p>\n<p>El nivel de riesgo de incendio forestal para hoy es extremo en toda la Regi\u00f3n de Murcia<\/p>\n<p class=\"voc-p\">El nivel de riesgo medio de incendio forestal previsto para hoy es extremo en toda la Regi\u00f3n de Murcia, seg\u00fan la previsi\u00f3n de la Agencia Estatal de Meteorolog\u00eda (Aemet).<\/p>\n<p>09:47<\/p>\n<p>Convocada una manifestaci\u00f3n para reclamar el nivel de emergencia 3 en Le\u00f3n<\/p>\n<p class=\"voc-p\">Un grupo de vecinos y afectados por los incendios en la provincia de Le\u00f3n ha convocado para este lunes, a las 20.00 horas frente al Ayuntamiento de Ordo\u00f1o II en la capital, una concentraci\u00f3n para exigir que se declare de forma inmediata la emergencia de nivel 3, de inter\u00e9s nacional. Denuncian que la situaci\u00f3n es cr\u00edtica, con el fuego incluso en el Parque Nacional de Picos de Europa y un aire ya irrespirable en varias comarcas de la provincia, lo que pone en riesgo la salud de la poblaci\u00f3n m\u00e1s vulnerable. Critican la falta de medios de la Junta para frenar las llamas, que siguen avanzando sin control, y aseguran que la magnitud de la cat\u00e1strofe supera con mucho la capacidad auton\u00f3mica y local. Reclaman la intervenci\u00f3n del Gobierno central, la dimisi\u00f3n del consejero de Medio Ambiente, Juan Carlos Su\u00e1rez-Qui\u00f1ones, y se\u00f1alan tambi\u00e9n como responsable al director general de Patrimonio Natural, Jos\u00e9 \u00c1ngel Arranz, por lo que consideran una gesti\u00f3n marcada por la falta de previsi\u00f3n, el recorte de recursos y la precariedad laboral de los bomberos forestales.<\/p>\n<p>09:47<\/p>\n<p>Robles: \u00abEn 20 a\u00f1os de la UME, no han visto nada igual\u00bb<\/p>\n<p class=\"voc-p\">\u00abEn 20 a\u00f1os de la Ume, no han visto nada igual. Yo no puedo decir cu\u00e1l es el fuego m\u00e1s complicado. El intenso humo hace que no sea posible acercarse por aire para la extinci\u00f3n. Estamos viendo incendios como no se han vivido en 20 a\u00f1os, tienen unas caracter\u00edsticas muy especiales por el cambio clim\u00e1tico y la ola de calor\u00bb, asegura la ministra de Defensa, Margarita Robles, en la SER.<\/p>\n<p>09:47<\/p>\n<p>Extremadura sigue pendiente de Jarilla<\/p>\n<p class=\"voc-p\">A falta de informaci\u00f3n oficial, el incendio de Jarilla, con 11.000 hect\u00e1reas y 130 kil\u00f3metros de per\u00edmetro, contin\u00faa \u00abcompletamente activo\u00bb, aunque la situaci\u00f3n es de mayor tranquilidad que ayer. Las condiciones meteorol\u00f3gicas mejoran y seguir\u00e1n haci\u00e9ndolo todo el d\u00eda. La buena noticia de la noche es que la reactivaci\u00f3n en Aliseda pudo contenerse.<\/p>\n<p>09:46<\/p>\n<p>Extremadura levanta las medidas de evacuaci\u00f3n de Vi\u00f1as de la Mata y el confinamiento en Casas del Monte y Segura de Toro<\/p>\n<p class=\"voc-p\">La Junta de Extremadura ha levantado las medidas de evacuaci\u00f3n de la urbanizaci\u00f3n Vi\u00f1as de la Mata, tras haberse logrado estabilizar el fuego en Casar de C\u00e1ceres, as\u00ed como las de confinamiento de Casas del Monte y Segura de Toro que fueron adoptadas por la desfavorable evoluci\u00f3n del incendio de Jarilla.<\/p>\n<p>09:46<\/p>\n<p>Contin\u00faan las restricciones en el Camino de Santiago<\/p>\n<p class=\"voc-p\">El centro de emergencias de Castilla y Le\u00f3n ha revelado a trav\u00e9s de su cuenta de X que, tras la reuni\u00f3n del CECOPI celebrada ayer, contin\u00faan las restricciones en el Camino de Santiago y aconseja a los peregrinos que no contin\u00faen la ruta.<\/p>\n","protected":false},"excerpt":{"rendered":"Sigue en directo la \u00faltima hora de los incendios en Espa\u00f1a y \u00faltimas noticias de Castilla y Le\u00f3n,&hellip;\n","protected":false},"author":2,"featured_media":55614,"comment_status":"","ping_status":"","sticky":false,"template":"","format":"standard","meta":{"footnotes":""},"categories":[8],"tags":[17,18,4107,25,24,7234,13,14,816,11,4342,19,20,4108,9,10,15,16,10342,23,12,21,22],"class_list":{"0":"post-55613","1":"post","2":"type-post","3":"status-publish","4":"format-standard","5":"has-post-thumbnail","7":"category-espana","8":"tag-breaking-news","9":"tag-breakingnews","10":"tag-castilla","11":"tag-es","12":"tag-espana","13":"tag-extremadura","14":"tag-featured-news","15":"tag-featurednews","16":"tag-galicia","17":"tag-headlines","18":"tag-incendios","19":"tag-latest-news","20":"tag-latestnews","21":"tag-leon","22":"tag-news","23":"tag-noticias","24":"tag-noticias-destacadas","25":"tag-noticiasdestacadas","26":"tag-resto","27":"tag-spain","28":"tag-titulares","29":"tag-ultimas-noticias","30":"tag-ultimasnoticias"},"share_on_mastodon":{"url":"","error":""},"_links":{"self":[{"href":"https:\/\/www.europesays.com\/es\/wp-json\/wp\/v2\/posts\/55613","targetHints":{"allow":["GET"]}}],"collection":[{"href":"https:\/\/www.europesays.com\/es\/wp-json\/wp\/v2\/posts"}],"about":[{"href":"https:\/\/www.europesays.com\/es\/wp-json\/wp\/v2\/types\/post"}],"author":[{"embeddable":true,"href":"https:\/\/www.europesays.com\/es\/wp-json\/wp\/v2\/users\/2"}],"replies":[{"embeddable":true,"href":"https:\/\/www.europesays.com\/es\/wp-json\/wp\/v2\/comments?post=55613"}],"version-history":[{"count":0,"href":"https:\/\/www.europesays.com\/es\/wp-json\/wp\/v2\/posts\/55613\/revisions"}],"wp:featuredmedia":[{"embeddable":true,"href":"https:\/\/www.europesays.com\/es\/wp-json\/wp\/v2\/media\/55614"}],"wp:attachment":[{"href":"https:\/\/www.europesays.com\/es\/wp-json\/wp\/v2\/media?parent=55613"}],"wp:term":[{"taxonomy":"category","embeddable":true,"href":"https:\/\/www.europesays.com\/es\/wp-json\/wp\/v2\/categories?post=55613"},{"taxonomy":"post_tag","embeddable":true,"href":"https:\/\/www.europesays.com\/es\/wp-json\/wp\/v2\/tags?post=55613"}],"curies":[{"name":"wp","href":"https:\/\/api.w.org\/{rel}","templated":true}]}}