{"id":556158,"date":"2026-05-17T16:04:12","date_gmt":"2026-05-17T16:04:12","guid":{"rendered":"https:\/\/www.europesays.com\/es\/556158\/"},"modified":"2026-05-17T16:04:12","modified_gmt":"2026-05-17T16:04:12","slug":"la-cabeza-de-lista-del-psoe-por-granada-se-equivoca-de-mesa-y-habra-que-quitar-un-voto-al-azar","status":"publish","type":"post","link":"https:\/\/www.europesays.com\/es\/556158\/","title":{"rendered":"La cabeza de lista del PSOE por Granada se equivoca de mesa y habr\u00e1 que quitar un voto al azar"},"content":{"rendered":"<p style=\"\">La cabeza de lista del PSOE en Granada para estas elecciones de Andaluc\u00eda, Olga Manzano, se ha equivocado de mesa a la hora de ejercer  &#8230; su derecho al voto. Un momento de tensi\u00f3n que han presenciado con gran expectaci\u00f3n medios de comunicaci\u00f3n y otros votantes.<\/p>\n<p class=\"v-d-p\" style=\"\">Seg\u00fan ha podido confirmar IDEAL, sobre las once de esta ma\u00f1ana, Manzano ha acudido a votar donde \u00absiempre\u00bb en Cuevas del Campo, en la Mesa 1 de la Casa de la Cultura. All\u00ed, la candidata socialista ha depositado su voto en la urna con autorizaci\u00f3n de la mesa y total normalidad, como tradicionalmente.<\/p>\n<p class=\"v-d-p\" style=\"\">Solo despu\u00e9s de este gesto, los miembros de la mesa se han dado cuenta de que, en esta ocasi\u00f3n en concreto, a Manzano le correspond\u00eda votar en la Mesa 2 del mismo centro electoral. Seg\u00fan las mismas fuentes, la falta de comprobaci\u00f3n previa por parte de quienes hoy son responsables de controlar el censo electoral pone en jaque el resultado.<\/p>\n<p class=\"v-d-p\" style=\"\">De hecho, la incidencia ya ha sido trasladada a la Junta Electoral de la provincia de Granada. Seg\u00fan ha confirmado el PSOE en un comunicado, la jueza competente ha determinado que Olga Manzano no tiene permitido volver a ejercer su derecho al voto y ha ordenado que se proceda a la anulaci\u00f3n, por azar, de uno de los votos contenidos en la urna de la Mesa 1.<\/p>\n<p>\nEl PSOE recurre\n<\/p>\n<p class=\"v-d-p\" style=\"\">Desde el PSOE provincial alegan que \u00abeste hecho no altera ni afecta en nada al resultado total del municipio; y que existen mecanismos suficientes para dejar constancia de la incidencia sin necesidad de invalidar ning\u00fan voto emitido\u00bb. Por lo que los socialistas han recurrido para que se haga constar que Manzano ha votado en la Mesa 1 de la Casa de la Cultura de Cuevas del Campo.<\/p>\n<p class=\"v-d-p\" style=\"\">El coordinador de campa\u00f1a del PSOE de Granada, Jos\u00e9 Antonio Carranza, ha subrayado que Olga Manzano ha ejercido su derecho al voto en la misma ubicaci\u00f3n en la que lo ha hecho habitualmente, siguiendo las indicaciones del propio procedimiento electoral en el colegio y que, este hecho, en nada afecta al resultado final.<\/p>\n<p class=\"v-d-p\" style=\"\">\u00abLa incidencia detectada responde exclusivamente a una cuesti\u00f3n administrativa relacionada con la asignaci\u00f3n de mesa dentro del mismo centro electoral, por lo que espera que la reclamaci\u00f3n del PSOE sea tenida en cuenta\u00bb, ha explicado.<\/p>\n<p class=\"v-d-p\" style=\"\">Dada la situaci\u00f3n, la tradicional foto de la candidata ejerciendo su derecho al voto parece que no llegar\u00e1 en esta ocasi\u00f3n.<\/p>\n","protected":false},"excerpt":{"rendered":"La cabeza de lista del PSOE en Granada para estas elecciones de Andaluc\u00eda, Olga Manzano, se ha equivocado&hellip;\n","protected":false},"author":2,"featured_media":556159,"comment_status":"","ping_status":"","sticky":false,"template":"","format":"standard","meta":{"footnotes":""},"categories":[8],"tags":[17,18,36450,25,24,90752,13,14,11,19,20,8890,2570,9,10,15,16,12690,23,12,21,22,14272,23661],"class_list":["post-556158","post","type-post","status-publish","format-standard","has-post-thumbnail","category-espana","tag-breaking-news","tag-breakingnews","tag-equivoca","tag-es","tag-espana","tag-estudian","tag-featured-news","tag-featurednews","tag-headlines","tag-latest-news","tag-latestnews","tag-manzano","tag-mesa","tag-news","tag-noticias","tag-noticias-destacadas","tag-noticiasdestacadas","tag-olga","tag-spain","tag-titulares","tag-ultimas-noticias","tag-ultimasnoticias","tag-vale","tag-voto"],"share_on_mastodon":{"url":"https:\/\/pubeurope.com\/@es\/116590770124852538","error":""},"_links":{"self":[{"href":"https:\/\/www.europesays.com\/es\/wp-json\/wp\/v2\/posts\/556158","targetHints":{"allow":["GET"]}}],"collection":[{"href":"https:\/\/www.europesays.com\/es\/wp-json\/wp\/v2\/posts"}],"about":[{"href":"https:\/\/www.europesays.com\/es\/wp-json\/wp\/v2\/types\/post"}],"author":[{"embeddable":true,"href":"https:\/\/www.europesays.com\/es\/wp-json\/wp\/v2\/users\/2"}],"replies":[{"embeddable":true,"href":"https:\/\/www.europesays.com\/es\/wp-json\/wp\/v2\/comments?post=556158"}],"version-history":[{"count":0,"href":"https:\/\/www.europesays.com\/es\/wp-json\/wp\/v2\/posts\/556158\/revisions"}],"wp:featuredmedia":[{"embeddable":true,"href":"https:\/\/www.europesays.com\/es\/wp-json\/wp\/v2\/media\/556159"}],"wp:attachment":[{"href":"https:\/\/www.europesays.com\/es\/wp-json\/wp\/v2\/media?parent=556158"}],"wp:term":[{"taxonomy":"category","embeddable":true,"href":"https:\/\/www.europesays.com\/es\/wp-json\/wp\/v2\/categories?post=556158"},{"taxonomy":"post_tag","embeddable":true,"href":"https:\/\/www.europesays.com\/es\/wp-json\/wp\/v2\/tags?post=556158"}],"curies":[{"name":"wp","href":"https:\/\/api.w.org\/{rel}","templated":true}]}}