{"id":556178,"date":"2026-05-17T16:21:17","date_gmt":"2026-05-17T16:21:17","guid":{"rendered":"https:\/\/www.europesays.com\/es\/556178\/"},"modified":"2026-05-17T16:21:17","modified_gmt":"2026-05-17T16:21:17","slug":"un-espeluznante-accidente-en-el-gp-de-catalunya-de-motogp-termina-con-alex-marquez-en-el-hospital-motociclismo-deportes","status":"publish","type":"post","link":"https:\/\/www.europesays.com\/es\/556178\/","title":{"rendered":"Un espeluznante accidente en el GP de Catalunya de MotoGP termina con Alex M\u00e1rquez en el hospital | Motociclismo | Deportes"},"content":{"rendered":"<p class=\"\">El horror se apoder\u00f3 por momentos de la fiesta de las motos en Montmel\u00f3 despu\u00e9s de un espeluznante accidente en el ecuador del GP de Catalunya de MotoGP este domingo. Un problema t\u00e9cnico de Pedro Acosta (KTM) en plena recta trasera, mientras lideraba la prueba, provoc\u00f3<a href=\"https:\/\/elpais.com\/noticias\/alex-marquez-alenta\/\" target=\"_self\" rel=\"nofollow noopener\" title=\"https:\/\/elpais.com\/noticias\/alex-marquez-alenta\/\"> la dura ca\u00edda del subcampe\u00f3n del mundo Alex M\u00e1rquez<\/a>, el peor parado en un incidente con varios pilotos afectados. El piloto de Cervera, de 30 a\u00f1os, fue evacuado de inmediato en ambulancia al centro m\u00e9dico del trazado tras ser atendido sobre la pista. Estaba consciente y se encontraba relativamente bien, fuera de peligro, seg\u00fan avanzaron sus familiares, presentes en el circuito. El piloto del Ducati Gresini fue posteriormente trasladado al Hospital General de Catalunya, en Sant Cugat del Vall\u00e9s, para recibir cuidados m\u00e1s exhaustivos.<\/p>\n<p class=\"\">El choque se produjo a alta velocidad en la vuelta 12 de las 24 programadas originalmente antes de la bandera roja provocada por el accidente. <a href=\"https:\/\/elpais.com\/deportes\/motociclismo\/2026-05-16\/alex-marquez-resiste-los-mordiscos-de-pedro-acosta-para-llevarse-la-sprint-en-el-gp-de-catalunya.html\" target=\"_self\" rel=\"nofollow noopener\" title=\"https:\/\/elpais.com\/deportes\/motociclismo\/2026-05-16\/alex-marquez-resiste-los-mordiscos-de-pedro-acosta-para-llevarse-la-sprint-en-el-gp-de-catalunya.html\">El murciano, autor de la pole, desaceler\u00f3 de manera s\u00fabita<\/a> en plena recta por culpa de un fallo electr\u00f3nico, en un punto donde se alcanzan puntas cercanas a los 300 km\/h. M\u00e1rquez, que part\u00eda tercero en parrilla y gan\u00f3 el s\u00e1bado la prueba al sprint, acechaba el liderato de la carrera y estaba muy pegado al col\u00edn del l\u00edder. El cambio de ritmo inesperado provoc\u00f3 que no pudiera hacer nada para evitar el golpe y salir disparado hacia el costado derecho de la pista, con el muro muy cerca en ese punto. El catal\u00e1n derrap\u00f3 sobre la hierba, pero no pudo controlar la moto y se fue al suelo, impactando violentamente contra el suelo y la pared lateral. All\u00ed fue atendido por el equipo m\u00e9dico liderado por el doctor \u00c1ngel Charte.<\/p>\n<p class=\"\">La m\u00e1quina del catal\u00e1n sali\u00f3 volando por los aires y termin\u00f3 destrozada en medio de la trayectoria del resto de pilotos, golpeando varias piezas contra el italiano Fabio Di Giannantonio (Ducati), a la postre ganador de la prueba, y el madrile\u00f1o Ra\u00fal Fern\u00e1ndez (Aprilia), ambos tambi\u00e9n doloridos pero capaces de volver por su propio pie a los garajes. <\/p>\n<p class=\"\">Todos los pilotos menos el peque\u00f1o de los M\u00e1rquez y el italiano Ennea Bastianini tomaron parte en la primera reanudaci\u00f3n de la prueba, que dur\u00f3 muy poco tras un nuevo accidente en la curva uno despu\u00e9s de la salida. Johann Zarco, piloto franc\u00e9s del LCR Honda, fue el peor parado del segundo par\u00f3n tras quedar emparedado entre Luca Marini (Honda) y Pecco Bagnaia (Ducati). El veterano de 34 a\u00f1os, consciente y tambi\u00e9n fuera de peligro, fue evacuado tambi\u00e9n en ambulancia al centro m\u00e9dico del circuito tras la segunda bandera roja y termin\u00f3 en el hospital con una lesi\u00f3n en la pierna izquierda.<\/p>\n<p>Di Giannantonio vence en medio del caos y el drama de Acosta<\/p>\n<p class=\"\">La tercera reanudaci\u00f3n del gran premio, que se disput\u00f3 finalmente a tan solo 12 vueltas, fue la definitiva. Gan\u00f3 contra todo pron\u00f3stico Di Giannantonio, del VR46 Ducati, seguido en el podio por la Honda de Joan Mir y la Ducati Gresini <a href=\"https:\/\/elpais.com\/deportes\/motociclismo\/2025-07-19\/fermin-aldeguer-piloto-de-motogp-al-principio-esto-se-te-hace-un-poco-grande.html\" target=\"_self\" rel=\"nofollow noopener\" title=\"https:\/\/elpais.com\/deportes\/motociclismo\/2025-07-19\/fermin-aldeguer-piloto-de-motogp-al-principio-esto-se-te-hace-un-poco-grande.html\">de Ferm\u00edn Aldeguer<\/a>, que hab\u00eda arrancado la jornada en 15\u00aa plaza. Acosta pudo defender su posici\u00f3n preeminente en la parrilla en las tres salidas del d\u00eda, pero la jornada que promet\u00eda su primera victoria en la categor\u00eda reina termin\u00f3 con ca\u00edda en la \u00faltima vuelta para \u00e9l a pesar de haber rodado en cabeza la mayor parte del d\u00eda.<\/p>\n<p class=\"\">Tras resistir las acometidas de sus rivales una y otra vez, el talento murciano y la KTM perdieron fuelle a tres vueltas de la conclusi\u00f3n. Diggia le super\u00f3 primero en la frenada de la 10 y escap\u00f3 a placer para ganar la segunda carrera de su trayectoria ante su jefe Valentino Rossi, presente en las barreras. En la \u00faltima vuelta, Mir le arranc\u00f3 las pegatinas al poleman al final de la recta de meta. Su rival de toda la vida, Aldeguer, aprovech\u00f3 un amago de ca\u00edda para colarse y arrebatarle el podio en la curva 3. Faltaba el golpe definitivo a una jornada ca\u00f3tica y dram\u00e1tica: en la \u00faltima par\u00e1bola del circuito, Ai Ogura fue tan ambicioso que le mand\u00f3 al suelo. El japon\u00e9s del Trackhouse fue sancionado por la maniobra.<\/p>\n<p class=\"\">Acosta no fue el \u00fanico que termin\u00f3 caliente la jornada, ya que en Aprilia saltaron chispas entre Ra\u00fal Fern\u00e1ndez y Jorge Mart\u00edn. Cuando rodaban en posiciones de podio, el piloto del Trackhouse fue muy ambicioso en la curva 5, la m\u00e1s lenta del trazado, y sac\u00f3 de la trazada a su compa\u00f1ero de marca madrile\u00f1o, que termin\u00f3 en la grava y perdi\u00f3 la opci\u00f3n de ponerse l\u00edder del campeonato. Marco Bezzecchi, finalmente quinto clasificado tras partir duod\u00e9cimo, <a href=\"https:\/\/elpais.com\/deportes\/motociclismo\/2026-05-10\/jorge-martin-gana-un-ano-y-medio-despues-en-motogp-con-un-triunfo-sideral-en-el-gp-de-francia.html\" target=\"_self\" rel=\"nofollow noopener\" title=\"https:\/\/elpais.com\/deportes\/motociclismo\/2026-05-10\/jorge-martin-gana-un-ano-y-medio-despues-en-motogp-con-un-triunfo-sideral-en-el-gp-de-francia.html\">ampli\u00f3 su ventaja al mando del certamen a 13 puntos sobre el campe\u00f3n de 2024<\/a>.<\/p>\n<p class=\"\">En medio del caos y el drama, la mejor noticia es que la jornada se sald\u00f3 con todos los miembros de la parrilla fuera de peligro.<\/p>\n","protected":false},"excerpt":{"rendered":"El horror se apoder\u00f3 por momentos de la fiesta de las motos en Montmel\u00f3 despu\u00e9s de un espeluznante&hellip;\n","protected":false},"author":2,"featured_media":556179,"comment_status":"","ping_status":"","sticky":false,"template":"","format":"standard","meta":{"footnotes":""},"categories":[93],"tags":[22855,86478,1762,168,1764,25,24,107643,14726,16628,22854,1760,23,167],"class_list":["post-556178","post","type-post","status-publish","format-standard","has-post-thumbnail","category-deportes","tag-alex-marquez","tag-circuito-montmelo","tag-circuitos-velocidad","tag-deportes","tag-deportes-motor","tag-es","tag-espana","tag-gp-cataluna","tag-moto-gp","tag-motociclismo","tag-mundial-motociclismo","tag-pilotos-deportivos","tag-spain","tag-sports"],"share_on_mastodon":{"url":"https:\/\/pubeurope.com\/@es\/116590836800967197","error":""},"_links":{"self":[{"href":"https:\/\/www.europesays.com\/es\/wp-json\/wp\/v2\/posts\/556178","targetHints":{"allow":["GET"]}}],"collection":[{"href":"https:\/\/www.europesays.com\/es\/wp-json\/wp\/v2\/posts"}],"about":[{"href":"https:\/\/www.europesays.com\/es\/wp-json\/wp\/v2\/types\/post"}],"author":[{"embeddable":true,"href":"https:\/\/www.europesays.com\/es\/wp-json\/wp\/v2\/users\/2"}],"replies":[{"embeddable":true,"href":"https:\/\/www.europesays.com\/es\/wp-json\/wp\/v2\/comments?post=556178"}],"version-history":[{"count":0,"href":"https:\/\/www.europesays.com\/es\/wp-json\/wp\/v2\/posts\/556178\/revisions"}],"wp:featuredmedia":[{"embeddable":true,"href":"https:\/\/www.europesays.com\/es\/wp-json\/wp\/v2\/media\/556179"}],"wp:attachment":[{"href":"https:\/\/www.europesays.com\/es\/wp-json\/wp\/v2\/media?parent=556178"}],"wp:term":[{"taxonomy":"category","embeddable":true,"href":"https:\/\/www.europesays.com\/es\/wp-json\/wp\/v2\/categories?post=556178"},{"taxonomy":"post_tag","embeddable":true,"href":"https:\/\/www.europesays.com\/es\/wp-json\/wp\/v2\/tags?post=556178"}],"curies":[{"name":"wp","href":"https:\/\/api.w.org\/{rel}","templated":true}]}}