{"id":556238,"date":"2026-05-17T17:09:10","date_gmt":"2026-05-17T17:09:10","guid":{"rendered":"https:\/\/www.europesays.com\/es\/556238\/"},"modified":"2026-05-17T17:09:10","modified_gmt":"2026-05-17T17:09:10","slug":"jurado-de-la-moda-de-vanity-fair-las-mejor-vestidas-del-festival-de-cannes-dia-5-segun-nuestros-expertos","status":"publish","type":"post","link":"https:\/\/www.europesays.com\/es\/556238\/","title":{"rendered":"Jurado de la Moda de Vanity Fair: las mejor vestidas del Festival de Cannes, D\u00eda 5 (seg\u00fan nuestros expertos)"},"content":{"rendered":"<p><strong>Mi look favorito:<\/strong> <a href=\"https:\/\/www.revistavanityfair.es\/articulos\/la-gran-familia-alrededor-de-bruce-willis-que-cumple-71-anos\" rel=\"nofollow noopener\" target=\"_blank\">Demi Moore<\/a><\/p>\n<p><strong>En:<\/strong> Mati\u00e8res F\u00e9cales<\/p>\n<p><strong>Porque&#8230;<\/strong> La miembro del jurado del Festival de Cannes con m\u00e1s glamour de los \u00faltimos diez a\u00f1os, por no decir otra cosa, se supera a s\u00ed misma esta noche. Su vestido de gala a medio rasgar es una especie de gui\u00f1o al vestido azul cielo de la inolvidable escena final de aquella pel\u00edcula de culto titulada La sustancia. Los que hayan visto la pel\u00edcula lo entender\u00e1n. Y los dem\u00e1s simplemente apreciaremos la mezcla de elegancia, iron\u00eda, inteligencia y sorpresa. Porque en la alfombra roja tambi\u00e9n apetece divertirse de vez en cuando. Y esta noche, Demi por s\u00ed sola val\u00eda el precio de la entrada.<\/p>\n<p>Paloma Sim\u00f3n, Espa\u00f1a \ud83c\uddea\ud83c\uddf8<img decoding=\"async\" alt=\"Cate Blanchett en el Festival de Cannes.\" loading=\"lazy\" class=\"ResponsiveImageContainer-dkeESL cQPiWi responsive-image__image\"   src=\"https:\/\/www.europesays.com\/es\/wp-content\/uploads\/2026\/05\/Cate-Blanchett-2276607649.jpg\"\/><\/p>\n<p>Cate Blanchett en el Festival de Cannes.<\/p>\n<p>Stephane Cardinale &#8211; Corbis\/Getty Images<\/p>\n<p><strong>Mi look favorito:<\/strong> <a href=\"https:\/\/www.revistavanityfair.es\/articulos\/mette-marit-cumple-52-anos-la-tiara-que-la-une-a-la-actriz-cate-blanchett\" rel=\"nofollow noopener\" target=\"_blank\">Cate Blanchett<\/a><\/p>\n<p><strong>En:<\/strong> Louis Vuitton<\/p>\n<p><strong>Porque&#8230;<\/strong> Cate Blanchett de Louis Vuitton: un vestido de terciopelo negro -empezamos bien-, joyas de diamantes -tambi\u00e9n bien- y, atenci\u00f3n, un \u00a1cuello de encaje plisado! con el que la actriz rememora uno de sus papeles m\u00e1s alabados, el de Isabel I de Inglaterra. Si no fuese por el peinado, uno podr\u00eda pensar que iba a capitular con Felipe II. Un look historicista pero tremendamente contempor\u00e1neo de Louis Vuitton, cuya divisi\u00f3n de alta joyer\u00eda firma tambi\u00e9n la sortija y los pendientes, con el que Cate Blanchett se corona como la mejor vestida de la jornada&#8230; Y de lo que llevamos de Festival.<\/p>\n","protected":false},"excerpt":{"rendered":"Mi look favorito: Demi Moore En: Mati\u00e8res F\u00e9cales Porque&#8230; La miembro del jurado del Festival de Cannes con&hellip;\n","protected":false},"author":2,"featured_media":556239,"comment_status":"","ping_status":"","sticky":false,"template":"","format":"standard","meta":{"footnotes":""},"categories":[91],"tags":[44721,4490,146,147,25,24,54055,23],"class_list":["post-556238","post","type-post","status-publish","format-standard","has-post-thumbnail","category-entretenimiento","tag-cate-blanchett","tag-demi-moore","tag-entertainment","tag-entretenimiento","tag-es","tag-espana","tag-festival-de-cannes","tag-spain"],"share_on_mastodon":{"url":"https:\/\/pubeurope.com\/@es\/116591026288718108","error":""},"_links":{"self":[{"href":"https:\/\/www.europesays.com\/es\/wp-json\/wp\/v2\/posts\/556238","targetHints":{"allow":["GET"]}}],"collection":[{"href":"https:\/\/www.europesays.com\/es\/wp-json\/wp\/v2\/posts"}],"about":[{"href":"https:\/\/www.europesays.com\/es\/wp-json\/wp\/v2\/types\/post"}],"author":[{"embeddable":true,"href":"https:\/\/www.europesays.com\/es\/wp-json\/wp\/v2\/users\/2"}],"replies":[{"embeddable":true,"href":"https:\/\/www.europesays.com\/es\/wp-json\/wp\/v2\/comments?post=556238"}],"version-history":[{"count":0,"href":"https:\/\/www.europesays.com\/es\/wp-json\/wp\/v2\/posts\/556238\/revisions"}],"wp:featuredmedia":[{"embeddable":true,"href":"https:\/\/www.europesays.com\/es\/wp-json\/wp\/v2\/media\/556239"}],"wp:attachment":[{"href":"https:\/\/www.europesays.com\/es\/wp-json\/wp\/v2\/media?parent=556238"}],"wp:term":[{"taxonomy":"category","embeddable":true,"href":"https:\/\/www.europesays.com\/es\/wp-json\/wp\/v2\/categories?post=556238"},{"taxonomy":"post_tag","embeddable":true,"href":"https:\/\/www.europesays.com\/es\/wp-json\/wp\/v2\/tags?post=556238"}],"curies":[{"name":"wp","href":"https:\/\/api.w.org\/{rel}","templated":true}]}}