{"id":556324,"date":"2026-05-17T18:16:31","date_gmt":"2026-05-17T18:16:31","guid":{"rendered":"https:\/\/www.europesays.com\/es\/556324\/"},"modified":"2026-05-17T18:16:31","modified_gmt":"2026-05-17T18:16:31","slug":"alex-marquez-tiene-una-fractura-en-una-vertebra-cervical-y-la-clavicula-rota-tras-su-terrible-accidente-en-montmelo-motociclismo-deportes","status":"publish","type":"post","link":"https:\/\/www.europesays.com\/es\/556324\/","title":{"rendered":"Alex M\u00e1rquez tiene una fractura en una v\u00e9rtebra cervical y la clav\u00edcula rota tras su terrible accidente en Montmel\u00f3 | Motociclismo | Deportes"},"content":{"rendered":"<p class=\"\">Alex M\u00e1rquez sufre fracturas en una v\u00e9rtebra cervical y en la clav\u00edcula derecha despu\u00e9s de su espeluznante accidente en el Circuit de Barcelona-Catalunya este domingo. El piloto catal\u00e1n de 30 a\u00f1os, que <a href=\"https:\/\/elpais.com\/deportes\/motociclismo\/2026-05-16\/alex-marquez-resiste-los-mordiscos-de-pedro-acosta-para-llevarse-la-sprint-en-el-gp-de-catalunya.html\" target=\"_self\" rel=\"nofollow noopener\" title=\"https:\/\/elpais.com\/deportes\/motociclismo\/2026-05-16\/alex-marquez-resiste-los-mordiscos-de-pedro-acosta-para-llevarse-la-sprint-en-el-gp-de-catalunya.html\">hab\u00eda ganado la carrera al sprint del s\u00e1bado <\/a>y peleaba por repetir triunfo un d\u00eda despu\u00e9s, debe ser operado en la misma tarde en el Hospital General de Catalunya de la lesi\u00f3n en el hombro para estabilizar la articulaci\u00f3n, mientras que los doctores evaluar\u00e1n mejor la afectaci\u00f3n marginal en la v\u00e9rtebra C7, situada cerca del cuello, la pr\u00f3xima semana.<\/p>\n<p>M\u00e1s informaci\u00f3n<\/p>\n<p class=\"\">El piloto catal\u00e1n <a href=\"https:\/\/elpais.com\/deportes\/motociclismo\/2026-05-17\/gravisimo-accidente-de-alex-marquez-durante-la-carrera-del-gp-de-catalunya.html\" target=\"_self\" rel=\"nofollow noopener\" title=\"https:\/\/elpais.com\/deportes\/motociclismo\/2026-05-17\/gravisimo-accidente-de-alex-marquez-durante-la-carrera-del-gp-de-catalunya.html\">se lesion\u00f3 tras sufrir un violento golpe contra el suelo<\/a> y las barreras en el ecuador del GP de Catalunya disputado en Montmel\u00f3. Cuando se disputaba el liderato de la carrera con el murciano Pedro Acosta (KTM), este tuvo un fallo el\u00e9ctrico en su moto que hizo que desacelera de repente con el de Gresini Ducati pegado a su estela. El par\u00f3n inesperado provoc\u00f3 el impacto de la m\u00e1quina del subcampe\u00f3n del mundo con el col\u00edn del l\u00edder de la prueba, con tan mala suerte que este se fue disparado hacia la escapatoria de hierba a gran velocidad, incapaz de mantener el equilibrio.<\/p>\n<p><img alt=\"\" decoding=\"auto\" class=\"_re lazyload a_m-h\" height=\"276\"  width=\"414\"  src=\"https:\/\/www.europesays.com\/es\/wp-content\/uploads\/2026\/05\/NX7HESW2SBGNZDEKUQ3YGG3O7M.jpg\" loading=\"lazy\" fetchpriority=\"low\"\/>Alex M\u00e1rquez sufre un grave accidente durante el Gran Premio de Catalunya de MotoGP.Gold &amp; Goose Photography (Getty Images)<\/p>\n<p class=\"\">La ca\u00edda de M\u00e1rquez provoc\u00f3 la bandera roja inmediata en pista y oblig\u00f3 a intervenir r\u00e1pidamente al equipo m\u00e9dico del Mundial, liderado por el doctor \u00c1ngel Charte. En un primer momento, y tras un silencio inc\u00f3modo de largos minutos, se comunic\u00f3 que el piloto estaba consciente tras ser atendido en el lugar de los hechos y trasladado posteriormente al centro m\u00e9dico del circuito en ambulancia. Media hora despu\u00e9s, fue desplazado al hospital para ser atendido y donde se confirm\u00f3 que estaba ya fuera de peligro a pesar de la violencia del impacto y la preocupaci\u00f3n inicial que engull\u00f3 a todo el paddock.<\/p>\n<p class=\"\">\u201cTodo controlado\u201d, public\u00f3 <a href=\"https:\/\/elpais.com\/deportes\/motociclismo\/2026-04-26\/alex-marquez-recuerda-quien-es-el-subcampeon-el-deporte-es-asi-tiene-poca-memoria.html\" target=\"_self\" rel=\"nofollow noopener\" title=\"https:\/\/elpais.com\/deportes\/motociclismo\/2026-04-26\/alex-marquez-recuerda-quien-es-el-subcampeon-el-deporte-es-asi-tiene-poca-memoria.html\">el propio Alex M\u00e1rquez en sus redes sociales <\/a>a \u00faltima hora de la tarde. \u201cToca pasar por quir\u00f3fano, pero no podr\u00eda estar en mejores manos. Much\u00edsimas gracias a todos por preocuparos y por los mensajes de cari\u00f1o que estoy recibiendo\u201d, remat\u00f3. En la imagen, tranquilizadora tras el susto a la hora del almuerzo, aparece sonriente, con collar\u00edn y heridas en el brazo derecho. <\/p>\n<p class=\"\">\u201cLo m\u00e1s importante es saber que todos estamos bien. Era un domingo que podr\u00eda haber terminado de manera muy fea. Para m\u00ed, no era necesario salir una tercera vez. Tuvimos suficiente espect\u00e1culo con las dos banderas rojas. La salud debe ser lo primero, la integridad de quienes hacemos el \u2018show\u2019 deber\u00eda ser lo m\u00e1s importante\u201d, coment\u00f3 Acosta, muy cr\u00edtico con la decisi\u00f3n de seguir adelante con dos de sus compa\u00f1eros en el hospital. \u201cEl motor se ha quedado parado y no he podido apartarme a tiempo hacia ning\u00fan sitio. Desafortunadamente Alex se ha llevado la peor parte\u201d, lament\u00f3 el murciano, tocado al final del d\u00eda. El de KTM, tras exhibir un gran ritmo para llevarse la victoria en Montmel\u00f3, o como poco para pelear por ella, acab\u00f3 tambi\u00e9n con un cero en su casillero tras un accidente sin consecuencias en la tercera de las carreras con la que culmin\u00f3 un domingo accidentado como pocos.<\/p>\n","protected":false},"excerpt":{"rendered":"Alex M\u00e1rquez sufre fracturas en una v\u00e9rtebra cervical y en la clav\u00edcula derecha despu\u00e9s de su espeluznante accidente&hellip;\n","protected":false},"author":2,"featured_media":556325,"comment_status":"","ping_status":"","sticky":false,"template":"","format":"standard","meta":{"footnotes":""},"categories":[93],"tags":[22855,86478,1762,168,1764,25,24,107643,14726,16628,22854,1760,23,167],"class_list":["post-556324","post","type-post","status-publish","format-standard","has-post-thumbnail","category-deportes","tag-alex-marquez","tag-circuito-montmelo","tag-circuitos-velocidad","tag-deportes","tag-deportes-motor","tag-es","tag-espana","tag-gp-cataluna","tag-moto-gp","tag-motociclismo","tag-mundial-motociclismo","tag-pilotos-deportivos","tag-spain","tag-sports"],"share_on_mastodon":{"url":"https:\/\/pubeurope.com\/@es\/116591289063154420","error":""},"_links":{"self":[{"href":"https:\/\/www.europesays.com\/es\/wp-json\/wp\/v2\/posts\/556324","targetHints":{"allow":["GET"]}}],"collection":[{"href":"https:\/\/www.europesays.com\/es\/wp-json\/wp\/v2\/posts"}],"about":[{"href":"https:\/\/www.europesays.com\/es\/wp-json\/wp\/v2\/types\/post"}],"author":[{"embeddable":true,"href":"https:\/\/www.europesays.com\/es\/wp-json\/wp\/v2\/users\/2"}],"replies":[{"embeddable":true,"href":"https:\/\/www.europesays.com\/es\/wp-json\/wp\/v2\/comments?post=556324"}],"version-history":[{"count":0,"href":"https:\/\/www.europesays.com\/es\/wp-json\/wp\/v2\/posts\/556324\/revisions"}],"wp:featuredmedia":[{"embeddable":true,"href":"https:\/\/www.europesays.com\/es\/wp-json\/wp\/v2\/media\/556325"}],"wp:attachment":[{"href":"https:\/\/www.europesays.com\/es\/wp-json\/wp\/v2\/media?parent=556324"}],"wp:term":[{"taxonomy":"category","embeddable":true,"href":"https:\/\/www.europesays.com\/es\/wp-json\/wp\/v2\/categories?post=556324"},{"taxonomy":"post_tag","embeddable":true,"href":"https:\/\/www.europesays.com\/es\/wp-json\/wp\/v2\/tags?post=556324"}],"curies":[{"name":"wp","href":"https:\/\/api.w.org\/{rel}","templated":true}]}}