{"id":556622,"date":"2026-05-17T22:11:14","date_gmt":"2026-05-17T22:11:14","guid":{"rendered":"https:\/\/www.europesays.com\/es\/556622\/"},"modified":"2026-05-17T22:11:14","modified_gmt":"2026-05-17T22:11:14","slug":"grave-cornada-a-fernando-pereira-en-fosa-iliaca-que-parte-aponeurosis-introduce-en-cavidad-abdominopelvica-y-exterioriza-el-ciego","status":"publish","type":"post","link":"https:\/\/www.europesays.com\/es\/556622\/","title":{"rendered":"Grave cornada a Fernando Pereira en \u00abfosa iliaca que parte aponeurosis, introduce en cavidad abdominop\u00e9lvica y exterioriza el ciego\u00bb"},"content":{"rendered":"<p>El banderillero<strong> Fernando Pereira<\/strong> ha sido intervenido en la enfermer\u00eda de la plaza de toros de <strong>C\u00f3rdoba<\/strong> de una cornada de pron\u00f3stico grave en<strong> \u00aben fosa il\u00edaca derecha que parte aponeurosis m\u00fasculo oblicuo externo e introduce en cavidad abdominop\u00e9lvica, exteriorizando el ciego\u00bb<\/strong>, seg\u00fan indica el parte m\u00e9dico.<\/p>\n<p>Pereira ha sido trasladado a un hospital posteriormente tras haber sufrido una fea cogida durante el tercio de varas del segundo toro de<strong> Juan Pedro Domecq.<\/strong><\/p>\n<p>El percance sobrevino cuando el toro sali\u00f3 suelto del caballo, momento en que <strong>Pereira<\/strong> fue a recogerlo y se le col\u00f3 prendi\u00e9ndolo de muy fea manera en una angustiosa estampa.<\/p>\n<p><strong>PARTE M\u00c9DICO DE FERNANDO PEREIRA: Herida por asta de toro en fosa il\u00edaca derecha que parte aponeurosis m\u00fasculo oblicuo externo e introduce en cavidad abdominop\u00e9lvica, exteriorizando el ciego. Apertura mediante laparotom\u00eda McBurney. Rotura de TFD no apreci\u00e1ndose lesi\u00f3n intestinal ni sangrado activo. Se realiza limpieza exhaustiva y cierre de peritoneo previo drenaje intraabdominal (verde). Aproximaci\u00f3n de musculatura, colocaci\u00f3n de drenaje en su proximidad con cierre por encima de la aponeurosis. Subcut\u00e1neo y cierre de piel con grapas. Pron\u00f3stico: Grave. Se traslada al hospital de la Cruz Roja.<\/strong><\/p>\n","protected":false},"excerpt":{"rendered":"El banderillero Fernando Pereira ha sido intervenido en la enfermer\u00eda de la plaza de toros de C\u00f3rdoba de&hellip;\n","protected":false},"author":2,"featured_media":556623,"comment_status":"","ping_status":"","sticky":false,"template":"","format":"standard","meta":{"footnotes":""},"categories":[91],"tags":[3076,11859,5401,146,147,25,24,46244,1226,23],"class_list":["post-556622","post","type-post","status-publish","format-standard","has-post-thumbnail","category-entretenimiento","tag-3076","tag-cogida","tag-enfermeria","tag-entertainment","tag-entretenimiento","tag-es","tag-espana","tag-fernando-pereira","tag-noticias-de-toros","tag-spain"],"share_on_mastodon":{"url":"https:\/\/pubeurope.com\/@es\/116592213289136308","error":""},"_links":{"self":[{"href":"https:\/\/www.europesays.com\/es\/wp-json\/wp\/v2\/posts\/556622","targetHints":{"allow":["GET"]}}],"collection":[{"href":"https:\/\/www.europesays.com\/es\/wp-json\/wp\/v2\/posts"}],"about":[{"href":"https:\/\/www.europesays.com\/es\/wp-json\/wp\/v2\/types\/post"}],"author":[{"embeddable":true,"href":"https:\/\/www.europesays.com\/es\/wp-json\/wp\/v2\/users\/2"}],"replies":[{"embeddable":true,"href":"https:\/\/www.europesays.com\/es\/wp-json\/wp\/v2\/comments?post=556622"}],"version-history":[{"count":0,"href":"https:\/\/www.europesays.com\/es\/wp-json\/wp\/v2\/posts\/556622\/revisions"}],"wp:featuredmedia":[{"embeddable":true,"href":"https:\/\/www.europesays.com\/es\/wp-json\/wp\/v2\/media\/556623"}],"wp:attachment":[{"href":"https:\/\/www.europesays.com\/es\/wp-json\/wp\/v2\/media?parent=556622"}],"wp:term":[{"taxonomy":"category","embeddable":true,"href":"https:\/\/www.europesays.com\/es\/wp-json\/wp\/v2\/categories?post=556622"},{"taxonomy":"post_tag","embeddable":true,"href":"https:\/\/www.europesays.com\/es\/wp-json\/wp\/v2\/tags?post=556622"}],"curies":[{"name":"wp","href":"https:\/\/api.w.org\/{rel}","templated":true}]}}