{"id":55687,"date":"2025-08-18T12:31:10","date_gmt":"2025-08-18T12:31:10","guid":{"rendered":"https:\/\/www.europesays.com\/es\/55687\/"},"modified":"2025-08-18T12:31:10","modified_gmt":"2025-08-18T12:31:10","slug":"una-emocionante-tarde-de-toros-en-un-coliseo-balear-abarrotado","status":"publish","type":"post","link":"https:\/\/www.europesays.com\/es\/55687\/","title":{"rendered":"Una emocionante tarde de toros en un Coliseo Balear abarrotado"},"content":{"rendered":"<p>El pasado 7 de agosto qued\u00f3 claro en el Coliseo Balear que la Fiesta Nacional vive un renacer en Mallorca. Tras los llenos en Inca y Palma, ya se anuncia una nueva corrida en Muro el pr\u00f3ximo 14 de septiembre, la primera en ocho a\u00f1os. En el cartel figuran <strong>Morante de la Puebla, Javier Conde<\/strong> y la joven promesa <strong>Marcos P\u00e9rez<\/strong>, una combinaci\u00f3n que promete emocionar a los aficionados. El esfuerzo de las empresas Funtausa -con <strong>Miguel Gomis y David Davis<\/strong>&#8211; y Balears Cambio de Tercio ha sido clave para este resurgir, atrayendo especialmente a los j\u00f3venes a las plazas, algo que no ocurr\u00eda ni en los mejores tiempos del Coliseo. Se espera que esta nueva etapa fortalezca la cultura taurina en la Isla.<\/p>\n<p>A la cita asistieron destacadas familias mallorquinas como los Maura, acompa\u00f1ados por <strong>Mar\u00eda Jos\u00e9 Hidalgo, el doctor Mesquida, la familia Entrena Moratiel, Clota Calvo y Modesto \u00c1lvarez<\/strong> con sus hijos y amigos, entre muchos otros. Tambi\u00e9n estuvieron los artistas <strong>Luis Maraver, Pascual de Cabo y Lolo Garner<\/strong>. <strong>El C\u00edrculo Mallorqu\u00edn<\/strong> ha contribuido con la venta de cerca de 500 entradas, demostrando el apoyo social. Mallorca sue\u00f1a ahora con reabrir las plazas de Alcudia y Felanitx para recuperar las cinco hist\u00f3ricas plazas.<\/p>\n","protected":false},"excerpt":{"rendered":"El pasado 7 de agosto qued\u00f3 claro en el Coliseo Balear que la Fiesta Nacional vive un renacer&hellip;\n","protected":false},"author":2,"featured_media":55688,"comment_status":"","ping_status":"","sticky":false,"template":"","format":"standard","meta":{"footnotes":""},"categories":[277],"tags":[373,2084,168,25,24,2085,2086,2087,2088,1389,23,167,374,444,2083],"class_list":{"0":"post-55687","1":"post","2":"type-post","3":"status-publish","4":"format-standard","5":"has-post-thumbnail","7":"category-toreo","8":"tag-bullfighting","9":"tag-conciertos-en-mallorca","10":"tag-deportes","11":"tag-es","12":"tag-espana","13":"tag-eventos-en-mallorca","14":"tag-exposiciones-en-mallorca","15":"tag-fiestas-en-mallorca","16":"tag-ocio-en-mallorca","17":"tag-plaza-de-toros","18":"tag-spain","19":"tag-sports","20":"tag-toreo","21":"tag-toros","22":"tag-zona-vip"},"share_on_mastodon":{"url":"","error":""},"_links":{"self":[{"href":"https:\/\/www.europesays.com\/es\/wp-json\/wp\/v2\/posts\/55687","targetHints":{"allow":["GET"]}}],"collection":[{"href":"https:\/\/www.europesays.com\/es\/wp-json\/wp\/v2\/posts"}],"about":[{"href":"https:\/\/www.europesays.com\/es\/wp-json\/wp\/v2\/types\/post"}],"author":[{"embeddable":true,"href":"https:\/\/www.europesays.com\/es\/wp-json\/wp\/v2\/users\/2"}],"replies":[{"embeddable":true,"href":"https:\/\/www.europesays.com\/es\/wp-json\/wp\/v2\/comments?post=55687"}],"version-history":[{"count":0,"href":"https:\/\/www.europesays.com\/es\/wp-json\/wp\/v2\/posts\/55687\/revisions"}],"wp:featuredmedia":[{"embeddable":true,"href":"https:\/\/www.europesays.com\/es\/wp-json\/wp\/v2\/media\/55688"}],"wp:attachment":[{"href":"https:\/\/www.europesays.com\/es\/wp-json\/wp\/v2\/media?parent=55687"}],"wp:term":[{"taxonomy":"category","embeddable":true,"href":"https:\/\/www.europesays.com\/es\/wp-json\/wp\/v2\/categories?post=55687"},{"taxonomy":"post_tag","embeddable":true,"href":"https:\/\/www.europesays.com\/es\/wp-json\/wp\/v2\/tags?post=55687"}],"curies":[{"name":"wp","href":"https:\/\/api.w.org\/{rel}","templated":true}]}}