{"id":556873,"date":"2026-05-18T01:43:11","date_gmt":"2026-05-18T01:43:11","guid":{"rendered":"https:\/\/www.europesays.com\/es\/556873\/"},"modified":"2026-05-18T01:43:11","modified_gmt":"2026-05-18T01:43:11","slug":"ocho-personas-heridas-en-un-aparatoso-accidente-en-san-blas-entre-un-vtc-un-turismo-y-un-coche-patrulla-noticias-de-madrid","status":"publish","type":"post","link":"https:\/\/www.europesays.com\/es\/556873\/","title":{"rendered":"Ocho personas heridas en un aparatoso accidente en San Blas entre un VTC, un turismo y un coche patrulla | Noticias de Madrid"},"content":{"rendered":"<p class=\"\">Ocho personas han resultado heridas este domingo en un aparatoso<a href=\"https:\/\/elpais.com\/noticias\/accidentes-trafico\/\" target=\"_self\" rel=\"nofollow noopener\" title=\"https:\/\/elpais.com\/noticias\/accidentes-trafico\/\"> accidente de tr\u00e1fico<\/a> ocurrido en la confluencia de la calla Alcal\u00e1 con Miguel Yuste, en el distrito de San Blas, en un cruce regulado por sem\u00e1foros. Se han visto implicados un veh\u00edculo VTC, un turismo y un coche patrulla de la Polic\u00eda Nacional. Hasta el lugar del siniestro, ocurrido a las 16.30, se han desplazado efectivos de bomberos del Ayuntamiento de Madrid, que han rescatado del interior del coche a la conductora, adem\u00e1s de asegurar el resto de veh\u00edculos implicados, seg\u00fan Emergencias.<\/p>\n<p class=\"\">Sanitarios de Samur &#8211; Protecci\u00f3n Civil han atendido a los ocho afectados y los han trasladado a distintos hospitales de la capital. La conductora del turismo ha sido llevada a La Paz con pron\u00f3stico potencialmente grave por una posible fractura de cadera. La acompa\u00f1aba otra mujer que no ha requerido asistencia hospitalaria. Por su parte, los dos agentes de la Polic\u00eda Nacional implicados en el accidente han sido atendidos en el Infanta Leonor con magulladuras leves.<\/p>\n<p class=\"\">El conductor del VTC se encuentra en el Ram\u00f3n y Cajal con heridas que no revisten gravedad y contusiones en el costado y en una pierna, adem\u00e1s de un traumatismo en un hombro. Los otros cuatro ocupantes de este veh\u00edculo est\u00e1n en La Princesa con pron\u00f3stico leve. La Polic\u00eda Municipal se ha hecho cargo de la investigaci\u00f3n para esclarecer las circunstancias en las que se produjo el accidente.<\/p>\n","protected":false},"excerpt":{"rendered":"Ocho personas han resultado heridas este domingo en un aparatoso accidente de tr\u00e1fico ocurrido en la confluencia de&hellip;\n","protected":false},"author":2,"featured_media":556874,"comment_status":"","ping_status":"","sticky":false,"template":"","format":"standard","meta":{"footnotes":""},"categories":[8],"tags":[5960,6015,4103,4343,17,18,1558,1467,4978,25,24,13,14,11,11225,19,20,205,9,10,15,16,11739,23,12,21,22],"class_list":["post-556873","post","type-post","status-publish","format-standard","has-post-thumbnail","category-espana","tag-accidentes","tag-accidentes-trafico","tag-ayuntamiento-madrid","tag-bomberos","tag-breaking-news","tag-breakingnews","tag-coches","tag-comunidad-de-madrid","tag-emergencias","tag-es","tag-espana","tag-featured-news","tag-featurednews","tag-headlines","tag-heridos","tag-latest-news","tag-latestnews","tag-madrid","tag-news","tag-noticias","tag-noticias-destacadas","tag-noticiasdestacadas","tag-policia-nacional","tag-spain","tag-titulares","tag-ultimas-noticias","tag-ultimasnoticias"],"share_on_mastodon":{"url":"https:\/\/pubeurope.com\/@es\/116593046773792460","error":""},"_links":{"self":[{"href":"https:\/\/www.europesays.com\/es\/wp-json\/wp\/v2\/posts\/556873","targetHints":{"allow":["GET"]}}],"collection":[{"href":"https:\/\/www.europesays.com\/es\/wp-json\/wp\/v2\/posts"}],"about":[{"href":"https:\/\/www.europesays.com\/es\/wp-json\/wp\/v2\/types\/post"}],"author":[{"embeddable":true,"href":"https:\/\/www.europesays.com\/es\/wp-json\/wp\/v2\/users\/2"}],"replies":[{"embeddable":true,"href":"https:\/\/www.europesays.com\/es\/wp-json\/wp\/v2\/comments?post=556873"}],"version-history":[{"count":0,"href":"https:\/\/www.europesays.com\/es\/wp-json\/wp\/v2\/posts\/556873\/revisions"}],"wp:featuredmedia":[{"embeddable":true,"href":"https:\/\/www.europesays.com\/es\/wp-json\/wp\/v2\/media\/556874"}],"wp:attachment":[{"href":"https:\/\/www.europesays.com\/es\/wp-json\/wp\/v2\/media?parent=556873"}],"wp:term":[{"taxonomy":"category","embeddable":true,"href":"https:\/\/www.europesays.com\/es\/wp-json\/wp\/v2\/categories?post=556873"},{"taxonomy":"post_tag","embeddable":true,"href":"https:\/\/www.europesays.com\/es\/wp-json\/wp\/v2\/tags?post=556873"}],"curies":[{"name":"wp","href":"https:\/\/api.w.org\/{rel}","templated":true}]}}