{"id":558083,"date":"2026-05-18T18:40:15","date_gmt":"2026-05-18T18:40:15","guid":{"rendered":"https:\/\/www.europesays.com\/es\/558083\/"},"modified":"2026-05-18T18:40:15","modified_gmt":"2026-05-18T18:40:15","slug":"el-estado-de-salud-de-alex-marquez-despues-del-terrible-accidente-en-el-motogp-de-montmelo","status":"publish","type":"post","link":"https:\/\/www.europesays.com\/es\/558083\/","title":{"rendered":"El estado de salud de Alex M\u00e1rquez despu\u00e9s del terrible accidente en el MotoGP de Montmel\u00f3"},"content":{"rendered":"<p class=\"mb-4 text-lg md:leading-8 break-words\">El \u00faltimo fin de semana, el MotoGP no fue noticia tanto por lo deportivo, sino, <a href=\"https:\/\/www.lanacion.com.ar\/deportes\/motociclismo\/el-grave-accidente-de-alex-marquez-en-el-motogp-de-catalunya-sufrio-una-dura-caida-y-la-carrera-fue-nid17052026\/\" rel=\"nofollow noopener\" target=\"_blank\" data-ylk=\"elm:link;elmt:article_link;slk:por el grave accidente sufrido por \u00c1lex M\u00e1rquez en el Gran Premio de Catalunya, en Montmel\u00f3.;itc:0;sec:content-canvas\" data-yga=\"{&quot;yLinkElement&quot;:&quot;context_link&quot;,&quot;yModuleName&quot;:&quot;content-canvas&quot;,&quot;yLinkText&quot;:&quot;por el grave accidente sufrido por \u00c1lex M\u00e1rquez en el Gran Premio de Catalunya, en Montmel\u00f3.&quot;}\" class=\"link \">por el grave accidente sufrido por \u00c1lex M\u00e1rquez en el Gran Premio de Catalunya, en Montmel\u00f3.<\/a> Se sucedieron momentos de tensi\u00f3n: tras ser llevado en ambulancia al centro m\u00e9dico, el motociclista espa\u00f1ol fue trasladado al <b>Hospital Universitari General de Catalunya<\/b>, en Sant Cugat. All\u00ed, tras las pertinentes pruebas, se le diagnostic\u00f3 una <b>fractura leve de la v\u00e9rtebra C7 y una fractura, m\u00e1s grave, de la clav\u00edcula derecha<\/b>. Pero lo peor ya pas\u00f3.<\/p>\n<p class=\"mb-4 text-lg md:leading-8 break-words\">La secuencia se hab\u00eda desencadenado cuando Pedro Acosta, que encabezaba la carrera, sufri\u00f3 la rotura de su neum\u00e1tico trasero en plena recta entre las curvas 9 y 10, mientras rodaba a unos 200 km\/h.<\/p>\n<p class=\"mb-4 text-lg md:leading-8 break-words\">Detr\u00e1s suyo circulaba M\u00e1rquez, que no pudo evitar el impacto y choc\u00f3 con violencia. Como consecuencia, el piloto espa\u00f1ol se sali\u00f3 de la pista a muy alta velocidad y <b>cay\u00f3 de espaldas con dureza, en una acci\u00f3n que gener\u00f3 inmediata alarma.<\/b> La bandera roja se despleg\u00f3 de inmediato y una ambulancia ingres\u00f3 al circuito. Unos diez minutos despu\u00e9s del accidente, M\u00e1rquez fue evacuado. Minutos m\u00e1s tarde, <b>el campeonato confirm\u00f3 que el piloto hab\u00eda sido trasladado a un hospital de Barcelona.<\/b><\/p>\n<p class=\"mb-4 text-lg md:leading-8 break-words\">Ya este lunes, el propio \u00c1lex busc\u00f3 tranquilizar a todo el mundo con un mensaje en las redes sociales, antes de ser intervenido. \u00ab<b>\u00a1Todo controlado! <\/b>Toca pasar por quir\u00f3fano esta noche, pero no podr\u00eda estar en mejores manos. <b>Much\u00edsimas gracias a todos por preocuparos y por los mensajes de cari\u00f1o que estoy recibiendo<\/b>\u201c, mencion\u00f3 el corredor de Gresini.<\/p>\n<p class=\"mb-4 text-lg md:leading-8 break-words\">Ya este lunes, un tuit oficial del equipo, explic\u00f3: \u201c\u00c1lex M\u00e1rquez se someti\u00f3 exitosamente a una cirug\u00eda anoche por una fractura de su clav\u00edcula derecha, que fue estabilizada con la inserci\u00f3n de una placa, por Anna Carreras, David Benito y Paula Barrag\u00e1n en el Hospital General de Catalunya. Saldr\u00e1 del hospital m\u00e1s tarde esta tarde\u201d.<\/p>\n<p class=\"mb-4 text-lg md:leading-8 break-words\">Ayer, el triunfo qued\u00f3 para Fabio Di Giannantonio, pero no se olvid\u00f3 del infortunio de M\u00e1rquez y de otros accidentes que hubo en la carrera, que motivaron a una segunda bandera roja. <b>\u201cEstoy muy feliz, pero estaba muy preocupado por todos los pilotos que se han ca\u00eddo, no ha sido un d\u00eda f\u00e1cil\u201d, <\/b>coment\u00f3 el vencedor del d\u00eda al bajarse de la moto. \u201cEspero que Alex se encuentre bien. Intentamos dar espect\u00e1culo, pero somos humanos\u201d, mencion\u00f3 el italiano Giannantonio.<\/p>\n<p class=\"mb-4 text-lg md:leading-8 break-words\">En las palabras finales, el vencedor en Montmel\u00f3 tambi\u00e9n hac\u00eda referencia a lo que sucedi\u00f3 cuando se reanud\u00f3 la carrera con una segunda salida en la que hubo otro grave incidente. <b>Zarco <\/b>toc\u00f3 por detr\u00e1s a Marini y al caer el cuerpo del franc\u00e9s se enganch\u00f3 con la Ducati de Bagnaia. As\u00ed, lleg\u00f3 una n<b>ueva bandera roja y m\u00e1s ambulancias<\/b>. El galo tambi\u00e9n fue trasladado al centro hospitalario y se conoci\u00f3 que tuvo sufri\u00f3 <b>una fractura en el peron\u00e9 izquierdo y los ligamentos de la rodilla izquierda desgarrados<\/b>.<\/p>\n","protected":false},"excerpt":{"rendered":"El \u00faltimo fin de semana, el MotoGP no fue noticia tanto por lo deportivo, sino, por el grave&hellip;\n","protected":false},"author":2,"featured_media":558084,"comment_status":"","ping_status":"","sticky":false,"template":"","format":"standard","meta":{"footnotes":""},"categories":[93],"tags":[22855,168,25,24,107854,107856,6660,107855,23,167],"class_list":["post-558083","post","type-post","status-publish","format-standard","has-post-thumbnail","category-deportes","tag-alex-marquez","tag-deportes","tag-es","tag-espana","tag-gran-premio-de-catalunya","tag-hospital-general-de-catalunya","tag-montmelo","tag-paula-barragan","tag-spain","tag-sports"],"share_on_mastodon":{"url":"https:\/\/pubeurope.com\/@es\/116597045727548454","error":""},"_links":{"self":[{"href":"https:\/\/www.europesays.com\/es\/wp-json\/wp\/v2\/posts\/558083","targetHints":{"allow":["GET"]}}],"collection":[{"href":"https:\/\/www.europesays.com\/es\/wp-json\/wp\/v2\/posts"}],"about":[{"href":"https:\/\/www.europesays.com\/es\/wp-json\/wp\/v2\/types\/post"}],"author":[{"embeddable":true,"href":"https:\/\/www.europesays.com\/es\/wp-json\/wp\/v2\/users\/2"}],"replies":[{"embeddable":true,"href":"https:\/\/www.europesays.com\/es\/wp-json\/wp\/v2\/comments?post=558083"}],"version-history":[{"count":0,"href":"https:\/\/www.europesays.com\/es\/wp-json\/wp\/v2\/posts\/558083\/revisions"}],"wp:featuredmedia":[{"embeddable":true,"href":"https:\/\/www.europesays.com\/es\/wp-json\/wp\/v2\/media\/558084"}],"wp:attachment":[{"href":"https:\/\/www.europesays.com\/es\/wp-json\/wp\/v2\/media?parent=558083"}],"wp:term":[{"taxonomy":"category","embeddable":true,"href":"https:\/\/www.europesays.com\/es\/wp-json\/wp\/v2\/categories?post=558083"},{"taxonomy":"post_tag","embeddable":true,"href":"https:\/\/www.europesays.com\/es\/wp-json\/wp\/v2\/tags?post=558083"}],"curies":[{"name":"wp","href":"https:\/\/api.w.org\/{rel}","templated":true}]}}