{"id":558141,"date":"2026-05-18T19:25:11","date_gmt":"2026-05-18T19:25:11","guid":{"rendered":"https:\/\/www.europesays.com\/es\/558141\/"},"modified":"2026-05-18T19:25:11","modified_gmt":"2026-05-18T19:25:11","slug":"el-villano-de-man-of-tomorrow-aborda-como-es-su-papel-de-brainiac-en-la-secuela-de-superman","status":"publish","type":"post","link":"https:\/\/www.europesays.com\/es\/558141\/","title":{"rendered":"El villano de Man of Tomorrow aborda c\u00f3mo es su papel de Brainiac en la secuela de Superman"},"content":{"rendered":"<p class=\"c-paragraph\">El pr\u00f3ximo a\u00f1o llegar\u00e1 a los cines <a href=\"https:\/\/www.hobbyconsolas.com\/hobbycine\/secuela-superman-man-of-tomorrow-comparte-un-primer-adelanto-desde-set-rodaje_6960575_0.html\" title=\"La secuela de Superman, Man of Tomorrow, comparte un primer adelanto desde el set de rodaje\" rel=\"nofollow noopener\" target=\"_blank\">Man of Tomorrow<\/a>, <b>pel\u00edcula<\/b> secuela de\u00a0<a href=\"https:\/\/www.hobbyconsolas.com\/reviews\/critica-superman-pelicula-james-gunn-propone-edificar-nuevo-universo-dc-1472018\" title=\"Cr\u00edtica de Superman, la pel\u00edcula sobre la que James Gunn se propone edificar su nuevo Universo DC\" rel=\"nofollow noopener\" target=\"_blank\">Superman<\/a>\u00a0con la que <b>James Gunn<\/b> contin\u00faa construyendo el nuevo Universo DC junto a Peter Safran.<\/p>\n<p class=\"c-paragraph\">De nuevo con Gunn tras las c\u00e1maras, la cinta trae de vuelta a <b>David Corenswet<\/b> como el Hombre de Acero, acompa\u00f1ado de <b>Rachel Brosnahan<\/b> como Lois Lane y <b>Nicholas Hoult<\/b> como el villano Lex Luthor.<\/p>\n<p class=\"c-paragraph\">Pero esta entrega contar\u00e1 con un enemigo mucho m\u00e1s peligroso, <a href=\"https:\/\/www.hobbyconsolas.com\/hobbycine\/man-of-tomorrow-james-gunn-por-fin-encuentra-su-brainiac-despues-una-busqueda-mundial_6913216_0.html\" title=\"Man of Tomorrow de James Gunn por fin encuentra a su Brainiac despu\u00e9s de una \u201cb\u00fasqueda mundial\u201d\" rel=\"nofollow noopener\" target=\"_blank\">Brainiac<\/a> (interpretado por <a href=\"https:\/\/www.hobbyconsolas.com\/hobbycine\/actores-que-hicieron-poner-cara-loco-todo-un-arte-jack-nicholson-maestro-nicolas-cage_6917516_0.html\" title=\"Actores que hicieron de poner &quot;cara de loco&quot; todo un arte: de Jack Nicholson al maestro Nicolas Cage\" rel=\"nofollow noopener\" target=\"_blank\">Lars Eidinger<\/a>),\u00a0<b><b>un androide extraterrestre que recopila todo el conocimiento que puede del cosmos, destruyendo los lugares de donde proviene para hacerlo m\u00e1s valioso<\/b><\/b>.<\/p>\n<p class=\"c-paragraph\">Debido a ello, Superman se ve obligado a aunar fuerzas con Lex Luthor para poder detener a esta nueva y peligrosa amenaza.<\/p>\n<p>Lars Eidinger aborda su papel de Brainiac en Man of Tomorrow<\/p>\n<p class=\"c-paragraph\">Durante una entrevista para <a href=\"https:\/\/www.hollywoodreporter.com\/movies\/movie-news\/lars-eidinger-interview-the-man-who-plays-monsters-1236597718\/\" rel=\"nofollow noreferrer noopener\" title=\"The Hollywood Reporter\" target=\"_blank\">The Hollywood Reporter<\/a>, Lars Eidinger rompi\u00f3 su silencio sobre su papel como villano en la secuela de <b>Superman<\/b>.<\/p>\n<p class=\"c-paragraph\">Aunque es m\u00e1s conocido por sus dramas y obras de teatro, Eidinger explic\u00f3 que adentrarse en un g\u00e9nero completamente nuevo le result\u00f3 muy natural al unirse al elenco de Man of Tomorrow.<\/p>\n<p class=\"c-paragraph\">A pesar del gran cambio, Eidinger afirm\u00f3 que no ve las pel\u00edculas de superh\u00e9roes muy diferentes de su trabajo habitual, y reconoce que su experiencia teatral le ha ayudado a meterse en el nuevo Universo DC de <a href=\"https:\/\/www.hobbyconsolas.com\/hobbycine\/daredevil-superman-matthew-lillard-se-une-elenco-man-of-tomorrow-proxima-pelicula-james-gunn_6967740_0.html\" title=\"De Daredevil a Superman: Matthew Lillard se une al elenco de Man of Tomorrow, la pr\u00f3xima pel\u00edcula de James Gunn\" rel=\"nofollow noopener\" target=\"_blank\">James Gunn<\/a> y Peter Safran.<\/p>\n<p class=\"c-paragraph\">\u00abS\u00ed, <b>la calidad teatral me ha ayudado enormemente en el contexto de Superman, porque implica un registro interpretativo diferente, uno que no es principalmente realista y permite un estilo mucho m\u00e1s expresivo<\/b>.<\/p>\n<p class=\"c-paragraph\">Cuando veo una <a href=\"https:\/\/www.hobbyconsolas.com\/listas\/peliculas-superheroes-cuyo-rodaje-fue-infierno-pero-salieron-adelante-bien-mal-1428668\" title=\"Pel\u00edculas de superh\u00e9roes cuyo rodaje fue un infierno, pero salieron adelante, para bien o para mal\" rel=\"nofollow noopener\" target=\"_blank\">pel\u00edcula<\/a> como\u00a0Guardianes de la Galaxia\u00a0de James Gunn, encuentro que tiene una gran calidad teatral, en el tratamiento del bien y el mal, y en cierta tendencia a la alegor\u00eda. <b>Brainiac es descrito como la encarnaci\u00f3n de Satan\u00e1s. Me parece casi shakesperiano<\/b>. El rey, el buf\u00f3n&#8230; hay tantos paralelismos para m\u00ed\u00bb, comparti\u00f3.<\/p>\n<p class=\"c-paragraph\">Man of Tomorrow se estrena en las salas de cine el <b>9 de julio de 2027<\/b>. \u00bfTienes curiosidad por ver c\u00f3mo ha elaborado Lars Eidinger su papel de Brainiac en la secuela de Superman?<\/p>\n","protected":false},"excerpt":{"rendered":"El pr\u00f3ximo a\u00f1o llegar\u00e1 a los cines Man of Tomorrow, pel\u00edcula secuela de\u00a0Superman\u00a0con la que James Gunn contin\u00faa&hellip;\n","protected":false},"author":2,"featured_media":290544,"comment_status":"","ping_status":"","sticky":false,"template":"","format":"standard","meta":{"footnotes":""},"categories":[169],"tags":[46019,177,146,147,25,24,176,3773,175,31998,23,90974,14555],"class_list":["post-558141","post","type-post","status-publish","format-standard","has-post-thumbnail","category-cine","tag-aborda","tag-cine","tag-entertainment","tag-entretenimiento","tag-es","tag-espana","tag-film","tag-man","tag-movies","tag-of","tag-spain","tag-tomorrow","tag-villano"],"share_on_mastodon":{"url":"https:\/\/pubeurope.com\/@es\/116597222914670301","error":""},"_links":{"self":[{"href":"https:\/\/www.europesays.com\/es\/wp-json\/wp\/v2\/posts\/558141","targetHints":{"allow":["GET"]}}],"collection":[{"href":"https:\/\/www.europesays.com\/es\/wp-json\/wp\/v2\/posts"}],"about":[{"href":"https:\/\/www.europesays.com\/es\/wp-json\/wp\/v2\/types\/post"}],"author":[{"embeddable":true,"href":"https:\/\/www.europesays.com\/es\/wp-json\/wp\/v2\/users\/2"}],"replies":[{"embeddable":true,"href":"https:\/\/www.europesays.com\/es\/wp-json\/wp\/v2\/comments?post=558141"}],"version-history":[{"count":0,"href":"https:\/\/www.europesays.com\/es\/wp-json\/wp\/v2\/posts\/558141\/revisions"}],"wp:featuredmedia":[{"embeddable":true,"href":"https:\/\/www.europesays.com\/es\/wp-json\/wp\/v2\/media\/290544"}],"wp:attachment":[{"href":"https:\/\/www.europesays.com\/es\/wp-json\/wp\/v2\/media?parent=558141"}],"wp:term":[{"taxonomy":"category","embeddable":true,"href":"https:\/\/www.europesays.com\/es\/wp-json\/wp\/v2\/categories?post=558141"},{"taxonomy":"post_tag","embeddable":true,"href":"https:\/\/www.europesays.com\/es\/wp-json\/wp\/v2\/tags?post=558141"}],"curies":[{"name":"wp","href":"https:\/\/api.w.org\/{rel}","templated":true}]}}