{"id":558313,"date":"2026-05-18T21:36:23","date_gmt":"2026-05-18T21:36:23","guid":{"rendered":"https:\/\/www.europesays.com\/es\/558313\/"},"modified":"2026-05-18T21:36:23","modified_gmt":"2026-05-18T21:36:23","slug":"la-confesion-de-serena-williams-nunca-deje-a-mi-hija-sola-mas-de-24-horas-hasta-que-cumplio-6-anos","status":"publish","type":"post","link":"https:\/\/www.europesays.com\/es\/558313\/","title":{"rendered":"La confesi\u00f3n de Serena Williams: \u201cNunca dej\u00e9 a mi hija sola m\u00e1s de 24 horas hasta que cumpli\u00f3 6 a\u00f1os\u201d"},"content":{"rendered":"<p class=\"has-dropcap body dropcap\">Desde que <strong>fue madre<\/strong> por primera vez en 2017, la rutina de <a href=\"https:\/\/www.revistavanityfair.es\/articulos\/serena-williams-tenista-exitos-vida-premio-princesa-asturias-deportes\" rel=\"nofollow noopener\" target=\"_blank\">Serena Williams<\/a> \u2013hasta entonces repleta de entrenamientos y competiciones\u2013 ha cambiado radicalmente. La <strong>poseedora de 23 t\u00edtulos de Grand Slam<\/strong> ha dicho en varias ocasiones que ha revisado por completo sus prioridades desde que llegaron a su vida <strong>Alexis Olympia Ohanian Jr. y Adira River<\/strong>, que tuvo con su <strong>marido, el empresario Alexis Ohanian<\/strong>.<\/p>\n<p>Ha sido un cambio profundo y que ha conllevado decisiones concretas, relatadas recientemente durante el podcast IMO de <strong>Michelle Obama y Craig Robinson<\/strong>. \u00abSi tengo que hacer algo, nunca me voy m\u00e1s de 24 horas. Nunca\u00bb, dijo la estrella del tenis a los micr\u00f3fonos del programa, y a\u00f1adi\u00f3: <strong>\u00abNunca dej\u00e9 sola a Olympia durante 24 horas hasta que tuvo seis a\u00f1os<\/strong>\u00ab.<\/p>\n<p>Anticip\u00e1ndose a las posibles cr\u00edticas de los muchos que podr\u00edan juzgar la decisi\u00f3n como exagerada y extrema, Serena Williams dijo que su forma de actuar formaba simplemente parte de su naturaleza como madre, y de su <strong>deseo de no delegar en otros la crianza de sus hijas<\/strong>. \u00abSoy una persona que cr\u00eda a sus hijas, les ense\u00f1o c\u00f3mo quiero que vivan y c\u00f3mo quiero que sean. Trato de estar lo m\u00e1s posible todos los d\u00edas porque siento que son lo m\u00e1s importante para m\u00ed, siento que me necesitan y que tienen que estar seguras de que quiero criarlas de la mejor manera\u00bb.<\/p>\n<p>Durante a\u00f1os dedicada por completo al tenis \u2013al que se rumorea que est\u00e1 dispuesta a volver tras retirarse al t\u00e9rmino del US Open 2022\u2013, desde que se convirti\u00f3 en madre ha afrontado su nuevo papel con dedicaci\u00f3n, pero <strong>sin esquemas r\u00edgidos<\/strong>, a diferencia de su hermana Venus, m\u00e1s precisa y met\u00f3dica en todos los \u00e1mbitos de la vida. \u00abVenus es una planificadora, lo apunta todo, mientras que yo soy un poco m\u00e1s instintiva, incluso con mis hijas. Por supuesto, tengo ideas educativas para ellas, pero no una filosof\u00eda detallada, simplemente intento dar lo mejor de m\u00ed y estar presente\u00bb.<\/p>\n<p>Como lo estuvieron para ella <strong>sus padres, Richard Williams y <a href=\"https:\/\/www.revistavanityfair.es\/articulos\/oracene-price-la-madre-de-serena-y-venus-williams-tragica-perdida-de-su-primera-hija\" rel=\"nofollow noopener\" target=\"_blank\">Oracene Price<\/a><\/strong>. \u00abEstoy muy agradecida a mis padres y a la forma en que nos educaron y simplemente eleg\u00ed y apliqu\u00e9 algunas de las ense\u00f1anzas que nos transmitieron, sobre todo las de mi madre\u00bb.<\/p>\n<p>El deseo de no separarse m\u00e1s de un d\u00eda, si es posible, es probablemente tambi\u00e9n el resultado de un episodio que caus\u00f3 un gran dolor a Serena, el hecho de <a href=\"https:\/\/www.vanityfair.it\/people\/family-vip\/2018\/07\/08\/mamma-serena-williams-primo-passo-figlia-wimbledon\" target=\"_blank\" rel=\"nofollow noopener\">haberse perdido el primer paso de su hija Alexis Olympia<\/a>, ocurrida cuando se entrenaba para Wimbledon. \u00abLlor\u00e9\u00bb, dijo.<\/p>\n<p>La <strong>ni\u00f1a naci\u00f3 por ces\u00e1rea de urgencia<\/strong>. Para la madre, el puerperio fue un infierno, como cont\u00f3 en una entrevista a Vogue. Debido a la posibilidad de sufrir co\u00e1gulos de sangre, que pueden crear bloqueos en el sistema circulatorio, la atleta tomaba regularmente anticoagulantes, que sin embargo tuvo que suspender para que la herida de la ces\u00e1rea cicatrizara. Esto hab\u00eda provocado la <strong>formaci\u00f3n de co\u00e1gulos en los pulmones<\/strong>. La deportista sufri\u00f3 adem\u00e1s la <strong>reapertura de la herida de la ces\u00e1rea, una embolia pulmonar y un hematoma en el abdomen.<\/strong> Un calvario que no s\u00f3lo puso en peligro su vida, sino que tambi\u00e9n pes\u00f3 psicol\u00f3gicamente sobre ella en un momento de la vida que para muchas mujeres ya se caracteriza por una gran <strong>fragilidad<\/strong>. \u201cNadie te habla de los momentos de abatimiento, cuando el beb\u00e9 llora y te enfadas y luego te pones triste porque te has enfadado y te sientes culpable de todo. Te preguntas: &#8216;\u00bfPor qu\u00e9 estoy tan triste ahora que tengo un beb\u00e9 tan bonito?\u201d<\/p>\n","protected":false},"excerpt":{"rendered":"Desde que fue madre por primera vez en 2017, la rutina de Serena Williams \u2013hasta entonces repleta de&hellip;\n","protected":false},"author":2,"featured_media":558314,"comment_status":"","ping_status":"","sticky":false,"template":"","format":"standard","meta":{"footnotes":""},"categories":[274],"tags":[255,168,33065,25,24,23,167,327,326,8373],"class_list":["post-558313","post","type-post","status-publish","format-standard","has-post-thumbnail","category-tenis","tag-celebrities","tag-deportes","tag-digital_syndication","tag-es","tag-espana","tag-spain","tag-sports","tag-tenis","tag-tennis","tag-textaboveleftsmall"],"share_on_mastodon":{"url":"https:\/\/pubeurope.com\/@es\/116597738038002552","error":""},"_links":{"self":[{"href":"https:\/\/www.europesays.com\/es\/wp-json\/wp\/v2\/posts\/558313","targetHints":{"allow":["GET"]}}],"collection":[{"href":"https:\/\/www.europesays.com\/es\/wp-json\/wp\/v2\/posts"}],"about":[{"href":"https:\/\/www.europesays.com\/es\/wp-json\/wp\/v2\/types\/post"}],"author":[{"embeddable":true,"href":"https:\/\/www.europesays.com\/es\/wp-json\/wp\/v2\/users\/2"}],"replies":[{"embeddable":true,"href":"https:\/\/www.europesays.com\/es\/wp-json\/wp\/v2\/comments?post=558313"}],"version-history":[{"count":0,"href":"https:\/\/www.europesays.com\/es\/wp-json\/wp\/v2\/posts\/558313\/revisions"}],"wp:featuredmedia":[{"embeddable":true,"href":"https:\/\/www.europesays.com\/es\/wp-json\/wp\/v2\/media\/558314"}],"wp:attachment":[{"href":"https:\/\/www.europesays.com\/es\/wp-json\/wp\/v2\/media?parent=558313"}],"wp:term":[{"taxonomy":"category","embeddable":true,"href":"https:\/\/www.europesays.com\/es\/wp-json\/wp\/v2\/categories?post=558313"},{"taxonomy":"post_tag","embeddable":true,"href":"https:\/\/www.europesays.com\/es\/wp-json\/wp\/v2\/tags?post=558313"}],"curies":[{"name":"wp","href":"https:\/\/api.w.org\/{rel}","templated":true}]}}