{"id":558620,"date":"2026-05-19T01:45:17","date_gmt":"2026-05-19T01:45:17","guid":{"rendered":"https:\/\/www.europesays.com\/es\/558620\/"},"modified":"2026-05-19T01:45:17","modified_gmt":"2026-05-19T01:45:17","slug":"vox-cree-que-ayuso-deberia-tomar-nota-de-andalucia-y-el-psoe-m-que-lopez-no-es-montero-cada-eleccion-es-un-mundo","status":"publish","type":"post","link":"https:\/\/www.europesays.com\/es\/558620\/","title":{"rendered":"Vox cree que \u00abAyuso deber\u00eda tomar nota\u00bb de Andaluc\u00eda y el PSOE-M, que L\u00f3pez no es Montero: \u00abCada elecci\u00f3n es un mundo\u00bb"},"content":{"rendered":"<p>Las elecciones andaluzas irrumpieron este lunes en la pol\u00edtica madrile\u00f1a como una advertencia, un espejo y tambi\u00e9n como un campo de batalla interpretativo. No eran unos comicios m\u00e1s. Han sido las \u00faltimas urnas antes del ciclo decisivo que desembocar\u00e1 en las auton\u00f3micas y municipales de la primavera de 2027; han dejado adem\u00e1s el hundimiento de una exministra de Pedro S\u00e1nchez al frente del PSOE andaluz, con el peor resultado de su historia en la comunidad; y han vuelto a colocar frente a frente dos modelos dentro del PP: el de<a href=\"https:\/\/www.libertaddigital.com\/personajes\/juan-manuel-moreno\/\" rel=\"nofollow noopener\" target=\"_blank\"> <strong>Juanma Moreno<\/strong><\/a> y el de <a href=\"https:\/\/www.libertaddigital.com\/personajes\/isabel-diaz-ayuso\/\" rel=\"nofollow noopener\" target=\"_blank\"><strong>Isabel D\u00edaz Ayuso<\/strong><\/a>, a quien muchos consideran su reverso pol\u00edtico.<\/p>\n<p>Con ese tel\u00f3n de fondo, la tradicional rueda de prensa de los lunes en la Asamblea de Madrid qued\u00f3 monopolizada por la lectura de los resultados andaluces y, sobre todo, por su posible traslaci\u00f3n a la pol\u00edtica madrile\u00f1a.<\/p>\n<p>La primera en tomar la palabra fue la portavoz de Vox, <strong>Isabel P\u00e9rez Mo\u00f1ino<\/strong>, convencida de que lo ocurrido en Andaluc\u00eda anticipa tambi\u00e9n el futuro de Ayuso. A su juicio, la presidenta madrile\u00f1a perder\u00e1 la mayor\u00eda absoluta y terminar\u00e1 dependiendo de Vox para gobernar.<\/p>\n<p>\u00ab<strong>Ayuso deber\u00eda tomar nota porque Madrid no es una burbuja<\/strong>, no va a ser una excepci\u00f3n eterna, aunque algunos vivan convencidos de que las mayor\u00edas absolutas son indefinidas y Andaluc\u00eda es el mejor ejemplo\u00bb, afirm\u00f3 la dirigente de Vox. \u00ab<strong>Vox es inevitable, y la prioridad nacional es una realidad<\/strong>\u00ab, a\u00f1adi\u00f3 antes de rematar: \u00abNo solo condiciona el debate, condicionamos tambi\u00e9n los gobiernos\u00bb.<\/p>\n<p>Sin citarlo expresamente, Mo\u00f1ino aprovech\u00f3 adem\u00e1s para desacreditar el sondeo publicado por El Mundo el pasado 2 de mayo \u2014coincidiendo con el D\u00eda de la Comunidad de Madrid\u2014 que otorgaba mayor\u00eda absoluta al PP de Ayuso pese a una ligera p\u00e9rdida de esca\u00f1os. \u00abEl sentido com\u00fan est\u00e1 recorriendo Espa\u00f1a. Pese a esas encuestas financiadas por el Partido Popular, que auguraban una mayor\u00eda absoluta para el se\u00f1or Moreno, hoy hemos visto que los espa\u00f1oles quieren m\u00e1s Vox, que los espa\u00f1oles quieren m\u00e1s sentido com\u00fan, que los espa\u00f1oles quieren prioridad nacional\u00bb, sostuvo. Todo ello pese a que el PP andaluz logr\u00f3 el 41,6% de los votos, muy por encima del 13,8% obtenido por el partido de<a href=\"https:\/\/www.libertaddigital.com\/personajes\/santiago-abascal\/\" rel=\"nofollow noopener\" target=\"_blank\"><strong> Santiago Abascal<\/strong><\/a>.<\/p>\n<p>Muy distinta fue la estrategia del PSOE madrile\u00f1o. Su portavoz, <strong>Mar Espinar<\/strong>, evit\u00f3 durante su intervenci\u00f3n cualquier referencia a Andaluc\u00eda y centr\u00f3 sus cr\u00edticas en el reciente viaje institucional de Ayuso a M\u00e9xico. Solo respondi\u00f3 sobre esta cuesti\u00f3n a preguntas de los periodistas, y lo hizo para rechazar cualquier paralelismo entre ambos territorios.<\/p>\n<p>\u00abYo creo que si algo hemos aprendido es que cada elecci\u00f3n es cada elecci\u00f3n\u00bb, defendi\u00f3 Espinar, que reivindic\u00f3 el trabajo de<a href=\"https:\/\/www.libertaddigital.com\/personajes\/oscar-lopez\/\" rel=\"nofollow noopener\" target=\"_blank\"><strong> \u00d3scar L\u00f3pez <\/strong><\/a>en Madrid frente a la campa\u00f1a desarrollada por <a href=\"https:\/\/www.libertaddigital.com\/personajes\/maria-jesus-montero\/\" rel=\"nofollow noopener\" target=\"_blank\"><strong>Mar\u00eda Jes\u00fas Montero<\/strong><\/a> en Andaluc\u00eda. \u00ab<strong>\u00d3scar L\u00f3pez lleva en Madrid m\u00e1s de un a\u00f1o pate\u00e1ndose las calles<\/strong>, pate\u00e1ndose los barrios. Est\u00e1 aqu\u00ed denunciando los desmanes del gobierno de la se\u00f1ora Ayuso. No solo los denuncia, sino que est\u00e1 proponiendo soluciones en sanidad, en vivienda, en universidad\u00bb, asegur\u00f3.<\/p>\n<p>La portavoz socialista insisti\u00f3 despu\u00e9s en esa idea: <strong>\u00abCada elecci\u00f3n es un mundo\u00bb<\/strong>. Y volvi\u00f3 a situar a L\u00f3pez como eje de la alternativa madrile\u00f1a. \u00ab\u00d3scar L\u00f3pez est\u00e1 en Madrid, est\u00e1 pateando las calles, conoce los problemas y est\u00e1 aportando las soluciones para proporcionar ese cambio que los madrile\u00f1os necesitan y que Madrid cada vez clama m\u00e1s a gritos\u00bb.<\/p>\n<p>En M\u00e1s Madrid tambi\u00e9n se opt\u00f3 por una lectura selectiva de la noche andaluza. Su portavoz, <a href=\"https:\/\/www.libertaddigital.com\/personajes\/manuela-bergerot\/\" rel=\"nofollow noopener\" target=\"_blank\"><strong>Manuela Bergerot<\/strong><\/a>, evit\u00f3 entrar en el hecho de que la direcci\u00f3n nacional de su espacio apuesta por otra ministra de Pedro S\u00e1nchez como futura candidata en Madrid. Si finalmente <a href=\"https:\/\/www.libertaddigital.com\/personajes\/monica-garcia\/\" rel=\"nofollow noopener\" target=\"_blank\"><strong>M\u00f3nica Garc\u00eda<\/strong><\/a> se impone en las primarias \u2014como todo apunta\u2014 ser\u00e1 la tercera vez que se enfrente a Ayuso en unas auton\u00f3micas.<\/p>\n<p>Bergerot prefiri\u00f3 fijarse en el resultado de <strong>Adelante Andaluc\u00eda <\/strong>y pasar de puntillas sobre el de <strong>Por Andaluc\u00eda<\/strong>, la coalici\u00f3n integrada en Sumar y espacio pol\u00edtico al que pertenece M\u00e1s Madrid a nivel nacional. \u00abCada vez que hay unas elecciones, el PP queda en manos de Vox. La derecha ha perdido cuatro esca\u00f1os en un contexto de aumento de la participaci\u00f3n y Moreno Bonilla ha perdido la mayor\u00eda absoluta por el empuje de la izquierda andalucista de Adelante Andaluc\u00eda\u00bb, afirm\u00f3.<\/p>\n<p>La dirigente de M\u00e1s Madrid celebr\u00f3 tambi\u00e9n la resistencia de su espacio pol\u00edtico, que mantuvo cinco esca\u00f1os, aunque admiti\u00f3 las limitaciones del conjunto de la izquierda. \u00abLa izquierda avanza pero no lo suficiente. Hay que construir alternativas m\u00e1s fuertes all\u00e1 del PSOE, que es la pata que le est\u00e1 faltando a la izquierda en todo este ciclo de elecciones auton\u00f3micas\u00bb, reconoci\u00f3.<\/p>\n<p>En el PP madrile\u00f1o, sin embargo, la lectura fue radicalmente opuesta. Para los populares, las elecciones andaluzas certifican el desgaste definitivo de<a href=\"https:\/\/www.libertaddigital.com\/personajes\/pedro-sanchez\/\" rel=\"nofollow noopener\" target=\"_blank\"><strong> Pedro S\u00e1nchez<\/strong><\/a> y anticipan un nuevo ciclo favorable al partido de <a href=\"https:\/\/www.libertaddigital.com\/personajes\/alberto-nunez-feijoo\/\" rel=\"nofollow noopener\" target=\"_blank\"><strong>Alberto N\u00fa\u00f1ez Feij\u00f3o<\/strong><\/a>.<\/p>\n<p>\u00ab<strong>Pedro S\u00e1nchez est\u00e1 pol\u00edticamente muerto<\/strong>. Esto es un hecho y est\u00e1 arrastrando al Partido Socialista con \u00e9l\u00bb, proclam\u00f3 el portavoz popular, <strong>Carlos D\u00edaz Pache<\/strong>. \u00abLos datos son demoledores: el Partido Popular pr\u00e1cticamente duplica en esca\u00f1os al segundo clasificado, que es el Partido Socialista, y la mujer m\u00e1s poderosa de la democracia, que hab\u00eda hecho ese ejercicio de extraordinaria generosidad para presentarse a las elecciones andaluzas, obtiene el peor resultado de la historia del Partido Socialista\u00bb, a\u00f1adi\u00f3.<\/p>\n<p>Sobre el horizonte electoral de mayo de 2027 en Madrid, Pache quiso transmitir confianza. \u00ab<strong>Estamos muy tranquilos<\/strong>\u00ab, asegur\u00f3, reivindicando \u00abun trabajo serio y riguroso\u00bb tanto en la Asamblea como en el Gobierno regional de Isabel D\u00edaz Ayuso.<\/p>\n<p>\u00ab<strong>Vamos a dar el todo por el todo este a\u00f1o que queda para llegar con los objetivos cumplidos y con un buen proyecto<\/strong> para los pr\u00f3ximos a\u00f1os para que podamos recabar nuevamente el apoyo de los madrile\u00f1os\u00bb, afirm\u00f3 el portavoz popular. \u00abAs\u00ed ha sido en los \u00faltimos a\u00f1os y as\u00ed ha sido en las \u00faltimas elecciones: hemos tenido un apoyo creciente y, desde luego, llegaremos al mes de mayo de 2027 con la cabeza bien alta del trabajo hecho y con la responsabilidad de ofrecer ese proyecto de futuro a los madrile\u00f1os. Y pasar\u00e1 lo que los madrile\u00f1os digan\u00bb.<\/p>\n","protected":false},"excerpt":{"rendered":"Las elecciones andaluzas irrumpieron este lunes en la pol\u00edtica madrile\u00f1a como una advertencia, un espejo y tambi\u00e9n como&hellip;\n","protected":false},"author":2,"featured_media":558621,"comment_status":"","ping_status":"","sticky":false,"template":"","format":"standard","meta":{"footnotes":""},"categories":[8],"tags":[97400,17,18,25,24,13,14,11,3515,30481,21605,19,20,102605,107936,764,11388,36660,9,10,15,16,30270,107937,18514,23,12,21,22,107938],"class_list":["post-558620","post","type-post","status-publish","format-standard","has-post-thumbnail","category-espana","tag-andaluzas2026","tag-breaking-news","tag-breakingnews","tag-es","tag-espana","tag-featured-news","tag-featurednews","tag-headlines","tag-isabel-diaz-ayuso","tag-isabel-perez-monino","tag-juanma-moreno","tag-latest-news","tag-latestnews","tag-manuela-bergerot","tag-mar-espinar","tag-maria-jesus-montero","tag-mas-madrid","tag-monica-garcia","tag-news","tag-noticias","tag-noticias-destacadas","tag-noticiasdestacadas","tag-oscar-lopez","tag-partido-socialista-de-madrid","tag-pp-madrid","tag-spain","tag-titulares","tag-ultimas-noticias","tag-ultimasnoticias","tag-vox-madrid"],"share_on_mastodon":{"url":"","error":"Validation failed: Text character limit of 500 exceeded"},"_links":{"self":[{"href":"https:\/\/www.europesays.com\/es\/wp-json\/wp\/v2\/posts\/558620","targetHints":{"allow":["GET"]}}],"collection":[{"href":"https:\/\/www.europesays.com\/es\/wp-json\/wp\/v2\/posts"}],"about":[{"href":"https:\/\/www.europesays.com\/es\/wp-json\/wp\/v2\/types\/post"}],"author":[{"embeddable":true,"href":"https:\/\/www.europesays.com\/es\/wp-json\/wp\/v2\/users\/2"}],"replies":[{"embeddable":true,"href":"https:\/\/www.europesays.com\/es\/wp-json\/wp\/v2\/comments?post=558620"}],"version-history":[{"count":0,"href":"https:\/\/www.europesays.com\/es\/wp-json\/wp\/v2\/posts\/558620\/revisions"}],"wp:featuredmedia":[{"embeddable":true,"href":"https:\/\/www.europesays.com\/es\/wp-json\/wp\/v2\/media\/558621"}],"wp:attachment":[{"href":"https:\/\/www.europesays.com\/es\/wp-json\/wp\/v2\/media?parent=558620"}],"wp:term":[{"taxonomy":"category","embeddable":true,"href":"https:\/\/www.europesays.com\/es\/wp-json\/wp\/v2\/categories?post=558620"},{"taxonomy":"post_tag","embeddable":true,"href":"https:\/\/www.europesays.com\/es\/wp-json\/wp\/v2\/tags?post=558620"}],"curies":[{"name":"wp","href":"https:\/\/api.w.org\/{rel}","templated":true}]}}