{"id":558767,"date":"2026-05-19T04:11:17","date_gmt":"2026-05-19T04:11:17","guid":{"rendered":"https:\/\/www.europesays.com\/es\/558767\/"},"modified":"2026-05-19T04:11:17","modified_gmt":"2026-05-19T04:11:17","slug":"pamplona-y-lekunberri-unidos-por-bicicleta-por-la-via-verde-del-plazaola","status":"publish","type":"post","link":"https:\/\/www.europesays.com\/es\/558767\/","title":{"rendered":"Pamplona y Lekunberri, unidos por bicicleta por la V\u00eda Verde del Plazaola"},"content":{"rendered":"<p class=\"paragraph\">El <b>trazado de la V\u00eda Verde del Plazaola<\/b> retomar\u00e1 su antigua funci\u00f3n de uni\u00f3n entre Pamplona y Lekunberri en el recorrido de la desaparecida l\u00ednea ferroviaria que desembocaba en San Sebasti\u00e1n. Ser\u00e1\u00a0 el <b>s\u00e1bado 20 de junio<\/b> cuando se celebre una nueve edici\u00f3n de <b>Ziklotour<\/b>, una marcha cicloturista con dos opciones: salida desde el parque de Trinitarios de Pamplona a las 9.30 horas o desde Irurtzun (12.00 horas) y Latasa (12.30 horas).\u00a0<\/p>\n<p class=\"paragraph\">\u00abTras la experiencia acumulada en los \u00faltimos a\u00f1os -se\u00f1ala el Consorcio Tur\u00edstico del Plazaola en un comunicado-, la evaluaci\u00f3n del programa Ziklotur Plazaola (2024 y 2025) y el trabajo desarrollado por el grupo espec\u00edfico de movilidad ciclista, el Consorcio Tur\u00edstico Plazaola plantea para 2026 una evoluci\u00f3n del programa hacia un modelo anual\u00bb.\u00a0<\/p>\n<p class=\"paragraph\">\u00abEl objetivo -contin\u00faa en su escrito la entidad concertada- es <b>consolidar la bicicleta como elemento central de movilidad sostenible, actividad tur\u00edstica y herramienta de cohesi\u00f3n territorial. <\/b>Ziklotur Plazaola 2026 se presenta como <b>un programa abierto, diverso y equilibrado, pensado tanto para la poblaci\u00f3n local como para quienes visitan el territorio, <\/b>integrando distintos usos, modalidades y perfiles ciclistas durante todo el a\u00f1o\u00bb.<\/p>\n<p class=\"paragraph\"><b>INSCRIPCIONES\u00a0<\/b><\/p>\n<p class=\"paragraph\">Para m\u00e1s informaci\u00f3n e inscripciones:\u00a0 <b>https:\/\/plazaola.eus\/ziklotur-plazaola-2026\/\u00a0<\/b><\/p>\n<p class=\"paragraph\">\u00a0https:\/\/inscripcion.kirolprobak.com\/inscripcion\/plazaola-ziklotur-2026- pamplona-irunea-lekunberri\/inscripcion_datos<\/p>\n<p class=\"paragraph\"><b>\u00a0La cuota de inscripci\u00f3n ser\u00e1 de 10 \u20ac.<\/b><\/p>\n<p class=\"paragraph\">Habr\u00e1s servicios adicionales: \u00abTransporte de personas y bicicletas de Lekunberri a Pamplona\/Iru\u00f1a (17:30 h).\u00a0 Informaci\u00f3n sobre restaurantes de la zona para reservar comida: www.plazaola.eus\/dondecomer. Servicio de alquiler de bicicletas convencionales y el\u00e9ctricas: 689 222 475. El plazo de inscripci\u00f3n se ha abierto el 14 de mayo de 2026 a las 09:00 horas y finalizar\u00e1 el 10 de junio de 2026 a las 12:00 horas. Se han previsto 120 plazas para el transporte de esta edici\u00f3n. Por tanto, si hay inter\u00e9s en participar, se aconseja reservar lo antes posible\u00bb.<\/p>\n<p class=\"paragraph\"><b>PLAZAOLA, M\u00c1S ACCESIBLE<\/b><\/p>\n<p class=\"paragraph\">El Consorcio Tur\u00edstico Plazaola pondr\u00e1 en marcha, junto al Ayuntamiento de Imotz, un proyecto piloto de accesibilidad bajo el nombre <b>\u201cPlazaola m\u00e1s accesible \/ Plazaola irisgarriagoa\u201d.<\/b>\u00a0<\/p>\n<p class=\"paragraph\">Seg\u00fan informa el propio consorcio, \u00ab<b>el ayuntamiento de Imotz, ha comprado varios modelos de bicis adaptadas <\/b>dentro del PSTD comarcal que gestiona Cederna-Garalur con los fondos Next Generation EU. Gracias a esta iniciativa, la empresa ED+ ofrecer\u00e1 estas bicicletas adaptadas para facilitar el disfrute de la V\u00eda Verde a m\u00e1s personas. El servicio incluir\u00e1: 1 bicicleta adaptada biplaza. 3 motores auxiliares para sillas de ruedas. Acompa\u00f1amiento con gu\u00eda especializada\u00bb.\u00a0<\/p>\n<p class=\"paragraph\">\u00abEl recorrido adaptado ser\u00e1 el tramo Lekunberri \u2013 Ixkier (Mugiro) \u2013 Lekunberri, con una distancia aproximada de 5 kil\u00f3metros. La actividad tendr\u00e1 una duraci\u00f3n de 60 minutos donde la gu\u00eda especializada ir\u00e1 explicando diversos elementos del entorno, desde la historia del tren, de la formaci\u00f3n k\u00e1rstica de Aralar, el fen\u00f3meno geol\u00f3gico del rio Larraun, etc. Este servicio estar\u00e1 disponible durante todo el a\u00f1o a partir de este evento. Para esta primera jornada piloto, la reserva deber\u00e1 realizarse directamente en la Oficina de Turismo de Lekunberri, Tel\u00e9fono: 639 418 463\u00bb.<\/p>\n","protected":false},"excerpt":{"rendered":"El trazado de la V\u00eda Verde del Plazaola retomar\u00e1 su antigua funci\u00f3n de uni\u00f3n entre Pamplona y Lekunberri&hellip;\n","protected":false},"author":2,"featured_media":558768,"comment_status":"","ping_status":"","sticky":false,"template":"","format":"standard","meta":{"footnotes":""},"categories":[273],"tags":[7560,313,312,168,25,24,99067,1358,23,167,4218,1049],"class_list":["post-558767","post","type-post","status-publish","format-standard","has-post-thumbnail","category-ciclismo","tag-bicicleta","tag-ciclismo","tag-cycling","tag-deportes","tag-es","tag-espana","tag-lekunberri","tag-pamplona","tag-spain","tag-sports","tag-unidos","tag-verde"],"share_on_mastodon":{"url":"https:\/\/pubeurope.com\/@es\/116599290861862690","error":""},"_links":{"self":[{"href":"https:\/\/www.europesays.com\/es\/wp-json\/wp\/v2\/posts\/558767","targetHints":{"allow":["GET"]}}],"collection":[{"href":"https:\/\/www.europesays.com\/es\/wp-json\/wp\/v2\/posts"}],"about":[{"href":"https:\/\/www.europesays.com\/es\/wp-json\/wp\/v2\/types\/post"}],"author":[{"embeddable":true,"href":"https:\/\/www.europesays.com\/es\/wp-json\/wp\/v2\/users\/2"}],"replies":[{"embeddable":true,"href":"https:\/\/www.europesays.com\/es\/wp-json\/wp\/v2\/comments?post=558767"}],"version-history":[{"count":0,"href":"https:\/\/www.europesays.com\/es\/wp-json\/wp\/v2\/posts\/558767\/revisions"}],"wp:featuredmedia":[{"embeddable":true,"href":"https:\/\/www.europesays.com\/es\/wp-json\/wp\/v2\/media\/558768"}],"wp:attachment":[{"href":"https:\/\/www.europesays.com\/es\/wp-json\/wp\/v2\/media?parent=558767"}],"wp:term":[{"taxonomy":"category","embeddable":true,"href":"https:\/\/www.europesays.com\/es\/wp-json\/wp\/v2\/categories?post=558767"},{"taxonomy":"post_tag","embeddable":true,"href":"https:\/\/www.europesays.com\/es\/wp-json\/wp\/v2\/tags?post=558767"}],"curies":[{"name":"wp","href":"https:\/\/api.w.org\/{rel}","templated":true}]}}