{"id":55881,"date":"2025-08-18T14:39:14","date_gmt":"2025-08-18T14:39:14","guid":{"rendered":"https:\/\/www.europesays.com\/es\/55881\/"},"modified":"2025-08-18T14:39:14","modified_gmt":"2025-08-18T14:39:14","slug":"descubre-antes-que-nadie-la-pelicula-13-dias-13-noches-el-pais-para-suscriptores","status":"publish","type":"post","link":"https:\/\/www.europesays.com\/es\/55881\/","title":{"rendered":"Descubre antes que nadie la pel\u00edcula \u201813 d\u00edas, 13 noches\u2019 | EL PA\u00cdS + para suscriptores"},"content":{"rendered":"<p>CINE<\/p>\n<p>Consigue entradas para asistir a los preestrenos en Madrid y Barcelona<img fetchpriority=\"high\" alt=\"Cartel promocional de la pel\u00edcula '13 d\u00edas, 13 noches', que se estrena en cines el 5 de septiembre.\" decoding=\"auto\" class=\"_re  a_m-h\" height=\"233\"  width=\"414\"  src=\"https:\/\/www.europesays.com\/es\/wp-content\/uploads\/2025\/08\/35NIGDGIOFGVTJTSG5ROJABCR4.jpg\" loading=\"eager\"\/>Cartel promocional de la pel\u00edcula &#8217;13 d\u00edas, 13 noches&#8217;, que se estrena en cines el 5 de septiembre.<\/p>\n<p class=\"\">El pr\u00f3ximo 5 de septiembre se estrena en cines <b>13 d\u00edas, 13 noches<\/b>, una trepidante pel\u00edcula de acci\u00f3n basada en hechos reales, que narra el infierno que vivi\u00f3 la ciudad de Kabul en 2021 tras la toma de posesi\u00f3n de los talibanes.<\/p>\n<p class=\"\">Por ser lector de EL PA\u00cdS, puedes verla antes que nadie asistiendo a los preestrenos, que tendr\u00e1n lugar el <b>28 de agosto <\/b>en los cines <b>Cinesa Proyecciones de Madrid y Cinesa Diagonal de Barcelona<\/b>. \u00a1Elige tu ciudad y consigue tus entradas!<\/p>\n<p><b>Sinopsis<\/b><\/p>\n<p class=\"\">Kabul, agosto de 2021. Mientras las tropas estadounidenses se preparan para abandonar el pa\u00eds, los talibanes asaltan la capital y toman el poder. En medio del caos, el comandante Bida intenta garantizar la seguridad de aquellos que se encuentran en el \u00fanico refugio que queda en la ciudad, la embajada francesa. Con cientos de vidas en juego, Bida negocia con los talibanes con el fin de organizar un convoy hacia el aeropuerto. Comienza entonces una carrera contrarreloj para huir del infierno de Kabul antes de que sea demasiado tarde.<\/p>\n<p>M\u00e1s Informaci\u00f3nArchivado EnSi est\u00e1 interesado en licenciar este contenido, pinche <a class=\"a_tp_si_l\" href=\"https:\/\/profesional.elpais.com\/soluciones-sindicacion\/?utm_medium=interno&amp;utm_source=crosslinking&amp;utm_campaign=sindicacion_ep_pie_articulos\" target=\"_blank\" rel=\"noopener noreferrer nofollow\">aqu\u00ed<\/a><\/p>\n","protected":false},"excerpt":{"rendered":"CINE Consigue entradas para asistir a los preestrenos en Madrid y BarcelonaCartel promocional de la pel\u00edcula &#8217;13 d\u00edas,&hellip;\n","protected":false},"author":2,"featured_media":55882,"comment_status":"","ping_status":"","sticky":false,"template":"","format":"standard","meta":{"footnotes":""},"categories":[169],"tags":[177,146,147,25,24,24085,176,24084,175,24083,23],"class_list":{"0":"post-55881","1":"post","2":"type-post","3":"status-publish","4":"format-standard","5":"has-post-thumbnail","7":"category-cine","8":"tag-cine","9":"tag-entertainment","10":"tag-entretenimiento","11":"tag-es","12":"tag-espana","13":"tag-festival-cannes","14":"tag-film","15":"tag-kabul","16":"tag-movies","17":"tag-preestrenos","18":"tag-spain"},"share_on_mastodon":{"url":"","error":""},"_links":{"self":[{"href":"https:\/\/www.europesays.com\/es\/wp-json\/wp\/v2\/posts\/55881","targetHints":{"allow":["GET"]}}],"collection":[{"href":"https:\/\/www.europesays.com\/es\/wp-json\/wp\/v2\/posts"}],"about":[{"href":"https:\/\/www.europesays.com\/es\/wp-json\/wp\/v2\/types\/post"}],"author":[{"embeddable":true,"href":"https:\/\/www.europesays.com\/es\/wp-json\/wp\/v2\/users\/2"}],"replies":[{"embeddable":true,"href":"https:\/\/www.europesays.com\/es\/wp-json\/wp\/v2\/comments?post=55881"}],"version-history":[{"count":0,"href":"https:\/\/www.europesays.com\/es\/wp-json\/wp\/v2\/posts\/55881\/revisions"}],"wp:featuredmedia":[{"embeddable":true,"href":"https:\/\/www.europesays.com\/es\/wp-json\/wp\/v2\/media\/55882"}],"wp:attachment":[{"href":"https:\/\/www.europesays.com\/es\/wp-json\/wp\/v2\/media?parent=55881"}],"wp:term":[{"taxonomy":"category","embeddable":true,"href":"https:\/\/www.europesays.com\/es\/wp-json\/wp\/v2\/categories?post=55881"},{"taxonomy":"post_tag","embeddable":true,"href":"https:\/\/www.europesays.com\/es\/wp-json\/wp\/v2\/tags?post=55881"}],"curies":[{"name":"wp","href":"https:\/\/api.w.org\/{rel}","templated":true}]}}