{"id":558903,"date":"2026-05-19T06:20:11","date_gmt":"2026-05-19T06:20:11","guid":{"rendered":"https:\/\/www.europesays.com\/es\/558903\/"},"modified":"2026-05-19T06:20:11","modified_gmt":"2026-05-19T06:20:11","slug":"nueva-soltera-nuevo-beso-doble-infidelidad-ataman-cae-otra-vez-en-la-isla-de-las-tentaciones-con-una-chica-distinta","status":"publish","type":"post","link":"https:\/\/www.europesays.com\/es\/558903\/","title":{"rendered":"Nueva soltera, nuevo beso, doble infidelidad: Atam\u00e1n cae otra vez en &#8216;La isla de las tentaciones&#8217; con una chica distinta"},"content":{"rendered":"<p class=\"c-paragraph\"><a href=\"https:\/\/www.20minutos.es\/television\/salio-monstruo-ataman-como-respuesta-infidelidad-su-novia-isla-las-tentaciones-tambien-cae_6969153_0.html\" title=\"&quot;Sali\u00f3 el monstruo&quot; de Atam\u00e1n como respuesta a la infidelidad de su novia en &#039;La isla de las tentaciones&#039;: \u00e9l tambi\u00e9n cae\" rel=\"nofollow noopener\" target=\"_blank\">Atam\u00e1n llevaba d\u00edas avanzando con Claudia<\/a> en Villa Monta\u00f1a cuando la producci\u00f3n de <b><a href=\"https:\/\/www.20minutos.es\/tags\/temas\/la-isla-de-las-tentaciones.html\" title=\"La isla de las tentaciones\" rel=\"nofollow noopener\" target=\"_blank\">La isla de las tentaciones<\/a><\/b>\u00a0decidi\u00f3 mover las fichas. Una <b>nueva soltera entraba en la villa<\/b> con capa roja y, al quit\u00e1rsela, dejaba a Atam\u00e1n completamente descolocado. \u00abQu\u00e9 heavy\u00bb, fue lo \u00fanico que acert\u00f3 a decir antes de abrazarla.<\/p>\n<p class=\"c-paragraph\"><b>Irini y Atam\u00e1n se conoc\u00edan de fuera<\/b>. Ella misma explic\u00f3 c\u00f3mo hab\u00eda sido su historia: \u00abSal\u00ed de fiesta, \u00e9l estaba de camarero, fui a pedir la copa y se puso muy nervioso. Me fui a casa y le segu\u00ed, <b>hablamos y quedamos<\/b>\u00ab. El canario reconoci\u00f3 estar \u00abmuy nervioso\u00bb con su llegada y busc\u00f3 el momento para hablar con ella a solas.<\/p>\n<p class=\"c-paragraph\">En esa conversaci\u00f3n, Atam\u00e1n le puso al d\u00eda de todo lo que hab\u00eda vivido en la isla, incluida la infidelidad de Leila. \u00ab<b>Me fall\u00f3, desde la segunda hoguera est\u00e1 con otro<\/b>. Y si quer\u00eda tener una tentaci\u00f3n de verdad aqu\u00ed eras t\u00fa\u00bb, le dijo. La llegada de Irini lo cambiaba todo: \u00abEstoy en shock porque ya estaba avanzando con una chica y ahora llegas t\u00fa, me cambias todos los planes\u00bb.<\/p>\n<p class=\"c-paragraph\">Los dos acabaron solos en la habitaci\u00f3n de Atam\u00e1n, entre recuerdos y confesiones cada vez m\u00e1s cercanos. \u00abEstoy content\u00edsimo de que hayas venido, <b>me acabas de cambiar todo el esquema de la experiencia<\/b>\u00ab, le admiti\u00f3. Claudia, vetada durante 24 horas, no pudo presenciar nada de lo que ocurri\u00f3 esa noche.<\/p>\n<p class=\"c-paragraph\">La tensi\u00f3n entre los dos fue en aumento hasta que acabaron bes\u00e1ndose. Atam\u00e1n brome\u00f3 antes de que la noche fuera a m\u00e1s: \u00ab<b>\u00bfCrees que estar\u00e1n durmiendo?<\/b> Les podemos despertar\u00bb. Decidieron no cruzar m\u00e1s l\u00edmites y durmieron juntos en la primera noche de Irini en Villa Monta\u00f1a.<\/p>\n","protected":false},"excerpt":{"rendered":"Atam\u00e1n llevaba d\u00edas avanzando con Claudia en Villa Monta\u00f1a cuando la producci\u00f3n de La isla de las tentaciones\u00a0decidi\u00f3&hellip;\n","protected":false},"author":2,"featured_media":558904,"comment_status":"","ping_status":"","sticky":false,"template":"","format":"standard","meta":{"footnotes":""},"categories":[171],"tags":[36112,23978,146,147,25,24,795,524,7714,23,214],"class_list":["post-558903","post","type-post","status-publish","format-standard","has-post-thumbnail","category-tv","tag-ataman","tag-beso","tag-entertainment","tag-entretenimiento","tag-es","tag-espana","tag-nueva","tag-nuevo","tag-soltera","tag-spain","tag-tv"],"share_on_mastodon":{"url":"https:\/\/pubeurope.com\/@es\/116599798105166625","error":""},"_links":{"self":[{"href":"https:\/\/www.europesays.com\/es\/wp-json\/wp\/v2\/posts\/558903","targetHints":{"allow":["GET"]}}],"collection":[{"href":"https:\/\/www.europesays.com\/es\/wp-json\/wp\/v2\/posts"}],"about":[{"href":"https:\/\/www.europesays.com\/es\/wp-json\/wp\/v2\/types\/post"}],"author":[{"embeddable":true,"href":"https:\/\/www.europesays.com\/es\/wp-json\/wp\/v2\/users\/2"}],"replies":[{"embeddable":true,"href":"https:\/\/www.europesays.com\/es\/wp-json\/wp\/v2\/comments?post=558903"}],"version-history":[{"count":0,"href":"https:\/\/www.europesays.com\/es\/wp-json\/wp\/v2\/posts\/558903\/revisions"}],"wp:featuredmedia":[{"embeddable":true,"href":"https:\/\/www.europesays.com\/es\/wp-json\/wp\/v2\/media\/558904"}],"wp:attachment":[{"href":"https:\/\/www.europesays.com\/es\/wp-json\/wp\/v2\/media?parent=558903"}],"wp:term":[{"taxonomy":"category","embeddable":true,"href":"https:\/\/www.europesays.com\/es\/wp-json\/wp\/v2\/categories?post=558903"},{"taxonomy":"post_tag","embeddable":true,"href":"https:\/\/www.europesays.com\/es\/wp-json\/wp\/v2\/tags?post=558903"}],"curies":[{"name":"wp","href":"https:\/\/api.w.org\/{rel}","templated":true}]}}