{"id":559046,"date":"2026-05-19T08:22:12","date_gmt":"2026-05-19T08:22:12","guid":{"rendered":"https:\/\/www.europesays.com\/es\/559046\/"},"modified":"2026-05-19T08:22:12","modified_gmt":"2026-05-19T08:22:12","slug":"indra-busca-sucesor-al-ceo-jose-vicente-de-los-mozos","status":"publish","type":"post","link":"https:\/\/www.europesays.com\/es\/559046\/","title":{"rendered":"Indra busca sucesor al CEO Jos\u00e9 Vicente de los Mozos"},"content":{"rendered":"<p>Indra busca sucesor de Jos\u00e9 Vicente de los Mozos Obispo como CEO de la sociedad, en el marco del proceso previo a la convocatoria de la Junta General de Accionistas que se prev\u00e9 celebrar el pr\u00f3ximo 30 de junio, seg\u00fan inform\u00f3 este lunes a la Comisi\u00f3n Nacional el Mercado de Valores (CNMV).<\/p>\n<p>\u201cAnte el vencimiento de su mandato y debido a la <strong>no continuidad de Jos\u00e9 Vicente de los Mozos<\/strong>, la Comisi\u00f3n de Nombramientos, Retribuciones y Gobierno Corporativo de la sociedad, de acuerdo con el Reglamento del Consejo de Administraci\u00f3n, ha puesto en marcha en el d\u00eda de hoy un proceso de selecci\u00f3n de un candidato a consejero delegado\u201d, dice la informaci\u00f3n.<\/p>\n<p>Jos\u00e9 Vicente de los Mozos continuar\u00e1 ejerciendo sus funciones para facilitar el proceso de selecci\u00f3n.<\/p>\n","protected":false},"excerpt":{"rendered":"Indra busca sucesor de Jos\u00e9 Vicente de los Mozos Obispo como CEO de la sociedad, en el marco&hellip;\n","protected":false},"author":2,"featured_media":559047,"comment_status":"","ping_status":"","sticky":false,"template":"","format":"standard","meta":{"footnotes":""},"categories":[80],"tags":[82,1428,95,94,25,24,7834,56937,23],"class_list":["post-559046","post","type-post","status-publish","format-standard","has-post-thumbnail","category-economia","tag-business","tag-ceo","tag-economia","tag-economy","tag-es","tag-espana","tag-indra","tag-jose-vicente-de-los-mozos","tag-spain"],"share_on_mastodon":{"url":"https:\/\/pubeurope.com\/@es\/116600278038602308","error":""},"_links":{"self":[{"href":"https:\/\/www.europesays.com\/es\/wp-json\/wp\/v2\/posts\/559046","targetHints":{"allow":["GET"]}}],"collection":[{"href":"https:\/\/www.europesays.com\/es\/wp-json\/wp\/v2\/posts"}],"about":[{"href":"https:\/\/www.europesays.com\/es\/wp-json\/wp\/v2\/types\/post"}],"author":[{"embeddable":true,"href":"https:\/\/www.europesays.com\/es\/wp-json\/wp\/v2\/users\/2"}],"replies":[{"embeddable":true,"href":"https:\/\/www.europesays.com\/es\/wp-json\/wp\/v2\/comments?post=559046"}],"version-history":[{"count":0,"href":"https:\/\/www.europesays.com\/es\/wp-json\/wp\/v2\/posts\/559046\/revisions"}],"wp:featuredmedia":[{"embeddable":true,"href":"https:\/\/www.europesays.com\/es\/wp-json\/wp\/v2\/media\/559047"}],"wp:attachment":[{"href":"https:\/\/www.europesays.com\/es\/wp-json\/wp\/v2\/media?parent=559046"}],"wp:term":[{"taxonomy":"category","embeddable":true,"href":"https:\/\/www.europesays.com\/es\/wp-json\/wp\/v2\/categories?post=559046"},{"taxonomy":"post_tag","embeddable":true,"href":"https:\/\/www.europesays.com\/es\/wp-json\/wp\/v2\/tags?post=559046"}],"curies":[{"name":"wp","href":"https:\/\/api.w.org\/{rel}","templated":true}]}}