{"id":55905,"date":"2025-08-18T14:53:08","date_gmt":"2025-08-18T14:53:08","guid":{"rendered":"https:\/\/www.europesays.com\/es\/55905\/"},"modified":"2025-08-18T14:53:08","modified_gmt":"2025-08-18T14:53:08","slug":"benavides-rinde-homenaje-a-manolo-gloria-con-una-carrera-de-altos-vuelos","status":"publish","type":"post","link":"https:\/\/www.europesays.com\/es\/55905\/","title":{"rendered":"Benavides rinde homenaje a Manolo Gloria con una carrera de altos vuelos"},"content":{"rendered":"<p class=\"paragraph\">Manolo Gloria es esencia de ciclismo. Un apasionado de la bicicleta y tambi\u00e9n de su localidad natal, Benavides de \u00d3rbigo. Hasta su muerte en el a\u00f1o 2020.\u00a0 \u00a0<\/p>\n<p class=\"paragraph\">Precisamente en Benavides de \u00d3rbigo su figura volver\u00e1 a ser recordada y homenajeada con el Memorial de ciclismo que lleva su nombre y que se disputar\u00e1 el pr\u00f3ximo 23 de agosto.<\/p>\n<p class=\"paragraph\">Presentada oficialmente, la prueba de categor\u00eda j\u00fanior y puntuable para el r\u00e1nking de la Federaci\u00f3n Espa\u00f1ola de Ciclismo, contar\u00e1 con una destacada presencia de participantes y un recorrido que con salida y meta en Benavides contar\u00e1 con un rut\u00f3metro de 117 kil\u00f3metros.<\/p>\n<p class=\"paragraph\">Ant\u00f1\u00e1n del Valle, Villamejil, Sueros de Cepeda, Quintanilla del Monte, Benavides de \u00d3rbig (meta volante), Villamejil, Quintana del Castillo, San Feliz de las Lavanderas, Alto Garandilla (premio de la monta\u00f1a), Las Oma\u00f1as (meta volante) frente a gravera, Llamas de la Ribera, La Milla del R\u00edo y Benevides de \u00d3rbigo en la avenida del \u00d3rbigo como meta ser\u00e1n los lugares relevantes de paso de esta prueba que empezar\u00e1 a rodar a las 16.30 horas.<\/p>\n","protected":false},"excerpt":{"rendered":"Manolo Gloria es esencia de ciclismo. Un apasionado de la bicicleta y tambi\u00e9n de su localidad natal, Benavides&hellip;\n","protected":false},"author":2,"featured_media":55906,"comment_status":"","ping_status":"","sticky":false,"template":"","format":"standard","meta":{"footnotes":""},"categories":[273],"tags":[24090,5168,313,312,168,25,24,4617,23,167,18124],"class_list":["post-55905","post","type-post","status-publish","format-standard","has-post-thumbnail","category-ciclismo","tag-benavides","tag-bicicletas","tag-ciclismo","tag-cycling","tag-deportes","tag-es","tag-espana","tag-rankings","tag-spain","tag-sports","tag-villamejil"],"share_on_mastodon":{"url":"","error":""},"_links":{"self":[{"href":"https:\/\/www.europesays.com\/es\/wp-json\/wp\/v2\/posts\/55905","targetHints":{"allow":["GET"]}}],"collection":[{"href":"https:\/\/www.europesays.com\/es\/wp-json\/wp\/v2\/posts"}],"about":[{"href":"https:\/\/www.europesays.com\/es\/wp-json\/wp\/v2\/types\/post"}],"author":[{"embeddable":true,"href":"https:\/\/www.europesays.com\/es\/wp-json\/wp\/v2\/users\/2"}],"replies":[{"embeddable":true,"href":"https:\/\/www.europesays.com\/es\/wp-json\/wp\/v2\/comments?post=55905"}],"version-history":[{"count":0,"href":"https:\/\/www.europesays.com\/es\/wp-json\/wp\/v2\/posts\/55905\/revisions"}],"wp:featuredmedia":[{"embeddable":true,"href":"https:\/\/www.europesays.com\/es\/wp-json\/wp\/v2\/media\/55906"}],"wp:attachment":[{"href":"https:\/\/www.europesays.com\/es\/wp-json\/wp\/v2\/media?parent=55905"}],"wp:term":[{"taxonomy":"category","embeddable":true,"href":"https:\/\/www.europesays.com\/es\/wp-json\/wp\/v2\/categories?post=55905"},{"taxonomy":"post_tag","embeddable":true,"href":"https:\/\/www.europesays.com\/es\/wp-json\/wp\/v2\/tags?post=55905"}],"curies":[{"name":"wp","href":"https:\/\/api.w.org\/{rel}","templated":true}]}}