{"id":559050,"date":"2026-05-19T08:24:17","date_gmt":"2026-05-19T08:24:17","guid":{"rendered":"https:\/\/www.europesays.com\/es\/559050\/"},"modified":"2026-05-19T08:24:17","modified_gmt":"2026-05-19T08:24:17","slug":"los-mossos-detienen-a-jonathan-andic-por-la-muerte-de-su-padre-isak-andic-dueno-de-mango-noticias-de-cataluna","status":"publish","type":"post","link":"https:\/\/www.europesays.com\/es\/559050\/","title":{"rendered":"Los Mossos detienen a Jonathan Andic por la muerte de su padre, Isak Andic, due\u00f1o de Mango | Noticias de Catalu\u00f1a"},"content":{"rendered":"<p class=\"\">Los Mossos d\u2019Esquadra han detenido este martes a Jonathan Andic como investigado por el presunto homicidio de su padre, el due\u00f1o de <a href=\"https:\/\/elpais.com\/noticias\/mango\/\" target=\"_blank\" rel=\"noreferrer nofollow noopener\" title=\"https:\/\/elpais.com\/noticias\/mango\/\">Mango<\/a>, Isak Andic, <a href=\"https:\/\/elpais.com\/espana\/catalunya\/2025-12-14\/la-muerte-de-isak-andic-el-secreto-que-guarda-la-montana-de-montserrat.html\" target=\"_self\" rel=\"nofollow noopener\" title=\"https:\/\/elpais.com\/espana\/catalunya\/2025-12-14\/la-muerte-de-isak-andic-el-secreto-que-guarda-la-montana-de-montserrat.html\">que falleci\u00f3 tras caer por un camino en la monta\u00f1a de Montserrat el 14 de diciembre de 2024<\/a>. Jonathan permanec\u00eda como investigado en una causa bajo secreto de sumario y la polic\u00eda catalana ha decidido ahora detenerle como paso previo para ponerlo a disposici\u00f3n de la jueza.<\/p>\n<p class=\"\">La detenci\u00f3n se ha producido este martes por la ma\u00f1ana en la casa donde vive Jonathan, tras unos meses en los que <a href=\"https:\/\/elpais.com\/espana\/catalunya\/2025-12-14\/la-muerte-de-isak-andic-el-secreto-que-guarda-la-montana-de-montserrat.html\" target=\"_self\" rel=\"nofollow noopener\" title=\"https:\/\/elpais.com\/espana\/catalunya\/2025-12-14\/la-muerte-de-isak-andic-el-secreto-que-guarda-la-montana-de-montserrat.html\">se hab\u00eda especulado mucho con la posibilidad de que fuera arrestado<\/a> o bien citado directamente a declarar ante la jueza. Los Mossos han optado finalmente por la detenci\u00f3n, aunque solo con el objetivo de conducirlo hasta Martorell (Barcelona) y ponerlo a disposici\u00f3n de la jueza, que deber\u00e1 tomarle declaraci\u00f3n como investigado. <\/p>\n<p class=\"\"><a href=\"https:\/\/elpais.com\/espana\/2025-10-16\/los-mossos-investigan-como-posible-homicidio-la-muerte-del-fundador-de-mango-isak-andic.html\" target=\"_self\" rel=\"nofollow noopener\" title=\"https:\/\/elpais.com\/espana\/2025-10-16\/los-mossos-investigan-como-posible-homicidio-la-muerte-del-fundador-de-mango-isak-andic.html\">La polic\u00eda catalana considera a Jonathan Andic sospechoso<\/a> de la muerte de su padre al menos desde octubre del a\u00f1o pasado. Tras constatar una serie de contradicciones en las dos declaraciones que prest\u00f3 como testigo, los investigadores fueron m\u00e1s all\u00e1. A la salida de la sede de Mango, solicitaron el tel\u00e9fono m\u00f3vil a Jonathan, que lo entreg\u00f3 de forma voluntaria. Desde entonces, han estado analizando el dispositivo en busca de mensajes que acreditasen un posible m\u00f3vil del supuesto crimen.<\/p>\n<p class=\"\"><a href=\"https:\/\/elpais.com\/noticias\/isak-andic\/#?rel=arch\" target=\"_self\" rel=\"nofollow noopener\" title=\"https:\/\/elpais.com\/noticias\/isak-andic\/#?rel=arch\">Isak Andic<\/a> muri\u00f3, a los 71 a\u00f1os, durante una excursi\u00f3n a la monta\u00f1a de Montserrat en la que le acompa\u00f1aba \u00fanicamente Jonathan, el mayor de sus tres hijos. El fundador de Mango cay\u00f3 desde una altura de m\u00e1s de 100 metros.<a href=\"https:\/\/elpais.com\/espana\/catalunya\/2025-12-14\/la-muerte-de-isak-andic-el-secreto-que-guarda-la-montana-de-montserrat.html\" target=\"_self\" rel=\"nofollow noopener\" title=\"https:\/\/elpais.com\/espana\/catalunya\/2025-12-14\/la-muerte-de-isak-andic-el-secreto-que-guarda-la-montana-de-montserrat.html\"> Los Mossos investigaron el suceso, en un primer momento, como un mero accidente de monta\u00f1a<\/a>. Pero las pesquisas cambiaron de signo, especialmente por las contradicciones en los testimonios de Jonathan. Los investigadores descubrieron que, unos d\u00edas antes de esa fecha, el hijo mayor hab\u00eda acudido a ese mismo lugar; seg\u00fan fuentes de la defensa, para preparar la visita.<\/p>\n<p class=\"\">La investigaci\u00f3n ha acreditado que padre e hijo ten\u00edan una relaci\u00f3n a ratos conflictiva, especialmente por el papel de Jonathan en la direcci\u00f3n de la empresa. Isak Andic decidi\u00f3 dejar en manos de su hijo mayor la direcci\u00f3n de la compa\u00f1\u00eda en 2014, pero tuvo que regresar un a\u00f1o despu\u00e9s para formar un nuevo equipo y reflotarla. Esa sucesi\u00f3n precipitada no funcion\u00f3 y, seg\u00fan fuentes de la investigaci\u00f3n, dej\u00f3 tocada la relaci\u00f3n entre ambos.<\/p>\n<p class=\"\">Pero las relaciones familiares tambi\u00e9n se volvieron turbias tras la muerte del empresario. La mujer y los hijos empezaron una trifulca por la herencia. El \u00faltimo testamento de los que Andic firm\u00f3 ante notario, de julio de 2023, establec\u00eda un reparto equitativo de la herencia entre los tres hijos e inclu\u00eda, adem\u00e1s, un legado, en el que se indicaba que deb\u00edan entregarse ciertas cantidades de dinero y bienes a determinadas personas. El empresario \u2014el hombre m\u00e1s rico de Catalu\u00f1a con una fortuna estimada en 4.500 millones, seg\u00fan Forbes\u2014 dej\u00f3 a su pareja cinco millones, una cifra que la mujer consider\u00f3 insuficiente y <a href=\"https:\/\/elpais.com\/economia\/2025-10-17\/el-legado-del-fundador-de-mango-isak-andic-enfrenta-a-su-pareja-con-sus-tres-hijos.html\" rel=\"nofollow noopener\" title=\"https:\/\/elpais.com\/economia\/2025-10-17\/el-legado-del-fundador-de-mango-isak-andic-enfrenta-a-su-pareja-con-sus-tres-hijos.html\" target=\"_blank\">reclam\u00f3 70 millones<\/a>. Tras arduas negociaciones, los hijos y la pareja llegaron a un principio de acuerdo para dejar el importe en cerca de 30 millones. <\/p>\n","protected":false},"excerpt":{"rendered":"Los Mossos d\u2019Esquadra han detenido este martes a Jonathan Andic como investigado por el presunto homicidio de su&hellip;\n","protected":false},"author":2,"featured_media":559051,"comment_status":"","ping_status":"","sticky":false,"template":"","format":"standard","meta":{"footnotes":""},"categories":[8],"tags":[17,18,1980,15705,17505,25,24,13,14,11,2129,51485,19,20,3907,3291,9,10,15,16,23,257,12,21,22],"class_list":["post-559050","post","type-post","status-publish","format-standard","has-post-thumbnail","category-espana","tag-breaking-news","tag-breakingnews","tag-cataluna","tag-detenciones","tag-empresarios","tag-es","tag-espana","tag-featured-news","tag-featurednews","tag-headlines","tag-homicidios","tag-isak-andic","tag-latest-news","tag-latestnews","tag-mango","tag-mossos-desquadra","tag-news","tag-noticias","tag-noticias-destacadas","tag-noticiasdestacadas","tag-spain","tag-sucesos","tag-titulares","tag-ultimas-noticias","tag-ultimasnoticias"],"share_on_mastodon":{"url":"https:\/\/pubeurope.com\/@es\/116600285846708712","error":""},"_links":{"self":[{"href":"https:\/\/www.europesays.com\/es\/wp-json\/wp\/v2\/posts\/559050","targetHints":{"allow":["GET"]}}],"collection":[{"href":"https:\/\/www.europesays.com\/es\/wp-json\/wp\/v2\/posts"}],"about":[{"href":"https:\/\/www.europesays.com\/es\/wp-json\/wp\/v2\/types\/post"}],"author":[{"embeddable":true,"href":"https:\/\/www.europesays.com\/es\/wp-json\/wp\/v2\/users\/2"}],"replies":[{"embeddable":true,"href":"https:\/\/www.europesays.com\/es\/wp-json\/wp\/v2\/comments?post=559050"}],"version-history":[{"count":0,"href":"https:\/\/www.europesays.com\/es\/wp-json\/wp\/v2\/posts\/559050\/revisions"}],"wp:featuredmedia":[{"embeddable":true,"href":"https:\/\/www.europesays.com\/es\/wp-json\/wp\/v2\/media\/559051"}],"wp:attachment":[{"href":"https:\/\/www.europesays.com\/es\/wp-json\/wp\/v2\/media?parent=559050"}],"wp:term":[{"taxonomy":"category","embeddable":true,"href":"https:\/\/www.europesays.com\/es\/wp-json\/wp\/v2\/categories?post=559050"},{"taxonomy":"post_tag","embeddable":true,"href":"https:\/\/www.europesays.com\/es\/wp-json\/wp\/v2\/tags?post=559050"}],"curies":[{"name":"wp","href":"https:\/\/api.w.org\/{rel}","templated":true}]}}