{"id":559218,"date":"2026-05-19T10:30:13","date_gmt":"2026-05-19T10:30:13","guid":{"rendered":"https:\/\/www.europesays.com\/es\/559218\/"},"modified":"2026-05-19T10:30:13","modified_gmt":"2026-05-19T10:30:13","slug":"barbara-goenaga-se-rompe-al-recordar-a-sus-padres-fallecidos-se-fueron-muy-pronto","status":"publish","type":"post","link":"https:\/\/www.europesays.com\/es\/559218\/","title":{"rendered":"B\u00e1rbara Goenaga se rompe al recordar a sus padres fallecidos: \u00abSe fueron muy pronto\u00bb"},"content":{"rendered":"<p id=\"ehpngLjxaI\" data-wc=\"66\"><strong>B\u00e1rbara Goenaga<\/strong>, de 42 a\u00f1os, ha roto su habitual discreci\u00f3n para honrar la memoria de sus padres fallecidos, <a class=\"hm-link ho-link\" href=\"https:\/\/www.hola.com\/actualidad\/20240813712487\/muere-juan-luis-goenaga-padre-barbara-goenaga\/\" data-mrf-recirculation=\"article-body-link\" rel=\"nofollow noopener\" target=\"_blank\">el pintor Jos\u00e9 Luis Goenaga<\/a> e Idoia Bilbao. \u00ab<strong>Los recuerdo cada d\u00eda<\/strong>. Normalmente con una sonrisa, aunque a veces los echo much\u00edsimo de menos. <strong>Se fueron demasiado pronto<\/strong>\u00ab, ha escrito junto a una foto en blanco y negro de sus progenitores en la playa, en un d\u00eda lluvioso.\u00a0<\/p>\n<p> <img src=\"https:\/\/www.europesays.com\/es\/wp-content\/uploads\/2026\/05\/8526b42d70fd-saveclipapp692483910186129656980327295140798829835647783n.jpg\"   width=\"1024\" height=\"1024\" loading=\"lazy\" decoding=\"async\" alt=\"La foto con la que B\u00e1rbara Goenaga ha recordado a sus padres\" fetchpriority=\"auto\" class=\"image ho-image\"\/>\u00a9 barbaragoenagaLa foto con la que B\u00e1rbara Goenaga ha recordado a sus padres<\/p>\n<p id=\"eCKAx_kx6Q\" data-wc=\"79\">La publicaci\u00f3n ha tocado el coraz\u00f3n de todos los seguidores de la int\u00e9rprete, nacida en San Sebasti\u00e1n el 20 de julio de 1983. Maribel Verd\u00fa, Malena Alterio, Ana Risue\u00f1o&#8230; no han dudado en comentar la imagen de los padres de B\u00e1rbara con cari\u00f1o. <strong>Sara Carbonero<\/strong> tambi\u00e9n ha reaccionado con un \u00abme gusta\u00bb, un gesto de complicidad, ya que ella misma ha compartido en distintas ocasiones el profundo dolor que siente por <a class=\"hm-link ho-link\" href=\"https:\/\/www.hola.com\/actualidad\/20260518902128\/sara-carbonero-regresa-corral-de-almaguer-fiestas\/\" data-mrf-recirculation=\"article-body-link\" rel=\"nofollow noopener\" target=\"_blank\">la reciente muerte de su madre, Goyi Ar\u00e9valo<\/a>.<\/p>\n<p> <img src=\"https:\/\/www.europesays.com\/es\/wp-content\/uploads\/2026\/05\/b1f0e4415d2a-borja-semper-barbara-ep.jpg\"   width=\"1080\" height=\"1800\" loading=\"lazy\" decoding=\"async\" alt=\"Borja S\u00e9mper y B\u00e1rbara Goenaga en ARCO\" fetchpriority=\"auto\" class=\"image ho-image\"\/>\u00a9 Europa PressBorja S\u00e9mper y B\u00e1rbara Goenaga en ARCO el 5 de marzo de 2026<\/p>\n<p id=\"eyCea0Zysc\" data-wc=\"149\">La madre de B\u00e1rbara falleci\u00f3 en 2015, cuando la actriz ten\u00eda 32 a\u00f1os y su relaci\u00f3n con Borja S\u00e9mper todav\u00eda no hab\u00eda salido a la luz. \u00abSon momentos que nunca esperas vivir.<strong>\u00a0Fue por un c\u00e1ncer de pulm\u00f3n que achacamos al tabaco<\/strong>, y en ese sentido me he vuelto muy beligerante contra el fumar. Cuando muri\u00f3 mi madre pens\u00e9: o me bajo del mundo o tiro hacia adelante con m\u00e1s fuerza. Parece un t\u00f3pico pero es verdad. No pienso a largo plazo, sino en aqu\u00ed y ahora\u00bb, confes\u00f3 la actriz en una entrevista concedida a El diario vasco. \u00a0Seg\u00fan explic\u00f3 entonces, aunque todos vivieron unos meses \u00abmuy duros\u00bb por la enfermedad, tambi\u00e9n aprendieron a ser m\u00e1s felices en el d\u00eda a d\u00eda y a dar importancia a lo que realmente merece la pena. \u00ab<strong>Hay que vivir el ahora mismo sin pararte a valorar lo que piensen los dem\u00e1s<\/strong>\u00ab, asegur\u00f3.\u00a0<\/p>\n<p> <img src=\"https:\/\/www.europesays.com\/es\/wp-content\/uploads\/2026\/05\/ddcf259a00db-saveclipapp625405304185130325930741716431595354807586346n.jpg\"   width=\"1080\" height=\"1080\" loading=\"lazy\" decoding=\"async\" alt=\"&quot;Fue una gran madre, pero creo que mejor abuela, si cabe... Le falt\u00f3 tanto tiempo para estar con nosotros...&quot;, escribi\u00f3 B\u00e1rbara Goenaga junto a esta foto\" fetchpriority=\"auto\" class=\"image ho-image\"\/>\u00a9 barbaragoenaga\u00bbFue una gran madre, pero creo que mejor abuela, si cabe&#8230; Le falt\u00f3 tanto tiempo para estar con nosotros&#8230;\u00bb, escribi\u00f3 B\u00e1rbara Goenaga junto a esta foto<\/p>\n<p id=\"ez3YrIC5Bf\" data-wc=\"119\">La protagonista de 70 Binladens\u00a0y Para entrar a vivir perdi\u00f3 a su padre el 13 de agosto de 2024. El reconocido pintor Jos\u00e9 Luis Goenaga tambi\u00e9n falleci\u00f3 a causa de un c\u00e1ncer de pulm\u00f3n, una p\u00e9rdida que dej\u00f3 a B\u00e1rbara completamente desolada y con <strong>un profundo sentimiento de orfandad<\/strong> del que ha hablado en redes sociales. \u00abCenar con ellos\u2026 Esa llamada el d\u00eda de Navidad. Que est\u00e9n m\u00e1s cansados que t\u00fa, pero se hagan cargo de todo. <strong>Seguir sinti\u00e9ndote &#8216;la hija&#8217; y que te quieran a pesar y por encima de todo. Esa incondicionalidad, se echa mucho de menos<\/strong>. As\u00ed que los que pod\u00e1is, disfrutad de vuestras madres y padres, mucho mucho mucho\u00bb, escribi\u00f3 junto a esta foto.<\/p>\n<p> <img src=\"https:\/\/www.europesays.com\/es\/wp-content\/uploads\/2026\/05\/7799bcd6d55d-saveclipapp603929864185710324060327298264379574307830822n.jpg\"   width=\"1020\" height=\"1024\" loading=\"lazy\" decoding=\"async\" alt=\"B\u00e1rbara Goenaga de ni\u00f1a junto a sus padres y su hermano peque\u00f1o\" fetchpriority=\"auto\" class=\"image ho-image\"\/>\u00a9 barbaragoenagaB\u00e1rbara Goenaga de ni\u00f1a junto a sus padres y su hermano peque\u00f1o<\/p>\n<p id=\"eigi5vsLWEEA\" data-wc=\"102\">Tras perder a sus padres a causa de un c\u00e1ncer de pulm\u00f3n, B\u00e1rbara tuvo que enfrentarse a un duro diagn\u00f3stico: el <a class=\"hm-link ho-link\" href=\"https:\/\/www.hola.com\/estar-bien\/20260504899440\/borja-semper-cancer-de-pancreas-prueba-deteccion-precoz-sintomas-tratamiento\/\" data-mrf-recirculation=\"article-body-link\" rel=\"nofollow noopener\" target=\"_blank\">c\u00e1ncer de p\u00e1ncreas<\/a> de su pareja y padre de sus dos hijos peque\u00f1os, Telmo y Eliot, de 10 y 7 a\u00f1os respectivamente. Seg\u00fan cont\u00f3 el pol\u00edtico del Partido Popular en El programa de Ana Rosa, <a class=\"hm-link ho-link\" href=\"https:\/\/www.hola.com\/actualidad\/20260507900139\/borja-semper-cancer-programa-de-ana-rosa\/\" data-mrf-recirculation=\"article-body-link\" rel=\"nofollow noopener\" target=\"_blank\">\u00e9l est\u00e1 vivo gracias a la actriz<\/a>. \u00ab<strong>Se empe\u00f1\u00f3 en que hiciera lo que hab\u00eda dejado de hacer, que era cuidarme<\/strong>. Un d\u00eda dije: &#8216;Vale&#8217;. Pensando en que me dejar\u00eda en paz tras hacerme la prueba\u00bb, expres\u00f3 con sinceridad, sin imaginar el resultado que esta arrojar\u00eda.\u00a0<\/p>\n<p> <img src=\"https:\/\/www.europesays.com\/es\/wp-content\/uploads\/2026\/05\/1c9f30738adf-europapress1728353barbaragoenagaborjasemperpaseancallessansebastiandos.jpg\"   width=\"1080\" height=\"1800\" loading=\"lazy\" decoding=\"async\" alt=\"B\u00e1rbara Goenaga y Borja S\u00e9mper pasean por las calles de San Sebasti\u00e1n junto a sus dos hijos (27\/09\/2018)\" fetchpriority=\"auto\" class=\"image ho-image\"\/>\u00a9 Europa PressB\u00e1rbara Goenaga y Borja S\u00e9mper pasean por las calles de San Sebasti\u00e1n junto a sus dos hijos (27\/09\/2018)<\/p>\n<p id=\"eOyyJs2WvP\" data-wc=\"52\">La insistencia de la int\u00e9rprete ten\u00eda una explicaci\u00f3n: el c\u00e1ncer se hab\u00eda llevado a sus padres demasiado pronto. \u00abAfect\u00f3 mucho a su familia\u00bb, confes\u00f3 S\u00e9mper. \u00abEsta enfermedad era algo para B\u00e1rbara muy interiorizado y gracias a ella estoy vivo. Gracias a ella me detectaron el c\u00e1ncer de p\u00e1ncreas en estadio previo\u00bb, a\u00f1adi\u00f3.\u00a0<\/p>\n<p>Descubrimos las claves deco de la casa de Borja S\u00e9mper y B\u00e1rbara Goenaga en Madrid: un hogar con alma de artista<\/p>\n","protected":false},"excerpt":{"rendered":"B\u00e1rbara Goenaga, de 42 a\u00f1os, ha roto su habitual discreci\u00f3n para honrar la memoria de sus padres fallecidos,&hellip;\n","protected":false},"author":2,"featured_media":559219,"comment_status":"","ping_status":"","sticky":false,"template":"","format":"standard","meta":{"footnotes":""},"categories":[174],"tags":[517,22657,22722,255,146,147,25,24,256,23],"class_list":["post-559218","post","type-post","status-publish","format-standard","has-post-thumbnail","category-famosos","tag-actualidad","tag-barbara-goenaga","tag-borja-semper","tag-celebrities","tag-entertainment","tag-entretenimiento","tag-es","tag-espana","tag-famosos","tag-spain"],"share_on_mastodon":{"url":"https:\/\/pubeurope.com\/@es\/116600781598575874","error":""},"_links":{"self":[{"href":"https:\/\/www.europesays.com\/es\/wp-json\/wp\/v2\/posts\/559218","targetHints":{"allow":["GET"]}}],"collection":[{"href":"https:\/\/www.europesays.com\/es\/wp-json\/wp\/v2\/posts"}],"about":[{"href":"https:\/\/www.europesays.com\/es\/wp-json\/wp\/v2\/types\/post"}],"author":[{"embeddable":true,"href":"https:\/\/www.europesays.com\/es\/wp-json\/wp\/v2\/users\/2"}],"replies":[{"embeddable":true,"href":"https:\/\/www.europesays.com\/es\/wp-json\/wp\/v2\/comments?post=559218"}],"version-history":[{"count":0,"href":"https:\/\/www.europesays.com\/es\/wp-json\/wp\/v2\/posts\/559218\/revisions"}],"wp:featuredmedia":[{"embeddable":true,"href":"https:\/\/www.europesays.com\/es\/wp-json\/wp\/v2\/media\/559219"}],"wp:attachment":[{"href":"https:\/\/www.europesays.com\/es\/wp-json\/wp\/v2\/media?parent=559218"}],"wp:term":[{"taxonomy":"category","embeddable":true,"href":"https:\/\/www.europesays.com\/es\/wp-json\/wp\/v2\/categories?post=559218"},{"taxonomy":"post_tag","embeddable":true,"href":"https:\/\/www.europesays.com\/es\/wp-json\/wp\/v2\/tags?post=559218"}],"curies":[{"name":"wp","href":"https:\/\/api.w.org\/{rel}","templated":true}]}}