{"id":559276,"date":"2026-05-19T11:16:41","date_gmt":"2026-05-19T11:16:41","guid":{"rendered":"https:\/\/www.europesays.com\/es\/559276\/"},"modified":"2026-05-19T11:16:41","modified_gmt":"2026-05-19T11:16:41","slug":"archivan-el-caso-contra-el-actor-juan-codina-por-violaciones-y-maltrato","status":"publish","type":"post","link":"https:\/\/www.europesays.com\/es\/559276\/","title":{"rendered":"Archivan el caso contra el actor Juan Codina por violaciones y maltrato"},"content":{"rendered":"<p style=\"\">Las tres denuncias presentadas por alumnos del actor Juan Codina (Madrid, 1968), que durante d\u00e9cadas ha regentado una de las escuelas de interpretaci\u00f3n m\u00e1s prestigiosas del pa\u00eds, acaban de ser archivadas por la Justicia. Tanto<a href=\"https:\/\/www.abc.es\/sociedad\/nuevo-metoo-espanol-espacios-seguros-cacerias-20241117160140-nt.html\" target=\"_self\" data-voc-vtm-id=\"in-text-traffic\" title=\" los casos de agresiones sexuales como el de maltrato\" data-mrf-link=\"www.abc.es\" rel=\"nofollow noopener\"> los casos de agresiones sexuales como el de maltrato<\/a>.  &#8230; Codina participaba en el estudio que lleva su nombre hasta el momento en que el caso salt\u00f3 a la opini\u00f3n p\u00fablica, cuando se retir\u00f3 del oficio. Los entonces directores, Carlos Bravo y Eva Carrera, lo apartaron. Cuenta en su haber con premios Max de Teatro, pel\u00edculas como &#8216;La virgen roja&#8217; y series como &#8216;Las abogadas&#8217; y &#8217;30 monedas&#8217;. Por su escuela han pasado estrellas como Carmen Machi y Hugo Silva.<\/p>\n<p class=\"v-d-p\" style=\"\">El Instituto Nacional de las Artes Esc\u00e9nicas y de la M\u00fasica (Inaem), en el oto\u00f1o de 2024, activ\u00f3 el protocolo de acoso sexual por la denuncia de las tres actrices de la obra &#8216;La gaviota&#8217;, de Anton Chejov, que se representaba entonces en el teatro Valle-Incl\u00e1n, de Madrid, cuyo titular es el Ministerio de Cultura. Adem\u00e1s, la propia escuela de interpretaci\u00f3n, que cambi\u00f3 su nombre por estos hechos al de Estudio de Actores, abri\u00f3 una investigaci\u00f3n interna. Concluy\u00f3 que\u00abno existe prueba suficiente que permita constatar la existencia de una relaci\u00f3n sexual no consentida en las instalaciones\u00bb, en referencia al primero de los asuntos en litigio.<\/p>\n<p class=\"v-d-p\" style=\"\">Todo se descubri\u00f3 <a href=\"https:\/\/www.abc.es\/cultura\/cultural\/abc-cultural-fin-ano-repaso-calendario-malestar-20241226172943-nt.html\" target=\"_self\" data-voc-vtm-id=\"in-text-traffic\" title=\"a finales de 2024\" data-mrf-link=\"www.abc.es\" rel=\"nofollow noopener\">a finales de 2024<\/a>, en pleno auge del caso Errej\u00f3n, cuando, en redes sociales, la actriz Miranda Yorch narr\u00f3 que hab\u00eda sido violada por su mentor. En la denuncia, explic\u00f3 que los hechos se remontaban al 29 de junio de 2019, cuando la artista era un hombre (ahora es transexual) y, seg\u00fan narr\u00f3, Codina su profesor de interpretaci\u00f3n y director del centro, situado en la calle de Argumosa, 30, en el barrio madrile\u00f1o de Lavapi\u00e9s.<\/p>\n<ul class=\"v-cmp-rld__u\">\n<li class=\"v-cmp-rld__l\">\n<p><a class=\"v-a-lnk\" href=\"https:\/\/www.abc.es\/cultura\/cultural\/abc-cultural-fin-ano-repaso-calendario-malestar-20241226172943-nt.html#vtm_modulosEngag=noticiasrelacionadas-cmp-uno:espana:noticia:1\" title=\"Un repaso al calendario del malestar cultural de 2024\" data-voc-vtm-id=\"in-text-traffic\" rel=\"nofollow noopener\" target=\"_blank\"><br \/>\n<img decoding=\"async\" loading=\"lazy\" src=\"https:\/\/www.europesays.com\/es\/wp-content\/uploads\/2026\/05\/KARINA-U34354236572LjL-366x256@diario_abc.jpg\" class=\"v-a-img\" width=\"258\" height=\"180\" alt=\"Un repaso al calendario del malestar cultural de 2024\"\/><br \/>\n<\/a><\/p>\n<\/li>\n<\/ul>\n<p class=\"v-d-p\" style=\"\">En el auto de sobreseimiento provisional, al que ha tenido acceso ABC, la magistrada de Instrucci\u00f3n n\u00famero 20 de Madrid, Adelaida Medrano Aranguren, detalla que la actriz entonces ten\u00eda nombre (Jorge) y apariencia de hombre y que ambos hab\u00edan estado bebiendo copas y fumando un porro. Fue al ba\u00f1o a refrescarse y, dentro, Juan Codina comenz\u00f3 a \u00abcomerle el cuello\u00bb y \u00abbesarlo en la nuca\u00bb, tras lo cual tir\u00f3 de \u00e9l, meti\u00e9ndolo en una de las cabinas y cerr\u00f3 con pestillo.<\/p>\n<p class=\"v-d-p\" style=\"\">Una vez dentro, ambos desnudos, mantuvieron relaciones sexuales en varias ocasiones. Miranda neg\u00f3 que opusiera reisstencia a los hechos, pues, dijo entonces, \u00abestaba en estado de shock\u00bb y que no hab\u00eda denunciado hasta cinco a\u00f1os despu\u00e9s por asuntos de salud y porque no se sent\u00eda preparada. A\u00f1adi\u00f3 a la juez que Codina era una persona \u00abde la que se hablaba, entre el alumnado, con admiraci\u00f3n, y que generaba expectaci\u00f3n y atracci\u00f3n, a\u00f1adiendo que era una persona violenta que provocaba miedo y respeto\u00bb.<\/p>\n<p>\nUna relaci\u00f3n de cinco meses\n<\/p>\n<p class=\"v-d-p\" style=\"\">Si bien se part\u00eda de un delito sexual, la togada no aprecia \u00abla concurrencia de unos m\u00ednimos y necesarios indicios racionales de criminalidad que den apoyo a la versi\u00f3n ofrecida por la perjudicada\u00bb. Aparte de carecer de testigos y otras pruebas, pone en relieve que la chica se contradice en sus manifestaciones. Y recuerda que, al inicio del siguiente curso, mantuvo con Codina, \u00abde forma voluntaria\u00bb, una relaci\u00f3n, entre octubre de 2019 y marzo de 2020. Y que en esos cinco meses mantuvieron relaciones sexuales consentidas, incluso en casa del actor, al que acud\u00eda voluntariamente \u00aby con plena conciencia de su finalidad\u00bb. Eso s\u00ed, la actriz reconoci\u00f3 que no era una relaci\u00f3n sentimental, \u00abporque nunca sinti\u00f3 afinidad emocional hacia el denunciado\u00bb. Agreg\u00f3 que eran habituales las reuniones del maestro con alumnos en su casa, donde se consum\u00eda alcohol y coca\u00edna, entre otras drogas. Y dej\u00f3 en el aire la posibilidad de que otros alumnos hubiesen sido v\u00edctimas de agresiones sexuales mediante sumisi\u00f3n qu\u00edmica.<\/p>\n<p class=\"v-d-p\" style=\"\">La juez se ve incapaz de \u00abotorgar la necesaria credibilidad a su versi\u00f3n, por cuanto no parece veros\u00edmil que quien ha sido v\u00edctima de una agresi\u00f3n sexual despliegue, a continuaci\u00f3n, y durante meses, una relaci\u00f3n consentida con el agresor, en la que, seg\u00fan la misma refiere, ni siquiera concurri\u00f3, por su parte, ning\u00fan sentimiento ni afinidad emocional; en definitiva, se trat\u00f3 de una relaci\u00f3n de contenido, pura y exclusivamente, sexual\u00bb. A ello a\u00f1ade el tiempo, desde el 29 de junio de 2019, d\u00eda de autos, y el 25 de noviembre de 2024, cuando denunci\u00f3, sin que lo haya razonado con una explicaci\u00f3n clara, precisa, justificada y razonable a tal retardo\u00ab. Adem\u00e1s de resultar poco fiable, ha propiciado que ese lapso tan amplio impida recoger restos y vestigios biol\u00f3gicos para el an\u00e1lisis del caso. <\/p>\n<p class=\"v-d-p\" style=\"\">El segundo asunto se refiere a los hechos denunciados por A. G. R. Entre enero y febrero de 2024, siendo alumna de Codina, durante una clase de interpretaci\u00f3n dice que le dio dos bofetadas en la cara. A finales de marzo y principios de abril, la agarr\u00f3 del pelo y la arrastr\u00f3 por el suelo, seg\u00fan la denuncia. Seg\u00fan manifest\u00f3, \u00e9l aduc\u00eda que esas pr\u00e1cticas entraban dentro de su m\u00e9todo de ense\u00f1anza, basado en el del dramaturgo ruso Chejov.<\/p>\n<p class=\"v-d-p\" style=\"\">Unos hechos que ser\u00edan constitutivos de un delito leve de maltrato de obra, al no existir parte de lesiones. Tambi\u00e9n denunci\u00f3 en noviembre de 2024, por lo que estar\u00edan prescritos al a\u00f1o de suceder. <\/p>\n<p class=\"v-d-p\" style=\"\">Finalmente, est\u00e1 la \u00faltima denuncia, por agresi\u00f3n sexual. Otra alumna dijo que, el 24 de junio de 2021, el profesor la abraz\u00f3 a ella y a su pareja de entonces \u00aby les habr\u00eda intentado besar en la boca\u00bb. Explic\u00f3 que su novio ten\u00eda una fuerte adicci\u00f3n a las drogas y que Codina se habr\u00eda aprovechado de esa vulnerabilidad, como habr\u00eda hecho con otras alumnas antes, algunas en proceso de ser v\u00edctimas de violencia machista en su entorno familiar.<\/p>\n<p>\nCasos prescritos\n<\/p>\n<p class=\"v-d-p\" style=\"\">\u00abSe trata -argumenta la juez- de unos hechos gen\u00e9ricos, en los que, precisamente, por su vaguedad no es posible apreciar la concurrencia de un \u00e1nimo libidinoso por parte del denunciado que haya provocado afectaci\u00f3n psicol\u00f3gica en la v\u00edctima ni perjuicio a su libertad sexual, especialmente si se tiene en cuenta el tiempo transcurrido desde que los hechos tuvieron lugar, por lo que estar\u00edamos ante un delito leve que, igualmente, se encontrar\u00eda prescrito\u00bb.<\/p>\n<p class=\"v-d-p\" style=\"\">Muy dura, sentencia la juez que \u00abresulta sorprendente (y cuestiona la fiabilidad de los hechos denunciados) el hecho de que estas conductas no se hayan denunciado durante a\u00f1os, sin que se haya aportado ni un solo razonamiento que pueda ser compartido para justificar esta dilaci\u00f3n en el tiempo\u00bb.<\/p>\n<p class=\"v-d-p\" style=\"\">Durante todo este proceso de instrucci\u00f3n, Juan Codina ha estado asistido por Alfredo Arri\u00e9n, del bufete de abogados Paredes y Asociados, y ha llegado a tener una orden de alejamiento sobre Miranda Yorch. Las tres denunciantes prestaron declaraci\u00f3n ante Adelaida Medrano Aranguren el pasado 12 de marzo de 2026.<\/p>\n","protected":false},"excerpt":{"rendered":"Las tres denuncias presentadas por alumnos del actor Juan Codina (Madrid, 1968), que durante d\u00e9cadas ha regentado una&hellip;\n","protected":false},"author":2,"featured_media":559277,"comment_status":"","ping_status":"","sticky":false,"template":"","format":"standard","meta":{"footnotes":""},"categories":[174],"tags":[1339,48228,255,108011,146,147,25,24,256,409,5083,23,16595],"class_list":["post-559276","post","type-post","status-publish","format-standard","has-post-thumbnail","category-famosos","tag-actor","tag-archivan","tag-celebrities","tag-codina","tag-entertainment","tag-entretenimiento","tag-es","tag-espana","tag-famosos","tag-juan","tag-maltrato","tag-spain","tag-violaciones"],"share_on_mastodon":{"url":"https:\/\/pubeurope.com\/@es\/116600962246027906","error":""},"_links":{"self":[{"href":"https:\/\/www.europesays.com\/es\/wp-json\/wp\/v2\/posts\/559276","targetHints":{"allow":["GET"]}}],"collection":[{"href":"https:\/\/www.europesays.com\/es\/wp-json\/wp\/v2\/posts"}],"about":[{"href":"https:\/\/www.europesays.com\/es\/wp-json\/wp\/v2\/types\/post"}],"author":[{"embeddable":true,"href":"https:\/\/www.europesays.com\/es\/wp-json\/wp\/v2\/users\/2"}],"replies":[{"embeddable":true,"href":"https:\/\/www.europesays.com\/es\/wp-json\/wp\/v2\/comments?post=559276"}],"version-history":[{"count":0,"href":"https:\/\/www.europesays.com\/es\/wp-json\/wp\/v2\/posts\/559276\/revisions"}],"wp:featuredmedia":[{"embeddable":true,"href":"https:\/\/www.europesays.com\/es\/wp-json\/wp\/v2\/media\/559277"}],"wp:attachment":[{"href":"https:\/\/www.europesays.com\/es\/wp-json\/wp\/v2\/media?parent=559276"}],"wp:term":[{"taxonomy":"category","embeddable":true,"href":"https:\/\/www.europesays.com\/es\/wp-json\/wp\/v2\/categories?post=559276"},{"taxonomy":"post_tag","embeddable":true,"href":"https:\/\/www.europesays.com\/es\/wp-json\/wp\/v2\/tags?post=559276"}],"curies":[{"name":"wp","href":"https:\/\/api.w.org\/{rel}","templated":true}]}}