{"id":559307,"date":"2026-05-19T11:38:13","date_gmt":"2026-05-19T11:38:13","guid":{"rendered":"https:\/\/www.europesays.com\/es\/559307\/"},"modified":"2026-05-19T11:38:13","modified_gmt":"2026-05-19T11:38:13","slug":"la-respuesta-de-laliga-sobre-el-regreso-del-barca-a-la-norma-11","status":"publish","type":"post","link":"https:\/\/www.europesays.com\/es\/559307\/","title":{"rendered":"La respuesta de LaLiga sobre el regreso del Bar\u00e7a a la norma 1:1"},"content":{"rendered":"<p class=\"ft-text\">\u00ab<strong>Vamos por muy buen camino<\/strong>. Estamos trabajando con LaLiga y presentando el presupuesto para la temporada que viene\u00bb. Estas fueron las palabras pronunciadas el 11 de mayo por Rafa Yuste, vicepresidente del Bar\u00e7a, sobre la dorada regla del 1:1 para los blaugrana. \u201cNo podemos hacer valoraciones, las pod\u00e9is hacer vosotros. Pero hay datos p\u00fablicos. <strong>El auditor les ha aceptado, por ejemplo, unos 70 millones de los palcos VIP. Despu\u00e9s est\u00e1 <\/strong><a class=\"ft-link ft-link--decoration\" href=\"https:\/\/www.sport.es\/es\/noticias\/apuestas-deportivas\/top-apuestas\/lewandowski-homenaje-goleador-epoca-130345672\" rel=\"nofollow noopener\" target=\"_blank\">la salida de Lewandowski, que tiene un coste salarial elevado.<\/a> Van a abrir un nuevo grader\u00edo en el Camp Nou. Con eso se puede hacer un juicio\u201d, dijo Javier G\u00f3mez, director general corporativo de LaLiga.<\/p>\n<p>La amortizaci\u00f3n de Lewandowski<\/p>\n<p class=\"ft-text\">\u00abTenemos el impacto y la amortizaci\u00f3n de Lewandowski. Hay un club que tiene un coste de plantilla deportiva determinado para la temporada 2026\/27. Tiene un jugador que le consume mucho y que ya no estar\u00e1. Aunque estuviera previsto que no siguiera, ellos ya han hecho sus cuentas\u00bb, insisti\u00f3 el ejecutivo de la competici\u00f3n, quien record\u00f3 que \u00abning\u00fan club sabe todav\u00eda si est\u00e1 excedido o no, p<strong>ero casi al 95% ya saben aproximadamente cu\u00e1l va a ser su situaci\u00f3n\u00bb.<\/strong><\/p>\n<p class=\"ft-text\">Cabe recordar que los clubes de Primera y Segunda Divisi\u00f3n presentaron el 30 de abril sus presupuestos, conforme a la normativa. Ahora se llevar\u00e1 a cabo el c\u00e1lculo y validaci\u00f3n del L\u00edmite de Coste de Plantilla Deportiva. <strong>Son estimaciones v\u00e1lidas de cara al 1 de julio, cuando comienza el mercado estival de fichajes. <\/strong>En agosto se fija un primer filtro y en noviembre hay una revisi\u00f3n para consolidar estas partidas. Lo que no cambia es la diferencia entre el balance operativo y los gastos de estructura e inversi\u00f3n para determinar el margen disponible para plantilla.<\/p>\n<p class=\"ft-text\">\u00abHay v\u00edas para sumar l\u00edmite. Desde el importe que suman las ventas hasta lo que liberan los salarios\u00bb, record\u00f3 Marta Alonso, directora adjunta a la Direcci\u00f3n General Corporativa. Existe un comit\u00e9 de valoraci\u00f3n para analizar cada una de las operaciones. Igualmente, Nielsen audita los contratos de patrocinio.<strong> \u00abEl l\u00edmite es din\u00e1mico. Conforme vayan incrementando esos ingresos, se aumenta el l\u00edmite\u00bb<\/strong>, apuntan desde LaLiga sobre una situaci\u00f3n que ha vivido el Bar\u00e7a con todo lo relativo al Camp Nou. \u00abSolo se permite consolidar los contratos que tienes firmados\u00bb, resaltan desde la competici\u00f3n.<\/p>\n<p>La burbuja de la Premier<\/p>\n<p class=\"ft-text\">M\u00e1s all\u00e1 de lo relativo a costes o presupuestos de LaLiga, Javier G\u00f3mez, director general corporativo de la competici\u00f3n, analiz\u00f3 los equilibrios financieros de los grandes campeonatos. \u00abLa inversi\u00f3n de cada torneo depende del mix de plantilla deportiva. El<strong> n\u00famero de minutos de jugadores formados en cantera en Espa\u00f1a es mucho mayor que en el resto<\/strong>. Se dedica m\u00e1s dinero a retener talento que a comprar\u00bb, reivindic\u00f3, para poner contexto al recurrente dato del gasto en fichajes que se despliega en cada mercado.<\/p>\n<p class=\"ft-text\">\u00abDentro de la comparativa con la Premier League, el fair play financiero que han aprobado permite gastar un porcentaje de tus ingresos m\u00e1s los beneficios obtenidos por traspasos de jugadores. Existen varios indicadores de control. Va a producirse una burbuja de traspasos para evitar sanciones, como ya sucedi\u00f3 en Italia. <strong>Se inflan los precios y los salarios, arrastrando a LaLiga y al resto de competiciones\u00bb<\/strong>, incidi\u00f3 el director general corporativo de la patronal espa\u00f1ola sobre los retos que afrontan los clubes profesionales.<\/p>\n","protected":false},"excerpt":{"rendered":"\u00abVamos por muy buen camino. Estamos trabajando con LaLiga y presentando el presupuesto para la temporada que viene\u00bb.&hellip;\n","protected":false},"author":2,"featured_media":453428,"comment_status":"","ping_status":"","sticky":false,"template":"","format":"standard","meta":{"footnotes":""},"categories":[268],"tags":[2296,168,25,24,20516,280,282,288,22191,11394,2596,8013,281,23,167],"class_list":["post-559307","post","type-post","status-publish","format-standard","has-post-thumbnail","category-futbol","tag-barca","tag-deportes","tag-es","tag-espana","tag-fair","tag-football","tag-futbol","tag-laliga","tag-norma","tag-play","tag-regreso","tag-respuesta","tag-soccer","tag-spain","tag-sports"],"share_on_mastodon":{"url":"https:\/\/pubeurope.com\/@es\/116601048854025454","error":""},"_links":{"self":[{"href":"https:\/\/www.europesays.com\/es\/wp-json\/wp\/v2\/posts\/559307","targetHints":{"allow":["GET"]}}],"collection":[{"href":"https:\/\/www.europesays.com\/es\/wp-json\/wp\/v2\/posts"}],"about":[{"href":"https:\/\/www.europesays.com\/es\/wp-json\/wp\/v2\/types\/post"}],"author":[{"embeddable":true,"href":"https:\/\/www.europesays.com\/es\/wp-json\/wp\/v2\/users\/2"}],"replies":[{"embeddable":true,"href":"https:\/\/www.europesays.com\/es\/wp-json\/wp\/v2\/comments?post=559307"}],"version-history":[{"count":0,"href":"https:\/\/www.europesays.com\/es\/wp-json\/wp\/v2\/posts\/559307\/revisions"}],"wp:featuredmedia":[{"embeddable":true,"href":"https:\/\/www.europesays.com\/es\/wp-json\/wp\/v2\/media\/453428"}],"wp:attachment":[{"href":"https:\/\/www.europesays.com\/es\/wp-json\/wp\/v2\/media?parent=559307"}],"wp:term":[{"taxonomy":"category","embeddable":true,"href":"https:\/\/www.europesays.com\/es\/wp-json\/wp\/v2\/categories?post=559307"},{"taxonomy":"post_tag","embeddable":true,"href":"https:\/\/www.europesays.com\/es\/wp-json\/wp\/v2\/tags?post=559307"}],"curies":[{"name":"wp","href":"https:\/\/api.w.org\/{rel}","templated":true}]}}