{"id":559568,"date":"2026-05-19T14:58:11","date_gmt":"2026-05-19T14:58:11","guid":{"rendered":"https:\/\/www.europesays.com\/es\/559568\/"},"modified":"2026-05-19T14:58:11","modified_gmt":"2026-05-19T14:58:11","slug":"el-profesorado-valenciano-acude-a-negociar-pero-descarta-un-acuerdo-hoy-con-la-generalitat","status":"publish","type":"post","link":"https:\/\/www.europesays.com\/es\/559568\/","title":{"rendered":"El profesorado valenciano acude a negociar pero descarta un acuerdo hoy con la Generalitat"},"content":{"rendered":"<p style=\"\">Los sindicatos y la Conselleria de Educaci\u00f3n vuelven a reunirse este martes despu\u00e9s de m\u00e1s de diez horas del \u00faltimo encuentro celebrado este lunes, que termin\u00f3 casi a las tres de la madrugada con una \u00faltima propuesta de aumento salarial a los profesores de la  &#8230; Comunidad Valenciana para acabar con la huelga indefinida que comenz\u00f3 el pasado 11 de mayo. La propuesta, la m\u00e1s elevada hasta la fecha, consist\u00eda en un aumento al mes de 200 euros  en el complemento auton\u00f3mico que se aplicar\u00eda de forma progresiva: 75 euros en 2026; otros 75 en 2027 y 50 en 2028. <\/p>\n<p class=\"v-d-p\" style=\"\">Aunque todav\u00eda queda una jornada de negociaci\u00f3n por delante, los sindicatos han se\u00f1alado que este martes no van a firmar ning\u00fan acuerdo, por lo que la huelga continuar\u00e1 por el momento. Los representantes sindicales han acudido hoy a la Conselleria, seg\u00fan han se\u00f1alado, \u00fanicamente para seguir negociando e intentar desbloquear los principales puntos de desacuerdo que mantienen con la administraci\u00f3n, entre ellos la reducci\u00f3n de ratios en las aulas, una mejora de la propuesta salarial y el incremento de las plantillas docentes.<\/p>\n<p class=\"v-d-p\" style=\"\">Seg\u00fan han trasladado las organizaciones sindicales, el secretario auton\u00f3mico ha \u00abdejado claro\u00bb que la propuesta salarial planteada por la Conselleria no se mover\u00e1 m\u00e1s y que los 200 euros de incremento en el complemento auton\u00f3mico representan la \u00ab\u00faltima palabra\u00bb de la administraci\u00f3n en materia retributiva.<\/p>\n<p class=\"v-d-p\" style=\"\">Adem\u00e1s, el secretario auton\u00f3mico de Educaci\u00f3n, Daniel McEvoy, ha trasladado a los sindicatos que tanto \u00e9l como la consellera han mantenido este martes una reuni\u00f3n con la Conselleria de Hacienda para abordar el impacto econ\u00f3mico de las medidas planteadas. Seg\u00fan ha explicado, todas las propuestas cuentan con respaldo presupuestario y Hacienda se habr\u00eda comprometido a incorporarlas en las pr\u00f3ximas cuentas de la Generalitat.<\/p>\n<p class=\"v-d-p\" style=\"\">Tras un receso de casi una hora, la Conselleria ha propuesto dos modificaciones. En cuanto a las plantillas docentes, seg\u00fan han informado los sindicatos, plantean retirar por completo del acuerdo el Plan de Sustituci\u00f3n anticipada en Primaria, aunque indican que desarrollar\u00e1n igualmente un programa piloto en una localidad para comprobar su efectividad. Por otro lado, han propuesto dejar fuera del acuerdo el ep\u00edgrafe completo del valenciano. <\/p>\n<p class=\"v-d-p\" style=\"\">Seg\u00fan las primeras informaciones de las organizaciones, la consellera de Educaci\u00f3n ha matizado que este documento supone un marco general y que cualquier cuesti\u00f3n no reflejada en el acuerdo podr\u00e1 incorporarse en las sucesivas negociaciones, al tiempo que ha insistido en que la propuesta la retirar\u00e1n si ninguna organizaci\u00f3n firma.<\/p>\n<p class=\"v-d-p\" style=\"\">Al comienzo de la reuni\u00f3n los sindicatos han indicado que la Conselleria no ha presentado una nueva propuesta y mantiene la \u00faltima presentada esta madrugada. Por su parte, desde STEPV han remarcado que hoy han ido a la reuni\u00f3n a \u00abnegociar y a no firmar nada\u00bb ya que el \u00abdocumento es insuficiente y hay cuestiones intolerables\u00bb. Desde CCOO tambi\u00e9n han se\u00f1alado que no firmar\u00e1n el acuerdo \u00abtras el sondeo que han realizado entre afiliaci\u00f3n y profesorado\u00bb. <\/p>\n<p class=\"v-d-p\" style=\"\">Adem\u00e1s, desde UGT han indicado que \u00abeste acuerdo hubiera sido una buena propuesta para comenzar a negociar. Pero no puede ser el final, es insuficiente\u00bb. De este modo, CSIF tambi\u00e9n ha subrayado que \u00abel documento de ayer no est\u00e1 cerrado. Por tanto, de momento CSIF no firma\u00bb. As\u00ed, ANPE ha apoyado el paro y ha confirmado que van a plantear mejoras y que esperan que se admitan para obtener \u00abun documento m\u00ednimo aceptable que el profesorado pueda avalar y se firme un acuerdo\u00bb.<\/p>\n<p class=\"v-d-p\" style=\"\">En paralelo, multitud de docentes han vuelto a congregarse a las puertas de la Conselleria para exigir sus reivindicaciones laborales y salariales, mientras un cord\u00f3n policial custodia el edificio. <\/p>\n<p>En actualizaci\u00f3n<\/p>\n<p>\nNuestra redacci\u00f3n est\u00e1 trabajando para ampliar la informaci\u00f3n<\/p>\n","protected":false},"excerpt":{"rendered":"Los sindicatos y la Conselleria de Educaci\u00f3n vuelven a reunirse este martes despu\u00e9s de m\u00e1s de diez horas&hellip;\n","protected":false},"author":2,"featured_media":559569,"comment_status":"","ping_status":"","sticky":false,"template":"","format":"standard","meta":{"footnotes":""},"categories":[8],"tags":[11645,945,17,18,9439,25,24,13,14,2010,11,19,20,14799,9,10,15,16,23369,23,12,21,22,706],"class_list":["post-559568","post","type-post","status-publish","format-standard","has-post-thumbnail","category-espana","tag-acude","tag-acuerdo","tag-breaking-news","tag-breakingnews","tag-descarta","tag-es","tag-espana","tag-featured-news","tag-featurednews","tag-generalitat","tag-headlines","tag-latest-news","tag-latestnews","tag-negociar","tag-news","tag-noticias","tag-noticias-destacadas","tag-noticiasdestacadas","tag-profesorado","tag-spain","tag-titulares","tag-ultimas-noticias","tag-ultimasnoticias","tag-valenciano"],"share_on_mastodon":{"url":"https:\/\/pubeurope.com\/@es\/116601835194677956","error":""},"_links":{"self":[{"href":"https:\/\/www.europesays.com\/es\/wp-json\/wp\/v2\/posts\/559568","targetHints":{"allow":["GET"]}}],"collection":[{"href":"https:\/\/www.europesays.com\/es\/wp-json\/wp\/v2\/posts"}],"about":[{"href":"https:\/\/www.europesays.com\/es\/wp-json\/wp\/v2\/types\/post"}],"author":[{"embeddable":true,"href":"https:\/\/www.europesays.com\/es\/wp-json\/wp\/v2\/users\/2"}],"replies":[{"embeddable":true,"href":"https:\/\/www.europesays.com\/es\/wp-json\/wp\/v2\/comments?post=559568"}],"version-history":[{"count":0,"href":"https:\/\/www.europesays.com\/es\/wp-json\/wp\/v2\/posts\/559568\/revisions"}],"wp:featuredmedia":[{"embeddable":true,"href":"https:\/\/www.europesays.com\/es\/wp-json\/wp\/v2\/media\/559569"}],"wp:attachment":[{"href":"https:\/\/www.europesays.com\/es\/wp-json\/wp\/v2\/media?parent=559568"}],"wp:term":[{"taxonomy":"category","embeddable":true,"href":"https:\/\/www.europesays.com\/es\/wp-json\/wp\/v2\/categories?post=559568"},{"taxonomy":"post_tag","embeddable":true,"href":"https:\/\/www.europesays.com\/es\/wp-json\/wp\/v2\/tags?post=559568"}],"curies":[{"name":"wp","href":"https:\/\/api.w.org\/{rel}","templated":true}]}}