{"id":55986,"date":"2025-08-18T15:41:21","date_gmt":"2025-08-18T15:41:21","guid":{"rendered":"https:\/\/www.europesays.com\/es\/55986\/"},"modified":"2025-08-18T15:41:21","modified_gmt":"2025-08-18T15:41:21","slug":"unicaja-i-el-unicaja-25-26-arranca-la-pretemporada-con-los-primeros-examenes-medicos-y-tests-fisicos","status":"publish","type":"post","link":"https:\/\/www.europesays.com\/es\/55986\/","title":{"rendered":"UNICAJA I El Unicaja 25\/26 arranca la pretemporada con los primeros ex\u00e1menes m\u00e9dicos y tests f\u00edsicos"},"content":{"rendered":"<p class=\"ft-text\"><strong>El nuevo Unicaja 2025\/2026 ya es una realidad<\/strong>. Hasta dentro de unos d\u00edas no empezar\u00e1n los entrenamientos en la pista y habr\u00e1 que esperar varias semanas m\u00e1s hasta que los internacionales regresen de sus compromisos en el Eurobasket y de esta manera la plantilla est\u00e9 al completo a las \u00f3rdenes de Ibon Navarro, pero <a class=\"ft-link ft-link--decoration\" href=\"https:\/\/www.laopiniondemalaga.es\/unicaja\/2025\/08\/15\/unicaja-empieza-aterrizaje-malaga-pretemporada-120661843.html\" rel=\"nofollow noopener\" target=\"_blank\">este lunes 18 de agosto se puede decir que arranc\u00f3 \u00aboficiosamente\u00bb la pretemporada para los de verde y morado.<\/a><\/p>\n<p>Ex\u00e1menes m\u00e9dicos<\/p>\n<p class=\"ft-text\">En estos primeros d\u00edas de la semana los jugadores est\u00e1n llegando a M\u00e1laga para pasar las pertinentes pruebas m\u00e9dicas individuales en<strong> Hospital Quir\u00f3nsalud M\u00e1laga<\/strong>, y distintas\u00a0evaluaciones\u00a0funcionales,\u00a0de fuerza o de fisioterapia en el Mart\u00edn Carpena con el cuerpo t\u00e9cnico del club. Los m\u00e1s madrugadores este curso han sido <strong>Kendrick Perry, Nihad Djedovic<\/strong>, y dos de las nuevas caras de esta temporada, <strong>James Webb III y Emir Sulejmanovic<\/strong>, quienes este mismo lunes ya han iniciado el proceso.<\/p>\n<p><img decoding=\"async\" src=\"https:\/\/www.europesays.com\/es\/wp-content\/uploads\/2025\/08\/91dbebca-4ce9-4696-9dd8-55e6f49ce897_alta-libre-aspect-ratio_default_0.jpg\" width=\"1200\" height=\"819\" alt=\"Sulejmanovic y Djedovic, en el exterior de QuironSalud\" class=\"ft-helper-img-rd\" loading=\"lazy\" hasdataaida=\"true\"\/><\/p>\n<p class=\"ft-helper-fontColor-quaternary ft-helper-fontSize-body-S ft-helper-spacer-t-xxs\">Sulejmanovic y Djedovic, en el exterior de QuironSalud  \/ Unicajab\/Photopress-Mariano Pozo<\/p>\n<p>Mart\u00edn Carpena<\/p>\n<p class=\"ft-text\"><strong>Ser\u00e1 el jueves 21 de agosto cuando la plantilla vuelva a los entrenamientos en grupo en el Carpena en una doble sesi\u00f3n\u00a0por la ma\u00f1ana y con bal\u00f3n en pista ya por\u00a0la tarde<\/strong>. A final de la semana estar\u00e1n integrados todos los jugadores a excepci\u00f3n de los tres internacionales, esto es, <a class=\"ft-link ft-link--decoration\" href=\"https:\/\/www.laopiniondemalaga.es\/unicaja\/2025\/08\/17\/balcerowski-polonia-castaneda-bosnia-unicaja-120705035.html\" rel=\"nofollow noopener\" target=\"_blank\">Alberto D\u00edaz (Espa\u00f1a), Olek Balcerowski (Polonia) y Xavier Casta\u00f1eda (Bosnia).\u00a0<\/a><\/p>\n<p><img decoding=\"async\" src=\"https:\/\/www.europesays.com\/es\/wp-content\/uploads\/2025\/08\/6be5d4e1-607e-4e16-b38f-519fa1a6e5bd_alta-libre-aspect-ratio_default_0.jpg\" width=\"1200\" height=\"800\" alt=\"James Webb III y Kendrick Perry.\" class=\"ft-helper-img-rd\" loading=\"lazy\" hasdataaida=\"true\"\/><\/p>\n<p class=\"ft-helper-fontColor-quaternary ft-helper-fontSize-body-S ft-helper-spacer-t-xxs\">James Webb III y Kendrick Perry.  \/ Unicajab\/Photopress-Mariano Pozo<\/p>\n<p> Amistosos<\/p>\n<p class=\"ft-text\">El Unicaja afrontar\u00e1 su primer partido de pretemporada el pr\u00f3ximo domingo 31 en Melilla frente al<strong> Melilla Baloncesto<\/strong>, al que seguir\u00e1n el<a class=\"ft-link ft-link--decoration\" href=\"https:\/\/www.laopiniondemalaga.es\/unicaja\/2025\/07\/31\/unicaja-jugara-velez-malaga-alba-berlin-120232163.html\" rel=\"nofollow noopener\" target=\"_blank\"> XIV Torneo Costa del Sol, del 5 al 7 de septiembre<\/a> contra el <strong>Alba Berl\u00edn y Real Madrid<\/strong>, y la Copa de Andaluc\u00eda frente al Coviran Granada el s\u00e1bado 13 de septiembre.<\/p>\n<p class=\"ft-text\">A partir de ah\u00ed la temporada oficial dar\u00e1 comienzo con la disputa de la<strong> Copa FIBA Intercontinental en Singapur<\/strong> (del 18 al 21 de septiembre) y la<strong> Supercopa Endesa<\/strong> (27 y 28 de septiembre) en M\u00e1laga y ya<a class=\"ft-link ft-link--decoration\" href=\"https:\/\/www.laopiniondemalaga.es\/unicaja\/2025\/08\/18\/unicaja-abrira-liga-endesa-25-26-120705115.html\" rel=\"nofollow noopener\" target=\"_blank\"> la Liga Endesa el fin de semana del 4 o 5 de octubre, contra el Surne Bilbao Basket<\/a>, y la BCL el 8 de octubre, frente al Mersin de Turqu\u00eda.<\/p>\n<p><img decoding=\"async\" src=\"https:\/\/www.europesays.com\/es\/wp-content\/uploads\/2025\/08\/11d6d74a-5e01-437a-b319-2376c162ab1b_alta-libre-aspect-ratio_default_0.jpg\" width=\"1200\" height=\"799\" alt=\"Perry, en plenas pruebas m\u00e9dicas.\" class=\"ft-helper-img-rd\" loading=\"lazy\" hasdataaida=\"true\"\/><\/p>\n<p class=\"ft-helper-fontColor-quaternary ft-helper-fontSize-body-S ft-helper-spacer-t-xxs\">Perry, en plenas pruebas m\u00e9dicas.  \/ Unicajab\/Photopress-Mariano Pozo<\/p>\n<p><img decoding=\"async\" src=\"https:\/\/www.europesays.com\/es\/wp-content\/uploads\/2025\/08\/fa54c354-bb90-4e26-9fe2-4c40d36b7035_alta-libre-aspect-ratio_default_0.jpg\" width=\"1200\" height=\"788\" alt=\"Djedovic, de vuelta al trabajo.\" class=\"ft-helper-img-rd\" loading=\"lazy\" hasdataaida=\"true\"\/><\/p>\n<p class=\"ft-helper-fontColor-quaternary ft-helper-fontSize-body-S ft-helper-spacer-t-xxs\">Djedovic, de vuelta al trabajo.  \/ Unicajab\/Photopress-Mariano Pozo<\/p>\n<p><img decoding=\"async\" src=\"https:\/\/www.europesays.com\/es\/wp-content\/uploads\/2025\/08\/06fab46f-f942-4ee7-86c9-46086dc13c86_alta-libre-aspect-ratio_default_0.jpg\" width=\"1200\" height=\"802\" alt=\"Sulejmanovic ya viste de verde.\" class=\"ft-helper-img-rd\" loading=\"lazy\" hasdataaida=\"true\"\/><\/p>\n<p class=\"ft-helper-fontColor-quaternary ft-helper-fontSize-body-S ft-helper-spacer-t-xxs\">Sulejmanovic ya viste de verde.  \/ Unicajab\/Photopress-Mariano Pozo<\/p>\n<p><img decoding=\"async\" src=\"https:\/\/www.europesays.com\/es\/wp-content\/uploads\/2025\/08\/4d60e059-327d-455b-b69c-9dc25045e262_alta-libre-aspect-ratio_default_0.jpg\" width=\"1200\" height=\"755\" alt=\"James Web III, en el gimnasio.Palacio de los Deportes Jose Maria Martin Carpena.\" class=\"ft-helper-img-rd\" loading=\"lazy\" hasdataaida=\"true\"\/><\/p>\n<p class=\"ft-helper-fontColor-quaternary ft-helper-fontSize-body-S ft-helper-spacer-t-xxs\">James Web III, en el gimnasio.Palacio de los Deportes Jose Maria Martin Carpena.  \/ Unicajab\/Photopress-Mariano Pozo<\/p>\n<p><img decoding=\"async\" src=\"https:\/\/www.europesays.com\/es\/wp-content\/uploads\/2025\/08\/8f8cf534-24a2-42e2-b7b0-1cffead2805e_alta-libre-aspect-ratio_default_0.jpg\" width=\"1200\" height=\"810\" alt=\"Kendrick Perry, de los primeros en llegar a la pretemporada.\" class=\"ft-helper-img-rd\" loading=\"lazy\" hasdataaida=\"true\"\/><\/p>\n<p class=\"ft-helper-fontColor-quaternary ft-helper-fontSize-body-S ft-helper-spacer-t-xxs\">Kendrick Perry, de los primeros en llegar a la pretemporada.  \/ Unicajab\/Photopress-Mariano Pozo<\/p>\n<p><img decoding=\"async\" src=\"https:\/\/www.europesays.com\/es\/wp-content\/uploads\/2025\/08\/dd079c51-3924-42ef-af14-5acb8a732ff1_alta-libre-aspect-ratio_default_0.jpg\" width=\"1200\" height=\"769\" alt=\"El Unicaja 2025\/2026 ya suda.\" class=\"ft-helper-img-rd\" loading=\"lazy\" hasdataaida=\"true\"\/><\/p>\n<p class=\"ft-helper-fontColor-quaternary ft-helper-fontSize-body-S ft-helper-spacer-t-xxs\">El Unicaja 2025\/2026 ya suda.  \/ Unicajab\/Photopress-Mariano Pozo<\/p>\n<p><img decoding=\"async\" src=\"https:\/\/www.europesays.com\/es\/wp-content\/uploads\/2025\/08\/b1549149-c8f5-4164-9700-0413fb34b93d_alta-libre-aspect-ratio_default_0.jpg\" width=\"1200\" height=\"1631\" alt=\"Webb III es uno de las cuatro caras nuevas de la temporada 2025\/2026.\" class=\"ft-helper-img-rd\" loading=\"lazy\" hasdataaida=\"true\"\/><\/p>\n<p class=\"ft-helper-fontColor-quaternary ft-helper-fontSize-body-S ft-helper-spacer-t-xxs\">Webb III es uno de las cuatro caras nuevas de la temporada 2025\/2026.  \/ Unicajab\/Photopress-Mariano Pozo<\/p>\n","protected":false},"excerpt":{"rendered":"El nuevo Unicaja 2025\/2026 ya es una realidad. Hasta dentro de unos d\u00edas no empezar\u00e1n los entrenamientos en&hellip;\n","protected":false},"author":2,"featured_media":55987,"comment_status":"","ping_status":"","sticky":false,"template":"","format":"standard","meta":{"footnotes":""},"categories":[269],"tags":[45,3076,5881,299,298,168,25,24,24113,2362,961,23,167,24111,2246,24112],"class_list":{"0":"post-55986","1":"post","2":"type-post","3":"status-publish","4":"format-standard","5":"has-post-thumbnail","7":"category-baloncesto","8":"tag-45","9":"tag-3076","10":"tag-arranca","11":"tag-baloncesto","12":"tag-basketball","13":"tag-deportes","14":"tag-es","15":"tag-espana","16":"tag-kendrick-perry","17":"tag-motor","18":"tag-pretemporada","19":"tag-spain","20":"tag-sports","21":"tag-sulejmanovic","22":"tag-unicaja","23":"tag-webb-iii"},"share_on_mastodon":{"url":"","error":""},"_links":{"self":[{"href":"https:\/\/www.europesays.com\/es\/wp-json\/wp\/v2\/posts\/55986","targetHints":{"allow":["GET"]}}],"collection":[{"href":"https:\/\/www.europesays.com\/es\/wp-json\/wp\/v2\/posts"}],"about":[{"href":"https:\/\/www.europesays.com\/es\/wp-json\/wp\/v2\/types\/post"}],"author":[{"embeddable":true,"href":"https:\/\/www.europesays.com\/es\/wp-json\/wp\/v2\/users\/2"}],"replies":[{"embeddable":true,"href":"https:\/\/www.europesays.com\/es\/wp-json\/wp\/v2\/comments?post=55986"}],"version-history":[{"count":0,"href":"https:\/\/www.europesays.com\/es\/wp-json\/wp\/v2\/posts\/55986\/revisions"}],"wp:featuredmedia":[{"embeddable":true,"href":"https:\/\/www.europesays.com\/es\/wp-json\/wp\/v2\/media\/55987"}],"wp:attachment":[{"href":"https:\/\/www.europesays.com\/es\/wp-json\/wp\/v2\/media?parent=55986"}],"wp:term":[{"taxonomy":"category","embeddable":true,"href":"https:\/\/www.europesays.com\/es\/wp-json\/wp\/v2\/categories?post=55986"},{"taxonomy":"post_tag","embeddable":true,"href":"https:\/\/www.europesays.com\/es\/wp-json\/wp\/v2\/tags?post=55986"}],"curies":[{"name":"wp","href":"https:\/\/api.w.org\/{rel}","templated":true}]}}